{"id":32735,"date":"2024-08-05T11:27:00","date_gmt":"2024-08-05T16:27:00","guid":{"rendered":"https:\/\/darkgoldenrod-ibex-179495.hostingersite.com\/?p=32735"},"modified":"2024-08-05T17:06:14","modified_gmt":"2024-08-05T22:06:14","slug":"pasos-para-hacer-deducciones-en-su-declaracion-de-renta","status":"publish","type":"post","link":"https:\/\/aclco.co\/en\/pasos-para-hacer-deducciones-en-su-declaracion-de-renta\/","title":{"rendered":"Pasos para hacer deducciones en su declaraci\u00f3n de renta por tener personas a su cargo"},"content":{"rendered":"<div data-elementor-type=\"wp-post\" data-elementor-id=\"32735\" class=\"elementor elementor-32735\" data-elementor-post-type=\"post\">\n\t\t\t\t<div class=\"elementor-element elementor-element-4fb1ef3 e-flex e-con-boxed e-con e-parent\" data-id=\"4fb1ef3\" data-element_type=\"container\" data-e-type=\"container\">\n\t\t\t\t\t<div class=\"e-con-inner\">\n\t\t\t\t<div class=\"elementor-element elementor-element-e2d721e elementor-widget elementor-widget-text-editor\" data-id=\"e2d721e\" data-element_type=\"widget\" data-e-type=\"widget\" data-widget_type=\"text-editor.default\">\n\t\t\t\t\t\t\t\t\t<div class=\"article-top container_col\"><h5 id=\"p609986-m573-1-574\" class=\"epigraph regular_lead1\"><strong style=\"font-size: 16px;\">La Dian permite ahora hacer estas deducciones si tiene a su cargo hasta cuatro personas que cumplan con ciertos requisitos.<\/strong><\/h5><p>A partir del\u00a012 de agosto\u00a0comienza el calendario para presentar la\u00a0declaraci\u00f3n de renta\u00a0ante la\u00a0<a href=\"https:\/\/darkgoldenrod-ibex-179495.hostingersite.com\/contraloria-advierte-millonarias-irregularidades-fiscales\/\" target=\"_blank\" rel=\"noopener\">Direcci\u00f3n de Impuestos y Aduanas Nacionales (Dian)<\/a>.<\/p><p>Cabe mencionar que cada contribuyente puede consultarle d\u00eda en el que debe declarar con los dos \u00faltimos d\u00edgitos de su\u00a0n\u00famero de identificaci\u00f3n tributaria (NIT), que, por lo general, tambi\u00e9n corresponde al de la c\u00e9dula de ciudadan\u00eda.<\/p><p>Si este a\u00f1o usted debe hacer este proceso ante la entidad aduanera y tributaria del pa\u00eds, es recomendable que vaya alistando una carpeta con varios documentos clave, tales como su Registro \u00danico Tributario (RUT) actualizado, el certificado de ingresos y retenciones laborales as\u00ed como aquellos que demuestren su patrimonio o inversiones, en caso de tenerlas, entre otros archivos.<\/p><h5 id=\"m251-250-252\" class=\"tiemposBold3\">Cambios en la declaraci\u00f3n<\/h5><p id=\"p610194-m258-6-259\" class=\"parrafo\" spellcheck=\"false\" data-lt-tmp-id=\"lt-798096\" data-gramm=\"false\">Para este 2024 se ver\u00e1n reflejados en las declaraciones de renta los cambios que trajo la\u00a0m\u00e1s reciente reforma tributaria, es decir, la aprobada a finales del 2022, meses despu\u00e9s de que Gustavo Petro asumiera la Presidencia, y que entr\u00f3 en vigencia en 2023.<\/p><p spellcheck=\"false\" data-lt-tmp-id=\"lt-798096\" data-gramm=\"false\">Quiz\u00e1 la novedad m\u00e1s importante es el ajuste que tendr\u00e1n los topes de rentas exentas y deducciones, o sea, que las personas no podr\u00e1n deducirse por tener cr\u00e9ditos de vivienda, medicina prepagada, realizar aportes a las cuantas de ahorro para el fomento de la construcci\u00f3n (AFC) o tener a cargo a dependientes, entre otros.<\/p><p spellcheck=\"false\" data-lt-tmp-id=\"lt-798096\" data-gramm=\"false\">Si bien anteriormente se pod\u00edan deducir hasta 5.040 unidades de valor tributario (UVT), lo que representa actualmente 237,2 millones de pesos, ahora solo podr\u00e1n hacerlo hasta las 1.340 UVT, o sea, cerca de 63 millones de pesos.<\/p><p id=\"p610194-m290-8-291\" class=\"parrafo\" spellcheck=\"false\" data-lt-tmp-id=\"lt-834271\" data-gramm=\"false\">\u201cEsto implica que los aportes realizados a AFC, intereses por cr\u00e9ditos hipotecarios, pagos a medicina prepagada y la renta exenta del 25 por ciento est\u00e1n limitados a un m\u00e1ximo total de 63 millones anuales, lo cual representa una restricci\u00f3n significativa que incrementar\u00e1 el pago de impuestos en las declaraciones\u201d, afirm\u00f3\u00a0Nicole R\u00edos, asociada directora de Derecho Tributario y Aduanero &amp; Comercio Exterior de CMS Rodr\u00edguez-Azuero, citada por EL TIEMPO<\/p><h5 id=\"m301-300-302\" class=\"tiemposBold3\"><strong>Ajustes en deducciones por dependientes<\/strong><\/h5><p id=\"p610194-m308-10-309\" class=\"parrafo\" spellcheck=\"false\" data-lt-tmp-id=\"lt-966045\" data-gramm=\"false\">La \u00faltima reforma tributaria trae consigo otros cambios,\u00a0tales como la posibilidad de que las personas podr\u00e1n acreditar hasta dos deducciones por dependientes econ\u00f3micos en su declaraci\u00f3n, siempre y cuando perciban rentas de trabajo.<\/p><p spellcheck=\"false\" data-lt-tmp-id=\"lt-966045\" data-gramm=\"false\">La primera deducci\u00f3n corresponde a la que exista en a\u00f1os previos, o sea,\u00a0el 10 % de los ingresos brutos hasta las 32 UVT mensuales (alrededor de 1,5 millones de pesos).<br \/><br \/>Y la nieva deducci\u00f3n, como cuenta\u00a0Andr\u00e9s Berm\u00fadez, director de Derecho Tributario de la firma Godoy C\u00f3rdoba, citado por EL TIEMPO, no afecta la retenci\u00f3n en la fuente y deja tomar 72 UVT (unos 3,3 millones de pesos) pro dependiente, con un m\u00e1ximo de hasta cuatro.<\/p><p spellcheck=\"false\" data-lt-tmp-id=\"lt-966045\" data-gramm=\"false\">Si bien la Dian sostuvo en principio que el contribuyente no se pod\u00eda beneficiar de ambas deducciones por un mismo dependiente, individual, el experto asegur\u00f3 que, finalmente, s\u00ed ser\u00eda posible hacerlo.<\/p><p id=\"p610194-m340-12-341\" class=\"parrafo\">\u201cCuando una persona tenga ingresos provenientes de una relaci\u00f3n laboral y legal o reglamentaria, se le permite aplicar ambas deducciones para un mismo dependiente. En otras palabras, puede acceder a ambos beneficios simult\u00e1neamente por un solo dependiente econ\u00f3mico\u201d, explic\u00f3.<\/p><h5 id=\"m351-350-352\" class=\"tiemposBold3\"><strong>\u00bfQu\u00e9 se considera como dependiente?<\/strong><\/h5><ol><li id=\"p610194-m358-14-359\" class=\"parrafo\" spellcheck=\"false\" data-lt-tmp-id=\"lt-474897\" data-gramm=\"false\">Los hijos del contribuyente que tengan hasta 18 a\u00f1os de edad.<\/li><li class=\"parrafo\" spellcheck=\"false\" data-lt-tmp-id=\"lt-474897\" data-gramm=\"false\">Los hijos del contribuyente entre 18 y 23 a\u00f1os, cuando el padre o la madre se encuentre financiando su educaci\u00f3n.<\/li><li class=\"parrafo\" spellcheck=\"false\" data-lt-tmp-id=\"lt-474897\" data-gramm=\"false\">Los hijos del contribuyente mayores de 18 a\u00f1os que se encuentren en situaci\u00f3n de dependencia, originada en factores f\u00edsicos o psicol\u00f3gicos que sean certificados por Medicina Legal.<\/li><li class=\"parrafo\" spellcheck=\"false\" data-lt-tmp-id=\"lt-474897\" data-gramm=\"false\">El c\u00f3nyuge o compa\u00f1ero permanente del contribuyente que se encuentre en situaci\u00f3n de dependencia ya sea por la ausencia de ingresos o que estos sean menores de 260 UVT.<\/li><li class=\"parrafo\" spellcheck=\"false\" data-lt-tmp-id=\"lt-474897\" data-gramm=\"false\">Los padres y los hermanos del contribuyente que se encuentren en situaci\u00f3n de dependencia, ya sea por la ausencia de ingresos o que estos sean menores de 260 UVT, o por dependencia originada por factores f\u00edsicos o psicol\u00f3gicos.<\/li><\/ol><h5 class=\"epigraph regular_lead1\"><strong style=\"font-size: 16px;\">Fuente: <a href=\"https:\/\/www.portafolio.co\/\" target=\"_blank\" rel=\"noopener\">Portafolio<\/a><\/strong><\/h5><\/div>\t\t\t\t\t\t\t\t<\/div>\n\t\t\t\t\t<\/div>\n\t\t\t\t<\/div>\n\t\t\t\t<\/div>","protected":false},"excerpt":{"rendered":"<p>La Dian permite ahora hacer estas deducciones si tiene a su cargo hasta cuatro personas que cumplan con ciertos requisitos. A partir del\u00a012 de agosto\u00a0comienza el calendario para presentar la\u00a0declaraci\u00f3n de renta\u00a0ante la\u00a0Direcci\u00f3n de Impuestos y Aduanas Nacionales (Dian). Cabe mencionar que cada contribuyente puede consultarle d\u00eda en el que debe declarar con los dos [&hellip;]<\/p>","protected":false},"author":4,"featured_media":32736,"comment_status":"open","ping_status":"open","sticky":false,"template":"","format":"standard","meta":{"_joinchat":[],"footnotes":""},"categories":[27,36,29],"tags":[],"class_list":["post-32735","post","type-post","status-publish","format-standard","has-post-thumbnail","hentry","category-noticias-acl","category-contabilidad","category-tributario"],"_links":{"self":[{"href":"https:\/\/aclco.co\/en\/wp-json\/wp\/v2\/posts\/32735","targetHints":{"allow":["GET"]}}],"collection":[{"href":"https:\/\/aclco.co\/en\/wp-json\/wp\/v2\/posts"}],"about":[{"href":"https:\/\/aclco.co\/en\/wp-json\/wp\/v2\/types\/post"}],"author":[{"embeddable":true,"href":"https:\/\/aclco.co\/en\/wp-json\/wp\/v2\/users\/4"}],"replies":[{"embeddable":true,"href":"https:\/\/aclco.co\/en\/wp-json\/wp\/v2\/comments?post=32735"}],"version-history":[{"count":4,"href":"https:\/\/aclco.co\/en\/wp-json\/wp\/v2\/posts\/32735\/revisions"}],"predecessor-version":[{"id":32741,"href":"https:\/\/aclco.co\/en\/wp-json\/wp\/v2\/posts\/32735\/revisions\/32741"}],"wp:featuredmedia":[{"embeddable":true,"href":"https:\/\/aclco.co\/en\/wp-json\/wp\/v2\/media\/32736"}],"wp:attachment":[{"href":"https:\/\/aclco.co\/en\/wp-json\/wp\/v2\/media?parent=32735"}],"wp:term":[{"taxonomy":"category","embeddable":true,"href":"https:\/\/aclco.co\/en\/wp-json\/wp\/v2\/categories?post=32735"},{"taxonomy":"post_tag","embeddable":true,"href":"https:\/\/aclco.co\/en\/wp-json\/wp\/v2\/tags?post=32735"}],"curies":[{"name":"wp","href":"https:\/\/api.w.org\/{rel}","templated":true}]}}