{"id":32742,"date":"2024-08-06T13:19:24","date_gmt":"2024-08-06T18:19:24","guid":{"rendered":"https:\/\/darkgoldenrod-ibex-179495.hostingersite.com\/?p=32742"},"modified":"2024-08-06T14:36:11","modified_gmt":"2024-08-06T19:36:11","slug":"quienes-verian-incrementos-en-el-pago-del-impuesto-a-la","status":"publish","type":"post","link":"https:\/\/aclco.co\/en\/quienes-verian-incrementos-en-el-pago-del-impuesto-a-la\/","title":{"rendered":"Qui\u00e9nes ver\u00edan incrementos en el pago del impuesto de renta para este a\u00f1o"},"content":{"rendered":"<div data-elementor-type=\"wp-post\" data-elementor-id=\"32742\" class=\"elementor elementor-32742\" data-elementor-post-type=\"post\">\n\t\t\t\t<div class=\"elementor-element elementor-element-4fb1ef3 e-flex e-con-boxed e-con e-parent\" data-id=\"4fb1ef3\" data-element_type=\"container\" data-e-type=\"container\">\n\t\t\t\t\t<div class=\"e-con-inner\">\n\t\t\t\t<div class=\"elementor-element elementor-element-e2d721e elementor-widget elementor-widget-text-editor\" data-id=\"e2d721e\" data-element_type=\"widget\" data-e-type=\"widget\" data-widget_type=\"text-editor.default\">\n\t\t\t\t\t\t\t\t\t<div class=\"article-top container_col\"><h5 id=\"p610506-m581-1-582\" class=\"epigraph regular_lead1\"><strong>Conozca los conceptos que le pueden aplicar si debe acercarse a la Dian este a\u00f1o para cumplir con esta obligaci\u00f3n.<\/strong><\/h5><p>A partir de\u00a012 de agosto\u00a0inician los plazos para que los colombianos realicen la declaraci\u00f3n de renta ante la\u00a0<a href=\"https:\/\/darkgoldenrod-ibex-179495.hostingersite.com\/procuraduria-investiga-a-funcionarios-de-la-dian-por\/\" target=\"_blank\" rel=\"noopener\">Direcci\u00f3n de Impuestos y Aduanas Nacionales (Dian)<\/a>.<\/p><p>Sin embargo, hay que tener en cuenta que, para este a\u00f1o, este proceso tendr\u00e1 varios cambios, que se encuentran consagrados en la\u00a0\u00faltima reforma tributaria, que entr\u00f3 en vigor el a\u00f1o pasado.<br \/><br \/>Entre las modificaciones indicadas en esta ley se encuentra la reducci\u00f3n de los l\u00edmites que se pueden aplicar los contribuyentes a sus rentas exentas y deducciones,\u00a0elevando as\u00ed la base sujeta a tributaci\u00f3n y, por consiguiente, el impuesto de renta en casos muy espec\u00edficos.<\/p><p>Si antes un empleado pod\u00eda tener\u00a0deducciones y rentas libres de hasta 191 millones de pesos, o\u00a05.040 Unidades de Valor Tributario (UVT), estos mismos beneficios ahora no podr\u00e1n superar los 57 millones de pesos, o 1.340 UVT, para el a\u00f1o gravable 2023.<\/p><p id=\"p610506-m625-4-626\" class=\"parrafo\">Vale la pena recordar que entre lo que se puede deducir un contribuyente para disminuir su base del impuesto est\u00e1 la medicina prepagada o los pagos hechos por intereses de cr\u00e9ditos para vivienda. De igual manera, cuanto el empleado tiene hijos o personas a su cargo y que re\u00fanan ciertas condiciones,\u00a0las cuentas de ahorro para el fomento a la construcci\u00f3n (AFC) o los aportes voluntarios que el trabajador realice a los fondos de pensiones, etc.<\/p><div id=\"p610506-m631-5-632\" class=\"highlighted\"><h5 id=\"m636-635-637\" class=\"tiemposBold3\"><strong>\u00bfEs igual para todos?<\/strong><\/h5><\/div><p id=\"p610506-m643-6-644\" class=\"parrafo\">Aunque estos cambios se aplicar\u00e1n en todos las declaraciones de renta, expertos afirman que esto tocar\u00e1 los bolsillos de las personas con mayores activos, o sea, ingresos.\u00a0\u00c1ngela Gonz\u00e1lez,\u00a0associate partner People Advisory Services de EY Colombia, en declaraciones para EL TIEMPO, asegura que esto podr\u00eda impactar a las que ingresan al mes alrededor de\u00a011 millones de pesos en adelante.<\/p><p>\u201cLa tributaci\u00f3n para determinadas personas aumentar\u00e1, en ciertos casos, de manera muy importante. Sin embargo, el impacto en el impuesto ser\u00e1 diferente dependiendo del nivel de ingresos y de los alivios por los que aplique\u201d, menciona la experta.<\/p><p id=\"p610506-m675-8-676\" class=\"parrafo\">Carolina Bobillier Ceballos, socia de la pr\u00e1ctica tributaria de G\u00f3mez &#8211; Pinz\u00f3n, en cambio, ejemplifica un sueldo de 15 millones de pesos que, de acuerdo con sus c\u00e1lculos, pasar\u00eda de pagar de 13,8 a 16,2 millones de pesos, o sea, su carga tributaria crecer\u00eda en un 14,61 %.<br \/><br \/>\u201cEn salarios m\u00e1s altos el efecto es exponencial, donde la tributaci\u00f3n se incrementa hasta en un 40 por ciento. El efecto fiscal se deriva de la reducci\u00f3n de los l\u00edmites y beneficios fiscales como deducciones y rentas exentas, incrementando las bases sujetas a tributaci\u00f3n\u201d, explica.<\/p><div id=\"p610506-m681-9-682\" class=\"highlighted\"><h5 id=\"m686-685-687\" class=\"tiemposBold3\"><strong>\u00bfEs evitable?<\/strong><\/h5><\/div><p id=\"p610506-m693-10-694\" class=\"parrafo\">Una planificaci\u00f3n tributaria adecuada y ordenada siempre serpa fundamental al momento de presentar la declaraci\u00f3n de renta. Es por ello que los expertos recomiendan revisar todas las herramientas y opciones vigentes en la Ley que se pueden deducir, como la medicina prepagada, las cuentas AFC o los fondos voluntarios.\u00a0Esto no impide que el impuesto incremente, pero puede disminuir su crecimiento.<\/p><p>Seg\u00fan explica Gonz\u00e1lez, una opci\u00f3n viable puede ser revisar los nuevos alivios asociados a dependientes econ\u00f3micos,\u00a0pues si bien anteriormente se permit\u00eda la deducci\u00f3n por uno solo, en la reforma se modific\u00f3 y ahora se podr\u00e1 hacer hasta por cuatro.<\/p><p>De igual manera, los expertos aconsejan mirar las compras hechas el a\u00f1o pasado y que tienen el soporte de la facturaci\u00f3n electr\u00f3nica. Y es que con el objetivo este tipo de facturaci\u00f3n, tambi\u00e9n se incluy\u00f3 un art\u00edculo que permite deducir hasta el 1 % del valor de lo adquirido en los diferentes comercios.<br \/><br \/>Seg\u00fan explica Gonz\u00e1lez, para el caso del impuesto de renta del a\u00f1o pasado,\u00a0el tope al que se puede llegar el mencionado 1 % es de aproximadamente 10 millones de pesos y para este a\u00f1o ser\u00e1 de unos 11 millones de pesos.<\/p><p>La experta da un ejemplo: si un contribuyente con un ingreso mensual de 10 millones de pesos destina el 10 % a compras sujetas a este beneficio,\u00a0tendr\u00e1 una disminuci\u00f3n de 40.000 pesos en el saldo a pagar en su declaraci\u00f3n. En cambio, si este porcentaje es del 30 %, la reducci\u00f3n ser\u00e1 de 119.000 pesos y si utiliza el 50 %, de 198.000 pesos.<\/p><p>Para que la factura tenga validez deber\u00e1n cumplirse varios requisitos, como que se emita a nombre de la persona que presente la declaraci\u00f3n, que la compra se haya pagado a trav\u00e9s de\u00a0tarjeta de d\u00e9bito, cr\u00e9dito o medio electr\u00f3nico, y que no origine alg\u00fan otro alivio o beneficio tributario.<br \/><br \/>\u201cT\u00e9cnicamente, hay que conservar las facturas electr\u00f3nicas, pues son ellas las que constituyen el soporte id\u00f3neo de la deducci\u00f3n y podr\u00edan llegar a ser requeridas en eventuales auditor\u00edas. Ahora bien, la informaci\u00f3n que pueden consultar los contribuyentes en el portal de la Dian es una excelente ayuda cuando no se cuenta con la consolidaci\u00f3n de esas facturas, pero no exime de contar con los soportes\u201d, manifest\u00f3 Gonz\u00e1lez para EL TIEMPO.<\/p><p>Bobillier, en ambos, explica que existen otros m\u00e9todos legales que pueden representar un alivio financiero, entre tanto no constituyen un ingreso al trabajador. Entre ello, menciona los pagos indirectos por salud, alimentaci\u00f3n o los cr\u00e9ditos condonables o becas de estudio. \u00abHay un verdadero alivio en la carga fiscal de los trabajadores, pues las sumas pagadas por estos conceptos no har\u00e1n parte de la base sujeta a impuesto sobre la renta o retenci\u00f3n del trabajador\u201d, asegur\u00f3 para el mismo diario.<\/p><div id=\"p610506-m781-16-782\" class=\"highlighted\"><h5 id=\"m786-785-787\" class=\"tiemposBold3\"><strong>\u00bfQu\u00e9 pasar\u00e1 con la retenci\u00f3n en la fuente?<\/strong><\/h5><\/div><p id=\"p610506-m793-17-794\" class=\"parrafo\">Al momento de presentar la declaraci\u00f3n de renta, tambi\u00e9n es importante reconocer qu\u00e9 tanto le retiene la Dana por adelantado por concepto de retenci\u00f3n en la fuente el a\u00f1o pasado.<br \/><br \/>Y es que a todos los contribuyentes con salarios iguales o superiores a los 6,5 millones de pesos este a\u00f1o, la entidad les aplic\u00f3 esta retenci\u00f3n anticipada de manera mensual en su salario (cabe mencionar que esta cifra puede variar en funci\u00f3n de si el trabajador baj\u00f3 su base gravable o no).<\/p><p>Los expertos, de hecho,\u00a0sugieren hacer retenciones voluntarias para que el golpe so sea tan fuerte, sin embargo, es una decisi\u00f3n personal.<\/p><p id=\"p610506-m823-19-824\" class=\"parrafo\">\u201cDesde el 2023 muchos trabajadores tuvieron un aumento en la retenci\u00f3n en la fuente que se les descont\u00f3, debido a las modificaciones de la tributaria. A pesar de eso, no necesariamente esa retenci\u00f3n cubrir\u00e1 la totalidad del impuesto final que se determina a trav\u00e9s de esta declaraci\u00f3n de renta\u201d, sentenci\u00f3 Gonz\u00e1lez.<\/p><div id=\"p610506-m829-20-830\" class=\"highlighted\"><h5 id=\"m834-833-835\" class=\"tiemposBold3\"><strong>Dividendos y ganancias ocasionales<\/strong><\/h5><\/div><p id=\"p610506-m841-21-842\" class=\"parrafo\">Andr\u00e9s Berm\u00fadez, director de Derecho Tributario de la firma Godoy C\u00f3rdoba, explic\u00f3 para EL TIEMPO que las ganancias ocasionales tiene un aumento en la tarifa aplicable, hasta el 2022 era del 10 %, pero ahora es del 15 %.<\/p><p>Por otro lado, menciona que los dividendos antes estaban sujetos a una del 10 %, pero,\u00a0a partir del 2023, son tarifas progresivas que van desde el 39 %. En algunos casos, se podr\u00eda aplicar un descuento fiscal del 19 %.<br \/><br \/>\u201cLos dividendos se sujetaban antes a un sistema independiente de depuraci\u00f3n. Tras la tributaria, se agregan a las dem\u00e1s c\u00e9dulas para aplicar una sola tarifa. En la mayor\u00eda de los casos, esto incrementa el valor del impuesto\u201d, afirm\u00f3.<\/p><h5 class=\"epigraph regular_lead1\"><strong style=\"font-size: 16px;\">Fuente: <a href=\"https:\/\/www.portafolio.co\/\" target=\"_blank\" rel=\"noopener\">Portafolio<\/a><\/strong><\/h5><\/div>\t\t\t\t\t\t\t\t<\/div>\n\t\t\t\t\t<\/div>\n\t\t\t\t<\/div>\n\t\t\t\t<\/div>","protected":false},"excerpt":{"rendered":"<p>Conozca los conceptos que le pueden aplicar si debe acercarse a la Dian este a\u00f1o para cumplir con esta obligaci\u00f3n. A partir de\u00a012 de agosto\u00a0inician los plazos para que los colombianos realicen la declaraci\u00f3n de renta ante la\u00a0Direcci\u00f3n de Impuestos y Aduanas Nacionales (Dian). Sin embargo, hay que tener en cuenta que, para este a\u00f1o, [&hellip;]<\/p>","protected":false},"author":4,"featured_media":32743,"comment_status":"open","ping_status":"open","sticky":false,"template":"","format":"standard","meta":{"_joinchat":[],"footnotes":""},"categories":[27,36,29],"tags":[],"class_list":["post-32742","post","type-post","status-publish","format-standard","has-post-thumbnail","hentry","category-noticias-acl","category-contabilidad","category-tributario"],"_links":{"self":[{"href":"https:\/\/aclco.co\/en\/wp-json\/wp\/v2\/posts\/32742","targetHints":{"allow":["GET"]}}],"collection":[{"href":"https:\/\/aclco.co\/en\/wp-json\/wp\/v2\/posts"}],"about":[{"href":"https:\/\/aclco.co\/en\/wp-json\/wp\/v2\/types\/post"}],"author":[{"embeddable":true,"href":"https:\/\/aclco.co\/en\/wp-json\/wp\/v2\/users\/4"}],"replies":[{"embeddable":true,"href":"https:\/\/aclco.co\/en\/wp-json\/wp\/v2\/comments?post=32742"}],"version-history":[{"count":4,"href":"https:\/\/aclco.co\/en\/wp-json\/wp\/v2\/posts\/32742\/revisions"}],"predecessor-version":[{"id":32748,"href":"https:\/\/aclco.co\/en\/wp-json\/wp\/v2\/posts\/32742\/revisions\/32748"}],"wp:featuredmedia":[{"embeddable":true,"href":"https:\/\/aclco.co\/en\/wp-json\/wp\/v2\/media\/32743"}],"wp:attachment":[{"href":"https:\/\/aclco.co\/en\/wp-json\/wp\/v2\/media?parent=32742"}],"wp:term":[{"taxonomy":"category","embeddable":true,"href":"https:\/\/aclco.co\/en\/wp-json\/wp\/v2\/categories?post=32742"},{"taxonomy":"post_tag","embeddable":true,"href":"https:\/\/aclco.co\/en\/wp-json\/wp\/v2\/tags?post=32742"}],"curies":[{"name":"wp","href":"https:\/\/api.w.org\/{rel}","templated":true}]}}