{"id":32756,"date":"2024-08-13T12:52:57","date_gmt":"2024-08-13T17:52:57","guid":{"rendered":"https:\/\/darkgoldenrod-ibex-179495.hostingersite.com\/?p=32756"},"modified":"2024-08-14T10:34:34","modified_gmt":"2024-08-14T15:34:34","slug":"vive-en-el-exterior-y-debe-declarar-renta-esto-es-todo-lo","status":"publish","type":"post","link":"https:\/\/aclco.co\/en\/vive-en-el-exterior-y-debe-declarar-renta-esto-es-todo-lo\/","title":{"rendered":"\u00bfVive en el exterior y debe declarar alquiler? Esto es todo lo que debe tener en cuenta"},"content":{"rendered":"<div data-elementor-type=\"wp-post\" data-elementor-id=\"32756\" class=\"elementor elementor-32756\" data-elementor-post-type=\"post\">\n\t\t\t\t<div class=\"elementor-element elementor-element-4fb1ef3 e-flex e-con-boxed e-con e-parent\" data-id=\"4fb1ef3\" data-element_type=\"container\" data-e-type=\"container\">\n\t\t\t\t\t<div class=\"e-con-inner\">\n\t\t\t\t<div class=\"elementor-element elementor-element-e2d721e elementor-widget elementor-widget-text-editor\" data-id=\"e2d721e\" data-element_type=\"widget\" data-e-type=\"widget\" data-widget_type=\"text-editor.default\">\n\t\t\t\t\t\t\t\t\t<div class=\"article-top container_col\"><h5 class=\"article-top container_col\"><strong>\u00a0La Dian especifica los requisitos que deben cumplir las personas que residen en otro pa\u00eds para hacer este tr\u00e1mite.<\/strong><\/h5><p>Ya con el inicio del calendario para que los colombianos realicen su respectiva\u00a0declaraci\u00f3n de renta, cabe mencionar que no todas las personas llamadas a hacer este tr\u00e1mite exigido por la\u00a0<a href=\"https:\/\/darkgoldenrod-ibex-179495.hostingersite.com\/contraloria-advierte-millonarias-irregularidades-fiscales\/\" target=\"_blank\" rel=\"noopener\">Direcci\u00f3n de Impuestos y Aduanas Nacionales (Dian)<\/a>\u00a0deben hacerlo de la misma manera.<\/p><p>Para este mes de\u00a0agosto\u00a0las personas naturales que deben declarar son aquellas cuyo n\u00famero de c\u00e9dula de ciudadan\u00eda terminen en los\u00a0n\u00fameros del 01 al 26. Mientras que, para el mes de\u00a0septiembre, tendr\u00e1n que hacer este proceso aquellos cuyos n\u00fameros de c\u00e9dula acabe en los\u00a0n\u00fameros entre 27 a 66. En\u00a0octubre, lo har\u00e1n las personas cuyas c\u00e9dulas termine de los\u00a0n\u00fameros del 67 al 00.<\/p><div id=\"pnull-m255-4-256\" class=\"highlighted\"><h5 id=\"m260-259-261\" class=\"tiemposBold3\" spellcheck=\"false\" data-lt-tmp-id=\"lt-697798\" data-gramm=\"false\"><strong>Declaraci\u00f3n de renta para residentes en el exterior<\/strong><\/h5><\/div><p id=\"pnull-m268-5-269\" class=\"parrafo\" spellcheck=\"false\" data-lt-tmp-id=\"lt-830900\" data-gramm=\"false\">Seg\u00fan explica la Dian, existen varias condiciones para que los colombianos que viven en el exterior tengan que declarar renta en el pa\u00eds.<\/p><p>1. Permanecer de manera continua o discontinua en el pa\u00eds por m\u00e1s de 183 d\u00edas calendario. En estos se incluyen d\u00edas de entrada y salida del pa\u00eds, durante un periodo cualquiera de 365 d\u00edas calendario consecutivo. Siempre y cuando la permanencia continua o discontinua en el pa\u00eds recaiga sobre m\u00e1s de un a\u00f1o o periodo gravable, se considerar\u00e1 que la persona es residente a partir del segundo a\u00f1o o periodo gravable.<\/p><p>De igual manera, se pueden encontrar exentos de tributaci\u00f3n en el pa\u00eds en que se encuentran en misi\u00f3n respecto a toda o parte de sus rentas y ganancias ocasionales durante el respectivo a\u00f1o o periodo gravable.<\/p><p>2. Que su c\u00f3nyuge o compa\u00f1ero permanente no separado legalmente o sus hijos dependientes menores de edad tengan residencia en territorio colombiano.<\/p><p>3. Que el 50 % o m\u00e1s de sus ingresos sean de fuente colombiana.<\/p><p>4. Que el 50 % o m\u00e1s de sus bienes sean administrados en Colombia.<\/p><p>5. Que el 50 % o m\u00e1s de sus activos se entiendan pose\u00eddos en Colombia.<\/p><p>6. Que, habiendo sido requeridos por la Dian para ello, no acrediten su condici\u00f3n de residentes en el exterior para efectos tributarios.<\/p><p>7. Tener residencia fiscal en una jurisdicci\u00f3n calificada por el Gobierno Nacional como para\u00edso fiscal.<\/p><h5 class=\"epigraph regular_lead1\"><strong style=\"font-size: 16px;\">Fuente: <a href=\"https:\/\/www.portafolio.co\/\" target=\"_blank\" rel=\"noopener\">Portafolio<\/a><\/strong><\/h5><\/div>\t\t\t\t\t\t\t\t<\/div>\n\t\t\t\t\t<\/div>\n\t\t\t\t<\/div>\n\t\t\t\t<\/div>","protected":false},"excerpt":{"rendered":"<p>\u00a0La Dian especifica los requisitos que deben cumplir las personas que residen en otro pa\u00eds para hacer este tr\u00e1mite. Ya con el inicio del calendario para que los colombianos realicen su respectiva\u00a0declaraci\u00f3n de renta, cabe mencionar que no todas las personas llamadas a hacer este tr\u00e1mite exigido por la\u00a0Direcci\u00f3n de Impuestos y Aduanas Nacionales (Dian)\u00a0deben [&hellip;]<\/p>","protected":false},"author":4,"featured_media":32757,"comment_status":"open","ping_status":"open","sticky":false,"template":"","format":"standard","meta":{"_joinchat":[],"footnotes":""},"categories":[27,36,29],"tags":[],"class_list":["post-32756","post","type-post","status-publish","format-standard","has-post-thumbnail","hentry","category-noticias-acl","category-contabilidad","category-tributario"],"_links":{"self":[{"href":"https:\/\/aclco.co\/en\/wp-json\/wp\/v2\/posts\/32756","targetHints":{"allow":["GET"]}}],"collection":[{"href":"https:\/\/aclco.co\/en\/wp-json\/wp\/v2\/posts"}],"about":[{"href":"https:\/\/aclco.co\/en\/wp-json\/wp\/v2\/types\/post"}],"author":[{"embeddable":true,"href":"https:\/\/aclco.co\/en\/wp-json\/wp\/v2\/users\/4"}],"replies":[{"embeddable":true,"href":"https:\/\/aclco.co\/en\/wp-json\/wp\/v2\/comments?post=32756"}],"version-history":[{"count":9,"href":"https:\/\/aclco.co\/en\/wp-json\/wp\/v2\/posts\/32756\/revisions"}],"predecessor-version":[{"id":32768,"href":"https:\/\/aclco.co\/en\/wp-json\/wp\/v2\/posts\/32756\/revisions\/32768"}],"wp:featuredmedia":[{"embeddable":true,"href":"https:\/\/aclco.co\/en\/wp-json\/wp\/v2\/media\/32757"}],"wp:attachment":[{"href":"https:\/\/aclco.co\/en\/wp-json\/wp\/v2\/media?parent=32756"}],"wp:term":[{"taxonomy":"category","embeddable":true,"href":"https:\/\/aclco.co\/en\/wp-json\/wp\/v2\/categories?post=32756"},{"taxonomy":"post_tag","embeddable":true,"href":"https:\/\/aclco.co\/en\/wp-json\/wp\/v2\/tags?post=32756"}],"curies":[{"name":"wp","href":"https:\/\/api.w.org\/{rel}","templated":true}]}}