{"id":32783,"date":"2024-08-16T12:09:50","date_gmt":"2024-08-16T17:09:50","guid":{"rendered":"https:\/\/darkgoldenrod-ibex-179495.hostingersite.com\/?p=32783"},"modified":"2024-08-16T12:39:30","modified_gmt":"2024-08-16T17:39:30","slug":"trabajaran-el-festivo-dian-anuncia-jornada-especial","status":"publish","type":"post","link":"https:\/\/aclco.co\/en\/trabajaran-el-festivo-dian-anuncia-jornada-especial\/","title":{"rendered":"Trabajar\u00e1n el festivo: Dian anuncia jornada especial para declaraci\u00f3n de renta"},"content":{"rendered":"<div data-elementor-type=\"wp-post\" data-elementor-id=\"32783\" class=\"elementor elementor-32783\" data-elementor-post-type=\"post\">\n\t\t\t\t<div class=\"elementor-element elementor-element-4fb1ef3 e-flex e-con-boxed e-con e-parent\" data-id=\"4fb1ef3\" data-element_type=\"container\" data-e-type=\"container\">\n\t\t\t\t\t<div class=\"e-con-inner\">\n\t\t\t\t<div class=\"elementor-element elementor-element-e2d721e elementor-widget elementor-widget-text-editor\" data-id=\"e2d721e\" data-element_type=\"widget\" data-e-type=\"widget\" data-widget_type=\"text-editor.default\">\n\t\t\t\t\t\t\t\t\t<div class=\"article-top container_col\"><h5 id=\"pnull-m138-1-139\" class=\"epigraph regular_lead1\">Con esta medida se busca aliviar la contingencia que enfrenta la entidad con este proceso.<\/h5><p id=\"p611269-m731-730-732\" class=\"parrafo first-parrafo\">El pasado lunes arrancaron los vencimientos de plazos para la declaraci\u00f3n de renta, un proceso que deben cumplir m\u00e1s de seis millones de colombianos este a\u00f1o y es vital para calcular parte de los ingresos que recibir\u00e1 el pa\u00eds por este concepto.\u00a0No obstante, pese a los planes dispuestos por la Dian, una serie de fallas han generado traumatismos, afectando que algunas personas cumplan con este requisito.<\/p><p>Con el fin de solucionar estas fallas y ayudar a quienes se han visto afectados, las autoridades tributarias pusieron en marcha varias acciones como la instalaci\u00f3n de un Puesto de Mando Unificado, la habilitaci\u00f3n de un canal directo de quejas y reclamos y, ahora, la implementaci\u00f3n de turnos durante el puente festivo que est\u00e1 por venir.<\/p><p id=\"p611269-m805-5-806\" class=\"parrafo\">As\u00ed lo explic\u00f3 Jairo Orlando Villabona, director de la <a href=\"https:\/\/darkgoldenrod-ibex-179495.hostingersite.com\/declaracion-de-renta-2024-hasta-cuando-tengo-de-plazo\/\" target=\"_blank\" rel=\"noopener\">Direcci\u00f3n de Impuestos y Aduanas Nacionales<\/a>, quien cont\u00f3 que con el fin de asegurar la atenci\u00f3n oportuna y brindar acompa\u00f1amiento y orientaci\u00f3n a los contribuyentes para que puedan presentar oportunamente sus obligaciones tributarias,\u00a0habr\u00e1 atenci\u00f3n presencial en puntos de contacto del pa\u00eds durante el fin de semana festivo del 17 al 19 de agosto.<\/p><p id=\"p611269-m811-6-812\" class=\"parrafo\">Este funcionario agreg\u00f3 que con esto, basta que los contribuyentes interesados se acerquen al punto de contacto m\u00e1s cercano y soliciten la orientaci\u00f3n y apoyo del caso para culminar de manera adecuada el proceso de declaraci\u00f3n.<\/p><p id=\"p611269-m843-8-844\" class=\"parrafo\">\u201cDesde nuestro Puesto de Mando Unificado hemos trabajado sin descanso\u00a0para atender la contingencia por alta demanda de usuarios en nuestras plataformas, por lo que hemos dispuesto de un buen n\u00famero de funcionarios que est\u00e1n preparados para atender sus dudas y acompa\u00f1arlos en el proceso\u201d, precis\u00f3 Villabona Robayo.<\/p><p id=\"p611269-m849-9-850\" class=\"parrafo\">Respecto a la contingencia por alta demanda de usuarios en las plataformas de la entidad, el Director General reiter\u00f3 que \u201ctoda nuestra capacidad institucional est\u00e1 enfocada en garantizar la normalizaci\u00f3n tecnol\u00f3gica para facilitar este proceso a los contribuyentes, lo que ha permitido que a hoy se hayan recibido 860 mil declaraciones tributarias con un recaudo de $512 mil millones\u201d.<\/p><p id=\"p611269-m861-11-862\" class=\"parrafo\">De acuerdo a lo explicado por Jairo Orlando Villabona, en total ser\u00e1n 44 ciudades del pa\u00eds donde habr\u00e1 atenci\u00f3n durante los d\u00edas festivos que vienen, la cual ser\u00e1 totalmente gratuita y se enfocar\u00e1 principalmente\u00a0en que los contribuyentes finalicen el proceso de presentaci\u00f3n de sus declaraciones tributarias.<\/p><p id=\"p611269-m867-12-868\" class=\"parrafo\">\u201cLa invitaci\u00f3n a la ciudadan\u00eda es a consultar en las redes sociales y p\u00e1gina web de la entidad www.dian.gov.co los horarios y las sedes que har\u00e1n parte de esta jornada de atenci\u00f3n especial, para que se sumen a ella y puedan adelantar sus tr\u00e1mites tributarios\u201d, agreg\u00f3 el Director de la Dian.<\/p><p id=\"p611269-m873-13-874\" class=\"parrafo\">Esta autoridad cerr\u00f3 advirtiendo que, dada la importancia del proceso de declaraci\u00f3n\u00a0de renta, \u201cdesde el puesto de mando unificado, hemos trabajado sin descanso para atender la contingencia por alta demanda de usuarios en nuestras plataformas. Situaci\u00f3n que ha generado intermitencias en los procesos de creaci\u00f3n y actualizaci\u00f3n de la firma electr\u00f3nica y de los documentos para formalizaci\u00f3n de declaraciones\u201d.<\/p><p id=\"p611269-m905-15-906\" class=\"parrafo\">Entre las incidencias reportadas por los contribuyentes y contadores p\u00fablicos asesores de las personas naturales se encuentran errores al firmar la declaraci\u00f3n, largos tiempos de espera en la carga de la plataforma Muisca, fallas al guardar el borrador de la declaraci\u00f3n, inconsistencia en la informaci\u00f3n y cifras previamente guardadas, errores en el c\u00e1lculo del impuesto neto de renta y ca\u00eddas recurrentes de la plataforma Muisca.<\/p><p id=\"p611269-m911-16-912\" class=\"parrafo\">Ante esto la Dian record\u00f3 que viene trabajando de forma ininterrumpida junto con su proveedor tecnol\u00f3gico para optimizar los sistemas y se redobl\u00f3 el n\u00famero de servidores p\u00fablicos que atienden tr\u00e1mites de presentaci\u00f3n de declaraci\u00f3n de renta y de autenticaci\u00f3n de firma y se dispuso un No. 049 horario de atenci\u00f3n\u00a0adicional los s\u00e1bados durante todo el calendario de vencimientos, en los 56 puntos de contacto en todo el pa\u00eds.<\/p><h5 class=\"epigraph regular_lead1\"><strong style=\"font-size: 16px;\">Fuente: <a href=\"https:\/\/www.portafolio.co\/\" target=\"_blank\" rel=\"noopener\">Portafolio<\/a><\/strong><\/h5><\/div>\t\t\t\t\t\t\t\t<\/div>\n\t\t\t\t\t<\/div>\n\t\t\t\t<\/div>\n\t\t\t\t<\/div>","protected":false},"excerpt":{"rendered":"<p>Con esta medida se busca aliviar la contingencia que enfrenta la entidad con este proceso. El pasado lunes arrancaron los vencimientos de plazos para la declaraci\u00f3n de renta, un proceso que deben cumplir m\u00e1s de seis millones de colombianos este a\u00f1o y es vital para calcular parte de los ingresos que recibir\u00e1 el pa\u00eds por [&hellip;]<\/p>","protected":false},"author":4,"featured_media":32784,"comment_status":"open","ping_status":"open","sticky":false,"template":"","format":"standard","meta":{"_joinchat":[],"footnotes":""},"categories":[27,36,29],"tags":[],"class_list":["post-32783","post","type-post","status-publish","format-standard","has-post-thumbnail","hentry","category-noticias-acl","category-contabilidad","category-tributario"],"_links":{"self":[{"href":"https:\/\/aclco.co\/en\/wp-json\/wp\/v2\/posts\/32783","targetHints":{"allow":["GET"]}}],"collection":[{"href":"https:\/\/aclco.co\/en\/wp-json\/wp\/v2\/posts"}],"about":[{"href":"https:\/\/aclco.co\/en\/wp-json\/wp\/v2\/types\/post"}],"author":[{"embeddable":true,"href":"https:\/\/aclco.co\/en\/wp-json\/wp\/v2\/users\/4"}],"replies":[{"embeddable":true,"href":"https:\/\/aclco.co\/en\/wp-json\/wp\/v2\/comments?post=32783"}],"version-history":[{"count":4,"href":"https:\/\/aclco.co\/en\/wp-json\/wp\/v2\/posts\/32783\/revisions"}],"predecessor-version":[{"id":32789,"href":"https:\/\/aclco.co\/en\/wp-json\/wp\/v2\/posts\/32783\/revisions\/32789"}],"wp:featuredmedia":[{"embeddable":true,"href":"https:\/\/aclco.co\/en\/wp-json\/wp\/v2\/media\/32784"}],"wp:attachment":[{"href":"https:\/\/aclco.co\/en\/wp-json\/wp\/v2\/media?parent=32783"}],"wp:term":[{"taxonomy":"category","embeddable":true,"href":"https:\/\/aclco.co\/en\/wp-json\/wp\/v2\/categories?post=32783"},{"taxonomy":"post_tag","embeddable":true,"href":"https:\/\/aclco.co\/en\/wp-json\/wp\/v2\/tags?post=32783"}],"curies":[{"name":"wp","href":"https:\/\/api.w.org\/{rel}","templated":true}]}}