{"id":32790,"date":"2024-08-19T11:42:17","date_gmt":"2024-08-19T16:42:17","guid":{"rendered":"https:\/\/darkgoldenrod-ibex-179495.hostingersite.com\/?p=32790"},"modified":"2024-08-20T12:41:17","modified_gmt":"2024-08-20T17:41:17","slug":"balance-del-primer-dia-de-la-jornada-especial-de-la-dian","status":"publish","type":"post","link":"https:\/\/aclco.co\/en\/balance-del-primer-dia-de-la-jornada-especial-de-la-dian\/","title":{"rendered":"Balance del primer d\u00eda de la jornada especial de la Dian sobre declaraci\u00f3n de renta"},"content":{"rendered":"<div data-elementor-type=\"wp-post\" data-elementor-id=\"32790\" class=\"elementor elementor-32790\" data-elementor-post-type=\"post\">\n\t\t\t\t<div class=\"elementor-element elementor-element-4fb1ef3 e-flex e-con-boxed e-con e-parent\" data-id=\"4fb1ef3\" data-element_type=\"container\" data-e-type=\"container\">\n\t\t\t\t\t<div class=\"e-con-inner\">\n\t\t\t\t<div class=\"elementor-element elementor-element-e2d721e elementor-widget elementor-widget-text-editor\" data-id=\"e2d721e\" data-element_type=\"widget\" data-e-type=\"widget\" data-widget_type=\"text-editor.default\">\n\t\t\t\t\t\t\t\t\t<div class=\"article-top container_col\"><h5 id=\"p611383-m791-1-792\" class=\"epigraph regular_lead1\"><strong>Seg\u00fan la entidad, este s\u00e1bado fueron atendidos 6.840 tr\u00e1mites, en 44 ciudades del pa\u00eds.<\/strong><\/h5><p>Durante el primer d\u00eda de la jornada especial dispuesta por la <a href=\"https:\/\/darkgoldenrod-ibex-179495.hostingersite.com\/trabajaran-el-festivo-dian-anuncia-jornada-especial\/\" target=\"_blank\" rel=\"noopener\">Direcci\u00f3n de Impuestos y Aduanas Nacionales (Dian)<\/a> para los contribuyentes afectados en el tr\u00e1mite de la declaraci\u00f3n de renta por las contingencia tecnol\u00f3gica de la semana pasada, la entidad atendi\u00f3 6.840 tr\u00e1mites, en 44 ciudades del pa\u00eds.<\/p><p id=\"p611383-m815-3-816\" class=\"parrafo\">En el balance del primero de los tres d\u00edas de esta jornada,\u00a0la Dian inform\u00f3 que los tr\u00e1mites m\u00e1s solicitados durante este s\u00e1bado fueron la generaci\u00f3n o actualizaci\u00f3n del RUT y la generaci\u00f3n o actualizaci\u00f3n de firma electr\u00f3nica.\u00a0<\/p><p id=\"p611383-m821-4-822\" class=\"parrafo\">Cabe se\u00f1alar que la jornada continuar\u00e1 este domingo y lunes festivo 18 y 19 de agosto.\u00a0<\/p><p id=\"p611383-m833-6-834\" class=\"parrafo\">Tenga en cuenta que la entidad solo atender\u00e1 procesos asociados a declaraciones tributarias como son:\u00a0<\/p><ul><li id=\"p611383-m839-7-840\" class=\"parrafo\">Inscripci\u00f3n en el RUT<\/li><li class=\"parrafo\">Actualizaci\u00f3n del RUT<\/li><li class=\"parrafo\">Generaci\u00f3n y actualizaci\u00f3n de firma electr\u00f3nica<\/li><li class=\"parrafo\">Recuperaci\u00f3n de contrase\u00f1a<\/li><li class=\"parrafo\">Acompa\u00f1amiento a los contribuyentes para que hagan el tr\u00e1mite de declaraci\u00f3n en los kioscos de autogesti\u00f3n dispuestos en los puntos de contacto.<\/li><\/ul><h5 class=\"epigraph regular_lead1\"><strong style=\"font-size: 16px;\">Fuente: <a href=\"https:\/\/www.portafolio.co\/\" target=\"_blank\" rel=\"noopener\">Portafolio<\/a><\/strong><\/h5><\/div>\t\t\t\t\t\t\t\t<\/div>\n\t\t\t\t\t<\/div>\n\t\t\t\t<\/div>\n\t\t\t\t<\/div>","protected":false},"excerpt":{"rendered":"<p>Seg\u00fan la entidad, este s\u00e1bado fueron atendidos 6.840 tr\u00e1mites, en 44 ciudades del pa\u00eds. Durante el primer d\u00eda de la jornada especial dispuesta por la Direcci\u00f3n de Impuestos y Aduanas Nacionales (Dian) para los contribuyentes afectados en el tr\u00e1mite de la declaraci\u00f3n de renta por las contingencia tecnol\u00f3gica de la semana pasada, la entidad atendi\u00f3 [&hellip;]<\/p>","protected":false},"author":4,"featured_media":32791,"comment_status":"open","ping_status":"open","sticky":false,"template":"","format":"standard","meta":{"_joinchat":[],"footnotes":""},"categories":[27,36,29],"tags":[],"class_list":["post-32790","post","type-post","status-publish","format-standard","has-post-thumbnail","hentry","category-noticias-acl","category-contabilidad","category-tributario"],"_links":{"self":[{"href":"https:\/\/aclco.co\/en\/wp-json\/wp\/v2\/posts\/32790","targetHints":{"allow":["GET"]}}],"collection":[{"href":"https:\/\/aclco.co\/en\/wp-json\/wp\/v2\/posts"}],"about":[{"href":"https:\/\/aclco.co\/en\/wp-json\/wp\/v2\/types\/post"}],"author":[{"embeddable":true,"href":"https:\/\/aclco.co\/en\/wp-json\/wp\/v2\/users\/4"}],"replies":[{"embeddable":true,"href":"https:\/\/aclco.co\/en\/wp-json\/wp\/v2\/comments?post=32790"}],"version-history":[{"count":6,"href":"https:\/\/aclco.co\/en\/wp-json\/wp\/v2\/posts\/32790\/revisions"}],"predecessor-version":[{"id":32800,"href":"https:\/\/aclco.co\/en\/wp-json\/wp\/v2\/posts\/32790\/revisions\/32800"}],"wp:featuredmedia":[{"embeddable":true,"href":"https:\/\/aclco.co\/en\/wp-json\/wp\/v2\/media\/32791"}],"wp:attachment":[{"href":"https:\/\/aclco.co\/en\/wp-json\/wp\/v2\/media?parent=32790"}],"wp:term":[{"taxonomy":"category","embeddable":true,"href":"https:\/\/aclco.co\/en\/wp-json\/wp\/v2\/categories?post=32790"},{"taxonomy":"post_tag","embeddable":true,"href":"https:\/\/aclco.co\/en\/wp-json\/wp\/v2\/tags?post=32790"}],"curies":[{"name":"wp","href":"https:\/\/api.w.org\/{rel}","templated":true}]}}