{"id":32801,"date":"2024-08-20T12:42:07","date_gmt":"2024-08-20T17:42:07","guid":{"rendered":"https:\/\/darkgoldenrod-ibex-179495.hostingersite.com\/?p=32801"},"modified":"2024-08-20T12:51:02","modified_gmt":"2024-08-20T17:51:02","slug":"habra-impuesto-de-5x1000-en-el-proyecto-de-la-nueva","status":"publish","type":"post","link":"https:\/\/aclco.co\/en\/habra-impuesto-de-5x1000-en-el-proyecto-de-la-nueva\/","title":{"rendered":"\u00bfHabr\u00e1 impuesto de 5&#215;1.000 en el proyecto de la nueva reforma tributaria?"},"content":{"rendered":"<div data-elementor-type=\"wp-post\" data-elementor-id=\"32801\" class=\"elementor elementor-32801\" data-elementor-post-type=\"post\">\n\t\t\t\t<div class=\"elementor-element elementor-element-4fb1ef3 e-flex e-con-boxed e-con e-parent\" data-id=\"4fb1ef3\" data-element_type=\"container\" data-e-type=\"container\">\n\t\t\t\t\t<div class=\"e-con-inner\">\n\t\t\t\t<div class=\"elementor-element elementor-element-e2d721e elementor-widget elementor-widget-text-editor\" data-id=\"e2d721e\" data-element_type=\"widget\" data-e-type=\"widget\" data-widget_type=\"text-editor.default\">\n\t\t\t\t\t\t\t\t\t<div class=\"article-top container_col\"><div class=\"article-top container_col\"><h5 id=\"p611498-m953-1-954\" class=\"epigraph regular_lead1\"><strong>Seg\u00fan uno de los borradores de la iniciativa, se estar\u00eda contemplando elevar el 4 x 1.000. \u00bfQu\u00e9 dice el Gobierno sobre esta propuesta?<\/strong><\/h5><p>Antes del\u00a015 de septiembre de este a\u00f1o, el Gobierno Nacional radicar\u00e1 en el Congreso de la Rep\u00fablica la ley de financiamiento, conocida tambi\u00e9n como la <a href=\"https:\/\/darkgoldenrod-ibex-179495.hostingersite.com\/reforma-tributaria-academia-lanzo-cinco-propuestas-para\/\" target=\"_blank\" rel=\"noopener\">reforma tributaria 2.0<\/a>, con la que\u00a0se espera recaudar al menos $ 12 billones para amortiguar el servicio de la deuda que no se alcanzan en el presupuesto general.\u00a0<\/p><p id=\"p611498-m977-3-978\" class=\"parrafo\">As\u00ed lo confirm\u00f3 recientemente el ministro de Hacienda y Cr\u00e9dito P\u00fablico, Ricardo Bonilla, durante la presentaci\u00f3n del proyecto del Presupuesto General de la Naci\u00f3n de 2025, ante las comisiones econ\u00f3micas conjuntas de C\u00e1mara y Senado.<\/p><p id=\"p611498-m983-4-984\" class=\"parrafo\">Por eso,\u00a0el Gobierno ya se encuentra trabajando en la elaboraci\u00f3n del documento que presentar\u00e1 al Congreso para su an\u00e1lisis y aprobaci\u00f3n.\u00a0<\/p><p id=\"p611498-m989-5-990\" class=\"parrafo\">En la construcci\u00f3n del texto final, el portal\u00a0Valora Analitik\u00a0conoci\u00f3 un borrador del proyecto, en el que se estar\u00eda considerando elevar el impuesto del 4 x 1.000.\u00a0<\/p><p id=\"p611498-m1001-7-1002\" class=\"parrafo\">\u00abPuntualmente, se lee en la norma, este incremento se va a dar para el a\u00f1o 2025, pero en adelante volver\u00e1 a ser del orden del 4\u00d71.000, en los movimientos financieros\u00bb,\u00a0dice el informe de Valora Analitik.<\/p><p id=\"p611498-m1007-8-1008\" class=\"parrafo\">Al respecto, fuentes consultadas por Portafolio aseguran que el\u00a0articulado que se filtr\u00f3 fue propuesto por la Dian, quien hace parte de la mesa de trabajo en la construcci\u00f3n de la iniciativa.<\/p><p id=\"p611498-m1013-9-1014\" class=\"parrafo\">Por su parte, el Ministerio de Hacienda y Cr\u00e9dito P\u00fablico inform\u00f3 que\u00a0a\u00a0la fecha no existe un documento oficial que desarrolle los puntos que se presentar\u00e1n ante el Congreso de la Rep\u00fablica con la Ley de Financiamiento.<\/p><p id=\"p611498-m1019-10-1020\" class=\"parrafo\">Esta cartera tambi\u00e9n dijo que el equipo t\u00e9cnico de la entidad y expertos en temas de impuestos se encuentran en el proceso de redacci\u00f3n del Proyecto de Ley de Financiamiento, en l\u00ednea con el Presupuesto General de la Naci\u00f3n de 2025.<\/p><p id=\"p611498-m1025-11-1026\" class=\"parrafo\">Finalmente agregaron que el proyecto de Ley de Financiamiento no propondr\u00e1 ajustes en el Gravamen a los Movimientos Financieros (4&#215;1.000).<\/p><p id=\"p611498-m1057-13-1058\" class=\"parrafo\">La ley de financiamiento se radicar\u00e1 antes de la segunda semana de septiembre debido a que esta debe llegar al Congreso antes de que se discuta el monto del Presupuesto que ser\u00e1 a mediados del pr\u00f3ximo mes.<\/p><p id=\"p611498-m1069-15-1070\" class=\"parrafo\">Adem\u00e1s de la ley de financiamiento, para financiar las apropiaciones de gasto, el PGN contempla otros ingresos por $ 511 billones, de los cuales $ 319,1 billones provendr\u00e1n de ingresos corrientes, $ 162,8 billones de recursos de capital y $ 29,0 billones de fondos especiales y rentas parafiscales.<\/p><\/div><h5 class=\"epigraph regular_lead1\"><strong style=\"font-size: 16px;\">Fuente: <a href=\"https:\/\/www.portafolio.co\/\" target=\"_blank\" rel=\"noopener\">Portafolio<\/a><\/strong><\/h5><\/div>\t\t\t\t\t\t\t\t<\/div>\n\t\t\t\t\t<\/div>\n\t\t\t\t<\/div>\n\t\t\t\t<\/div>","protected":false},"excerpt":{"rendered":"<p>Seg\u00fan uno de los borradores de la iniciativa, se estar\u00eda contemplando elevar el 4 x 1.000. \u00bfQu\u00e9 dice el Gobierno sobre esta propuesta? Antes del\u00a015 de septiembre de este a\u00f1o, el Gobierno Nacional radicar\u00e1 en el Congreso de la Rep\u00fablica la ley de financiamiento, conocida tambi\u00e9n como la reforma tributaria 2.0, con la que\u00a0se espera [&hellip;]<\/p>","protected":false},"author":4,"featured_media":32798,"comment_status":"open","ping_status":"open","sticky":false,"template":"","format":"standard","meta":{"_joinchat":[],"footnotes":""},"categories":[27,36,29],"tags":[],"class_list":["post-32801","post","type-post","status-publish","format-standard","has-post-thumbnail","hentry","category-noticias-acl","category-contabilidad","category-tributario"],"_links":{"self":[{"href":"https:\/\/aclco.co\/en\/wp-json\/wp\/v2\/posts\/32801","targetHints":{"allow":["GET"]}}],"collection":[{"href":"https:\/\/aclco.co\/en\/wp-json\/wp\/v2\/posts"}],"about":[{"href":"https:\/\/aclco.co\/en\/wp-json\/wp\/v2\/types\/post"}],"author":[{"embeddable":true,"href":"https:\/\/aclco.co\/en\/wp-json\/wp\/v2\/users\/4"}],"replies":[{"embeddable":true,"href":"https:\/\/aclco.co\/en\/wp-json\/wp\/v2\/comments?post=32801"}],"version-history":[{"count":4,"href":"https:\/\/aclco.co\/en\/wp-json\/wp\/v2\/posts\/32801\/revisions"}],"predecessor-version":[{"id":32805,"href":"https:\/\/aclco.co\/en\/wp-json\/wp\/v2\/posts\/32801\/revisions\/32805"}],"wp:featuredmedia":[{"embeddable":true,"href":"https:\/\/aclco.co\/en\/wp-json\/wp\/v2\/media\/32798"}],"wp:attachment":[{"href":"https:\/\/aclco.co\/en\/wp-json\/wp\/v2\/media?parent=32801"}],"wp:term":[{"taxonomy":"category","embeddable":true,"href":"https:\/\/aclco.co\/en\/wp-json\/wp\/v2\/categories?post=32801"},{"taxonomy":"post_tag","embeddable":true,"href":"https:\/\/aclco.co\/en\/wp-json\/wp\/v2\/tags?post=32801"}],"curies":[{"name":"wp","href":"https:\/\/api.w.org\/{rel}","templated":true}]}}