{"id":32840,"date":"2024-08-27T10:58:42","date_gmt":"2024-08-27T15:58:42","guid":{"rendered":"https:\/\/darkgoldenrod-ibex-179495.hostingersite.com\/?p=32840"},"modified":"2024-08-27T11:18:13","modified_gmt":"2024-08-27T16:18:13","slug":"declaracion-de-renta-cuales-ingresos-se-reportan-y-cuales","status":"publish","type":"post","link":"https:\/\/aclco.co\/en\/declaracion-de-renta-cuales-ingresos-se-reportan-y-cuales\/","title":{"rendered":"Declaraci\u00f3n de renta: \u00bfcu\u00e1les ingresos se reportan y cu\u00e1les no ante la Dian?"},"content":{"rendered":"<div data-elementor-type=\"wp-post\" data-elementor-id=\"32840\" class=\"elementor elementor-32840\" data-elementor-post-type=\"post\">\n\t\t\t\t<div class=\"elementor-element elementor-element-4fb1ef3 e-flex e-con-boxed e-con e-parent\" data-id=\"4fb1ef3\" data-element_type=\"container\" data-e-type=\"container\">\n\t\t\t\t\t<div class=\"e-con-inner\">\n\t\t\t\t<div class=\"elementor-element elementor-element-e2d721e elementor-widget elementor-widget-text-editor\" data-id=\"e2d721e\" data-element_type=\"widget\" data-e-type=\"widget\" data-widget_type=\"text-editor.default\">\n\t\t\t\t\t\t\t\t\t<div class=\"article-top container_col\"><h5 id=\"p611786-m498-1-499\" class=\"epigraph regular_lead1\"><strong>Este proceso arranc\u00f3 y las autoridades tributarias empezaron a requerir a millones de contribuyentes en el pa\u00eds.<\/strong><\/h5><p id=\"p611786-m460-459-461\" class=\"parrafo first-parrafo\">La <a href=\"https:\/\/darkgoldenrod-ibex-179495.hostingersite.com\/declaracion-de-renta-2024-asi-puede-conocer-si-debe\/\" target=\"_blank\" rel=\"noopener\">declaraci\u00f3n de renta<\/a> es un proceso tributario que genera muchas dudas entre los colombianos, pese a los a\u00f1os que se lleva implementando en todo el pa\u00eds, como un mecanismo de la Direcci\u00f3n de Impuestos y Aduanas Nacionales (Dian), para conocer qu\u00e9 personas deben pagar impuestos, para contribuir con sus ganancias\u00a0e ingresos al crecimiento econ\u00f3mico y al desarrollo de los programas estatales.<\/p><p id=\"p611786-m522-3-523\" class=\"parrafo\">Retenci\u00f3n en la fuente, ingresos, montos descontables o deducibilidad; son algunos de los t\u00e9rminos que generan confusi\u00f3n entre los ciudadanos, que en muchos casos prefieren recurrir a contadores para sacar adelante este requisito. Cabe resaltar que los cambios de la pasada reforma tributaria, impulsada por\u00a0el exministro Jos\u00e9 Antonio Ocampo, agregaron un poco de complejidad a este proceso.<\/p><p id=\"p611786-m534-5-535\" class=\"parrafo\">Otro elemento que genera dudas tiene que ver con los ingresos que se reportan y los que no, ya que hay exenciones y cada contribuyente es un caso que debe estudiarse de forma separada; siempre teniendo en cuenta que el desconocimiento de la norma no es excusa para incumplir o hacer mal la declaraci\u00f3n de renta y que estos errores pueden convertirse en sanciones muy caras si no se corrigen a tiempo.<\/p><div id=\"p611786-m540-6-541\" class=\"highlighted\"><h5 id=\"m545-544-546\" class=\"tiemposBold3\"><strong>\u00bfQu\u00e9 se declara?<\/strong><\/h5><\/div><p id=\"p611786-m552-7-553\" class=\"parrafo\">De acuerdo con el BBVA Research y la consultora Russell Bedford Colombia,\u00a0a la hora de realizar la declaraci\u00f3n de la renta, la Dian recoge los requisitos y condiciones dentro de una gu\u00eda que se actualiza de forma anual con las novedades y se encuentra en la p\u00e1gina web de esta autoridad tributaria.<\/p><p id=\"p611786-m584-9-585\" class=\"parrafo\">Adem\u00e1s, este organismo dispone qu\u00e9 requisitos deben darse para entrar en el grupo de declarantes, y con solo cumplir uno de ellos, se est\u00e1 obligado a presentar el documento. Para asalariados, personas naturales y sucesiones il\u00edquidas, los montos se calculan a partir de la Unidad de Valor Tributario (UVT). Con ello, se establecen los siguientes montos:<\/p><ul><li id=\"p611786-m590-10-591\" class=\"parrafo\" spellcheck=\"false\" data-lt-tmp-id=\"lt-106944\" data-gramm=\"false\">Personas con un patrimonio bruto superior a $190.854.000 COP a 31 de diciembre de 2023.<\/li><li class=\"parrafo\" spellcheck=\"false\" data-lt-tmp-id=\"lt-106944\" data-gramm=\"false\">Con ingresos brutos iguales o superiores a $59.377.000 COP durante 2023.<\/li><li class=\"parrafo\" spellcheck=\"false\" data-lt-tmp-id=\"lt-106944\" data-gramm=\"false\">Pagos con tarjeta de cr\u00e9dito superiores a $59.377.000 COP durante el a\u00f1o 2023.<\/li><li class=\"parrafo\" spellcheck=\"false\" data-lt-tmp-id=\"lt-106944\" data-gramm=\"false\">Compras y consumos superiores a $59.377.000 COP durante el a\u00f1o 2023.<\/li><li class=\"parrafo\" spellcheck=\"false\" data-lt-tmp-id=\"lt-106944\" data-gramm=\"false\">Personas que realizaron consignaciones bancarias, dep\u00f3sitos o inversiones financieras por valor total acumulado superior a $59.377.000 COP durante el a\u00f1o 2023.<\/li><li class=\"parrafo\" spellcheck=\"false\" data-lt-tmp-id=\"lt-106944\" data-gramm=\"false\">Personas responsables del Impuesto Sobre las Ventas &#8211; IVA\u00a0al cierre del a\u00f1o gravable 2023.<\/li><\/ul><p id=\"p611786-m608-13-609\" class=\"parrafo\">\u201cHasta el pr\u00f3ximo 24 de octubre, los colombianos tendr\u00e1n que entregar su declaraci\u00f3n\u00a0de la renta. Se trata de un tributo fiscal que consiste en pagar un porcentaje de los ingresos que una persona jur\u00eddica o natural ha tenido en un a\u00f1o. En 2024 se declarar\u00e1 la renta obtenida un a\u00f1o antes, es decir, 2023\u201d, dijeron estos expertos.<\/p><div id=\"p611786-m614-14-615\" class=\"highlighted\"><h5 id=\"m619-618-620\" class=\"tiemposBold3\"><strong>Ingresos que no se declaran<\/strong><\/h5><\/div><p id=\"p611786-m626-15-627\" class=\"parrafo\">El Decreto 1625 de 2016, que modifica el Decreto \u00danico Reglamentario del Sector Tributario, establece qu\u00e9 aportes no deben ser declarados en el impuesto de renta. Entre estos, se destacan los aportes a una cuenta de ahorro para el fomento de la construcci\u00f3n (AFC), siempre que no superen los 3.800 UVT, equivalentes a $161.165.600. Este incentivo fiscal busca fomentar la inversi\u00f3n en vivienda, permitiendo a los contribuyentes ahorrar de manera efectiva.<\/p><p id=\"p611786-m658-17-659\" class=\"parrafo\">Adem\u00e1s, los auxilios de cesant\u00edas y los intereses sobre estas tambi\u00e9n est\u00e1n exentos\u00a0de declaraci\u00f3n, siempre y cuando el salario del trabajador en los \u00faltimos seis meses no exceda los 350 UVT, o $14.844.200. Esto protege a los trabajadores con ingresos m\u00e1s bajos, garantizando que las cesant\u00edas, que son un derecho laboral importante, no se vean afectadas por impuestos adicionales, y se mantenga su funci\u00f3n de ahorro y seguridad.<\/p><p id=\"p611786-m664-18-665\" class=\"parrafo\">Las indemnizaciones por accidente de trabajo, enfermedad, protecci\u00f3n por maternidad, y gastos de entierro del trabajador tampoco deben ser declaradas. Asimismo, las pensiones por jubilaci\u00f3n, invalidez, vejez, sobrevivientes y riesgos profesionales est\u00e1n exentas de impuestos hasta 1997. A partir de 1998, solo estar\u00e1n gravadas aquellas que superen los 1.000 UVT ($42.412.000) en su pago mensual, protegiendo as\u00ed a los pensionados con menores ingresos.<\/p><div id=\"articulocontenido\" class=\"article-content\"><p id=\"p611786-m676-20-677\" class=\"parrafo\">Otros beneficios, como los seguros o compensaciones por muerte y las prestaciones sociales para miembros de las Fuerzas Militares y de Polic\u00eda, tanto activos como en retiro, tambi\u00e9n est\u00e1n exentos de impuestos. Asimismo, los gastos de representaci\u00f3n para magistrados, fiscales, procuradores judiciales, jueces, rectores y profesores de universidades p\u00fablicas tienen exenciones espec\u00edficas, con porcentajes del 25% al 50% del salario, dependiendo del cargo, para aliviar la carga fiscal sobre estos servidores p\u00fablicos.<\/p><\/div><\/div><p><strong>Fuente: <a href=\"https:\/\/www.portafolio.co\/\" target=\"_blank\" rel=\"noopener\">Portafolio<\/a><\/strong><\/p>\t\t\t\t\t\t\t\t<\/div>\n\t\t\t\t\t<\/div>\n\t\t\t\t<\/div>\n\t\t\t\t<\/div>","protected":false},"excerpt":{"rendered":"<p>Este proceso arranc\u00f3 y las autoridades tributarias empezaron a requerir a millones de contribuyentes en el pa\u00eds. La declaraci\u00f3n de renta es un proceso tributario que genera muchas dudas entre los colombianos, pese a los a\u00f1os que se lleva implementando en todo el pa\u00eds, como un mecanismo de la Direcci\u00f3n de Impuestos y Aduanas Nacionales [&hellip;]<\/p>","protected":false},"author":4,"featured_media":32841,"comment_status":"open","ping_status":"open","sticky":false,"template":"","format":"standard","meta":{"_joinchat":[],"footnotes":""},"categories":[27,36,29],"tags":[],"class_list":["post-32840","post","type-post","status-publish","format-standard","has-post-thumbnail","hentry","category-noticias-acl","category-contabilidad","category-tributario"],"_links":{"self":[{"href":"https:\/\/aclco.co\/en\/wp-json\/wp\/v2\/posts\/32840","targetHints":{"allow":["GET"]}}],"collection":[{"href":"https:\/\/aclco.co\/en\/wp-json\/wp\/v2\/posts"}],"about":[{"href":"https:\/\/aclco.co\/en\/wp-json\/wp\/v2\/types\/post"}],"author":[{"embeddable":true,"href":"https:\/\/aclco.co\/en\/wp-json\/wp\/v2\/users\/4"}],"replies":[{"embeddable":true,"href":"https:\/\/aclco.co\/en\/wp-json\/wp\/v2\/comments?post=32840"}],"version-history":[{"count":4,"href":"https:\/\/aclco.co\/en\/wp-json\/wp\/v2\/posts\/32840\/revisions"}],"predecessor-version":[{"id":32846,"href":"https:\/\/aclco.co\/en\/wp-json\/wp\/v2\/posts\/32840\/revisions\/32846"}],"wp:featuredmedia":[{"embeddable":true,"href":"https:\/\/aclco.co\/en\/wp-json\/wp\/v2\/media\/32841"}],"wp:attachment":[{"href":"https:\/\/aclco.co\/en\/wp-json\/wp\/v2\/media?parent=32840"}],"wp:term":[{"taxonomy":"category","embeddable":true,"href":"https:\/\/aclco.co\/en\/wp-json\/wp\/v2\/categories?post=32840"},{"taxonomy":"post_tag","embeddable":true,"href":"https:\/\/aclco.co\/en\/wp-json\/wp\/v2\/tags?post=32840"}],"curies":[{"name":"wp","href":"https:\/\/api.w.org\/{rel}","templated":true}]}}