{"id":32894,"date":"2024-09-05T10:15:10","date_gmt":"2024-09-05T15:15:10","guid":{"rendered":"https:\/\/darkgoldenrod-ibex-179495.hostingersite.com\/?p=32894"},"modified":"2024-09-05T10:43:57","modified_gmt":"2024-09-05T15:43:57","slug":"la-deuda-mas-grande-esta-relacionada-con-el-aumento-del","status":"publish","type":"post","link":"https:\/\/aclco.co\/en\/la-deuda-mas-grande-esta-relacionada-con-el-aumento-del\/","title":{"rendered":"La deuda m\u00e1s grande est\u00e1 relacionada con el aumento del precio de combustibles"},"content":{"rendered":"<div data-elementor-type=\"wp-post\" data-elementor-id=\"32894\" class=\"elementor elementor-32894\" data-elementor-post-type=\"post\">\n\t\t\t\t<div class=\"elementor-element elementor-element-4fb1ef3 e-flex e-con-boxed e-con e-parent\" data-id=\"4fb1ef3\" data-element_type=\"container\" data-e-type=\"container\">\n\t\t\t\t\t<div class=\"e-con-inner\">\n\t\t\t\t<div class=\"elementor-element elementor-element-e2d721e elementor-widget elementor-widget-text-editor\" data-id=\"e2d721e\" data-element_type=\"widget\" data-e-type=\"widget\" data-widget_type=\"text-editor.default\">\n\t\t\t\t\t\t\t\t\t<h5><strong>Desde Bogot\u00e1, Ricardo Bonilla, ministro de Hacienda y Cr\u00e9dito P\u00fablico, habl\u00f3 a los empresarios sobre los fundamentales del pa\u00eds<\/strong><\/h5><p>Durante el noveno Congreso Empresarial Colombiano, organizado por la Andi, el ministro de Hacienda, Ricardo Bonilla, dijo que el Gobierno est\u00e1 negociando hoy\u00a0\u00abla deuda m\u00e1s baja de lo podr\u00edamos haberla negociado, a pesar de haber perdido el grado de calificaci\u00f3n\u00bb.<\/p><p>\u00abDesde el <a href=\"https:\/\/darkgoldenrod-ibex-179495.hostingersite.com\/minhacienda-explica-el-plan-de-reactivacion-economica\/\" target=\"_blank\" rel=\"noopener\">MinHacienda<\/a> tenemos una certeza:\u00a0estamos pagando la deuda financiera que fue adquirida en el cupo de endeudamiento, que es exclusivamente en la deuda externa en 2021&#8243;, dijo.<\/p><p>Agreg\u00f3: \u00abLa deuda m\u00e1s grande est\u00e1 relacionada con el aumento de los precios de los combustibles; en 2022 llegamos a la cumbre del d\u00e9ficit,\u00a0con $37 billones, que han tenido que ser cubiertos con el Presupuesto General de la Naci\u00f3n\u00bb.<\/p><p>El jefe de la cartera de Hacienda explic\u00f3 tambi\u00e9n que este a\u00f1o se est\u00e1 pagando la deuda del Fepc de 2023, que fue de $20 billones. \u00abEcopetrol nos manda una cuenta trimestral dici\u00e9ndonos cu\u00e1l es la diferencia de los precios\u00a0y qu\u00e9 le debemos pagar desde el Estado, eso se paga con un a\u00f1o de vencimiento\u00bb.<\/p><p><strong>Fuente: <a href=\"https:\/\/www.larepublica.co\/\" target=\"_blank\" rel=\"noopener\">La Rep\u00fablica<\/a><\/strong><\/p>\t\t\t\t\t\t\t\t<\/div>\n\t\t\t\t\t<\/div>\n\t\t\t\t<\/div>\n\t\t\t\t<\/div>","protected":false},"excerpt":{"rendered":"<p>Desde Bogot\u00e1, Ricardo Bonilla, ministro de Hacienda y Cr\u00e9dito P\u00fablico, habl\u00f3 a los empresarios sobre los fundamentales del pa\u00eds Durante el noveno Congreso Empresarial Colombiano, organizado por la Andi, el ministro de Hacienda, Ricardo Bonilla, dijo que el Gobierno est\u00e1 negociando hoy\u00a0\u00abla deuda m\u00e1s baja de lo podr\u00edamos haberla negociado, a pesar de haber perdido [&hellip;]<\/p>","protected":false},"author":4,"featured_media":32902,"comment_status":"open","ping_status":"open","sticky":false,"template":"","format":"standard","meta":{"_joinchat":[],"footnotes":""},"categories":[27,36,35],"tags":[],"class_list":["post-32894","post","type-post","status-publish","format-standard","has-post-thumbnail","hentry","category-noticias-acl","category-contabilidad","category-economia-finanzas"],"_links":{"self":[{"href":"https:\/\/aclco.co\/en\/wp-json\/wp\/v2\/posts\/32894","targetHints":{"allow":["GET"]}}],"collection":[{"href":"https:\/\/aclco.co\/en\/wp-json\/wp\/v2\/posts"}],"about":[{"href":"https:\/\/aclco.co\/en\/wp-json\/wp\/v2\/types\/post"}],"author":[{"embeddable":true,"href":"https:\/\/aclco.co\/en\/wp-json\/wp\/v2\/users\/4"}],"replies":[{"embeddable":true,"href":"https:\/\/aclco.co\/en\/wp-json\/wp\/v2\/comments?post=32894"}],"version-history":[{"count":8,"href":"https:\/\/aclco.co\/en\/wp-json\/wp\/v2\/posts\/32894\/revisions"}],"predecessor-version":[{"id":32907,"href":"https:\/\/aclco.co\/en\/wp-json\/wp\/v2\/posts\/32894\/revisions\/32907"}],"wp:featuredmedia":[{"embeddable":true,"href":"https:\/\/aclco.co\/en\/wp-json\/wp\/v2\/media\/32902"}],"wp:attachment":[{"href":"https:\/\/aclco.co\/en\/wp-json\/wp\/v2\/media?parent=32894"}],"wp:term":[{"taxonomy":"category","embeddable":true,"href":"https:\/\/aclco.co\/en\/wp-json\/wp\/v2\/categories?post=32894"},{"taxonomy":"post_tag","embeddable":true,"href":"https:\/\/aclco.co\/en\/wp-json\/wp\/v2\/tags?post=32894"}],"curies":[{"name":"wp","href":"https:\/\/api.w.org\/{rel}","templated":true}]}}