{"id":33004,"date":"2024-09-24T16:35:15","date_gmt":"2024-09-24T21:35:15","guid":{"rendered":"https:\/\/darkgoldenrod-ibex-179495.hostingersite.com\/?p=33004"},"modified":"2024-09-24T16:45:16","modified_gmt":"2024-09-24T21:45:16","slug":"potencial-de-recaudo-de-la-dian-se-habria-sobreestimado","status":"publish","type":"post","link":"https:\/\/aclco.co\/en\/potencial-de-recaudo-de-la-dian-se-habria-sobreestimado\/","title":{"rendered":"Potencial de recaudo de la Dian se habr\u00eda sobreestimado nuevamente en el Presupuesto"},"content":{"rendered":"<div data-elementor-type=\"wp-post\" data-elementor-id=\"33004\" class=\"elementor elementor-33004\" data-elementor-post-type=\"post\">\n\t\t\t\t<div class=\"elementor-element elementor-element-4fb1ef3 e-flex e-con-boxed e-con e-parent\" data-id=\"4fb1ef3\" data-element_type=\"container\" data-e-type=\"container\">\n\t\t\t\t\t<div class=\"e-con-inner\">\n\t\t\t\t<div class=\"elementor-element elementor-element-e2d721e elementor-widget elementor-widget-text-editor\" data-id=\"e2d721e\" data-element_type=\"widget\" data-e-type=\"widget\" data-widget_type=\"text-editor.default\">\n\t\t\t\t\t\t\t\t\t<div class=\"article-top container_col\"><div class=\"article-top container_col\"><div id=\"articulocontenido\" class=\"article-content\"><div class=\"article-top container_col\"><div id=\"articulocontenido\" class=\"article-content\"><div class=\"article-top container_col\"><div class=\"article-top container_col\"><div id=\"articulocontenido\" class=\"article-content\"><div class=\"article-top container_col\"><h5 id=\"p613963-m505-1-506\" class=\"epigraph regular_lead1\">La falta de personal y de equipos, as\u00ed como la din\u00e1mica econ\u00f3mica; son factores que juegan en contra de este objetivo.<\/h5><p id=\"p613340-m152-151-153\" class=\"parrafo first-parrafo\">El proyecto del <a href=\"https:\/\/darkgoldenrod-ibex-179495.hostingersite.com\/aprueban-en-primer-debate-el-monto-del-presupuesto\/\" target=\"_blank\" rel=\"noopener\">Presupuesto General de la Naci\u00f3n<\/a> para el pr\u00f3ximo a\u00f1o enfrenta una tormenta bastante fuerte en el Congreso de la Rep\u00fablica, ya que sus cuentas de ingresos no convencen y esto ha generado una divisi\u00f3n marcada en el Legislativo, donde por un lado se pide que haya un recorte de al menos $12 billones,\u00a0mientras que el Ministerio de Hacienda reitera que esto no suceder\u00e1, ya que se necesita toda la plata.<\/p><section class=\"block-mas-noticias\"><div class=\"mas-noticias-header\"><p id=\"p613340-m214-3-215\" class=\"parrafo\">De los $523 billones que pidi\u00f3 el Gobierno Petro, por lo menos $24,1 no cuentan con un sustento s\u00f3lido en los ingresos, ya que dependen de factores como la ley de financiamiento, adelantar la regla fiscal y de la eficiencia en el recaudo por parte de la Direcci\u00f3n de Impuestos y Aduanas Nacionales, entidad que se raj\u00f3 durante el primer semestre precisamente en esa materia y genera dudas hacia el futuro.<\/p><p id=\"p613340-m226-5-227\" class=\"parrafo\">Recientemente se han conocido varias alertas respecto a que la capacidad de la Dian\u00a0para recaudar impuestos se habr\u00eda sobreestimado nuevamente y que aunque las proyecciones presentadas este a\u00f1o son m\u00e1s aterrizadas que las del 2023, desconocen las problem\u00e1ticas que enfrenta la autoridad tributaria, principalmente por la falta de personal y equipos para hacer mejor su trabajo.<\/p><div id=\"p613340-m232-6-233\" class=\"highlighted\"><h5 id=\"m237-236-238\" class=\"tiemposBold3\"><strong>Revisi\u00f3n del Carf<\/strong><\/h5><\/div><p id=\"p613340-m244-7-245\" class=\"parrafo\">Uno de los primeros campanazos lleg\u00f3 desde el Comit\u00e9 Aut\u00f3nomo de Regla Fiscal (Carf), que en su an\u00e1lisis de proyecto de PGN 2025 pas\u00f3 revista al recaudo proyectado en $29 billones dentro del concepto de gesti\u00f3n de la Dian, que en sus c\u00e1lculos se aument\u00f3 en $14,8 billones respecto al Marco Fiscal de Mediano Plazo socializado a mitad de a\u00f1o.<\/p><p id=\"p613340-m276-9-277\" class=\"parrafo\">Por otra parte, en cuentas generales manifiesta que hay riesgos significativos en la proyecci\u00f3n de ingresos del Gobierno para 2025, resaltando que incluyen un incremento de $31 billones, de los cuales $14,6 billones dependen de una mayor capacidad de recaudo de la Direcci\u00f3n de Impuestos y en este\u00a0sentido sostiene que el incremento es un riesgo elevado en t\u00e9rminos de factibilidad.<\/p><p id=\"p613340-m282-10-283\" class=\"parrafo\">\u201cLa incorporaci\u00f3n de personal en la Dian, clave para el incremento en la recaudaci\u00f3n, solo ha alcanzado el 51% a junio de 2024, y se proyecta cubrir el 66% a diciembre de 2024. Dado este ritmo, se espera completar el personal necesario en 2026, lo que podr\u00eda retrasar el impacto positivo en el recaudo proyectado para 2025. Adem\u00e1s, se requerir\u00e1 m\u00e1s tiempo para implementar los sistemas tecnol\u00f3gicos avanzados\u201d, explicaron.<\/p><p id=\"p613340-m294-12-295\" class=\"parrafo\">Con base en esto plantea que el concepto de \u201crecaudo por gesti\u00f3n\u201d, actualmente genera un riesgo de desfinanciaci\u00f3n al Presupuesto en m\u00e1s de $22 billones, ya que de los $29 que tienen pensado conseguir, el Carf cree que \u00fanicamente quedar\u00eda en $6 billones, con lo cual se agrandar\u00eda el hueco fiscal para el otro a\u00f1o y se podr\u00eda repetir el escenario de recorte que se origin\u00f3 en junio por la ca\u00edda de los ingresos de litigios y arbitramentos.<\/p><p id=\"p613340-m300-13-301\" class=\"parrafo\">\u201cEl supuesto de recaudo por mayor gesti\u00f3n de la Dian para 2025, aunque factible en el mediano plazo, presenta un riesgo importante en el corto plazo, en vista de la demora en la incorporaci\u00f3n de personal y la ampliaci\u00f3n del cronograma para la modernizaci\u00f3n tecnol\u00f3gica de la entidad\u201d, concluy\u00f3 el Carf.<\/p><div id=\"p613340-m306-14-307\" class=\"highlighted\"><h5 id=\"m311-310-312\" class=\"tiemposBold3\"><strong>N\u00fameros en rojo<\/strong><\/h5><\/div><p id=\"p613340-m318-15-319\" class=\"parrafo\">Partiendo de los $22,6 billones calculados por el Carf, el exviceministro de Hacienda Andr\u00e9s Pardo dice que el hueco es m\u00e1s grande de lo que se piensa, ya que a estos se deben sumar los rubros que dependen\u00a0de la ley de financiamiento, con lo que las cuentas en d\u00e9ficit alcanzan a tocar los $40 billones.<\/p><p id=\"p613340-m350-17-351\" class=\"parrafo\">\u201cEl proyecto de presupuesto para 2025 incluye 28,6 billones de mayor recaudo por gesti\u00f3n de la Dian (1,7% del PIB), superior a los $14 billones (0,8% del PIB) que se hab\u00edan incluido por igual concepto en el Marco Fiscal (MFMP 2024) de junio. Esa cifra no es realista\u201d, manifest\u00f3 este economista.<\/p><p id=\"p613340-m356-18-357\" class=\"parrafo\">Pardo Am\u00e9zquita agreg\u00f3 que el \u201cMinhacienda estima que en 2024\u00a0el recaudo por gesti\u00f3n de la Dian ser\u00e1 de 0,2% del PIB o unos $3,5 billones y en el Marco Fiscal de junio ya se hab\u00eda reducido esa estimaci\u00f3n para 2025 de 1,3% a 0,8% del PIB, as\u00ed que en un escenario optimista pero alcanzable, ese valor dif\u00edcilmente superar\u00e1 los $7 billones en 2025. Es decir que al menos $20 billones tienen una fuente altamente incierta\u201d.<\/p><p id=\"p613340-m368-20-369\" class=\"parrafo\">Cabe resaltar que a este hueco hay que sumarle ahora la carga fiscal que generar\u00e1 el acuerdo entre el Gobierno y los camioneros, que se estima en m\u00e1s de $7 billones en el mejor de los casos para 2025 y de esta forma, la plata que faltar\u00eda para el presupuesto del otro a\u00f1o rondar\u00eda f\u00e1cilmente los $40 billones, dejando claro que se necesita un recorte urgente del gasto para preservar la estabilidad fiscal.<\/p><div id=\"p613340-m374-21-375\" class=\"highlighted\"><h5 id=\"m379-378-380\" class=\"tiemposBold3\"><strong>Avanza la contrataci\u00f3n<\/strong><\/h5><\/div><p id=\"p613340-m386-22-387\" class=\"parrafo\">De acuerdo con la Direcci\u00f3n de Impuestos y Aduanas Nacionales, en este momento\u00a0avanzan en las etapas finales del Concurso de M\u00e9ritos 2497 de 2022 que ofert\u00f3 un total de 4.700 empleos, adelantando los respectivos desempates de los elegibles que tienen un mismo puntaje, audiencias de escogencia de ciudades en conjunto con la Comisi\u00f3n Nacional del Servicio Civil y curso de inducci\u00f3n, acciones que deben desarrollarse previo a expedir el acto administrativo de nombramiento en periodo de prueba.<\/p><p id=\"p613340-m418-24-419\" class=\"parrafo\">\u201cUn factor externo que ha impactado el proceso de provisi\u00f3n es la presentaci\u00f3n de 1.077 tutelas que han afectado durante el proceso la provisi\u00f3n de 1.806 No. 061 vacantes, alterando el cronograma previsto tanto en la expedici\u00f3n de listas de elegibles como en los tiempos de realizaci\u00f3n de las audiencias, dem\u00e1s etapas previas a los nombramientos y posesi\u00f3n de los elegibles\u201d, explicaron.<\/p><p id=\"p613340-m424-25-425\" class=\"parrafo\">La entidad cerr\u00f3 diciendo que \u201cde los 4.700 empleos convocados, se han proferido 1.577 nombramientos en periodo de prueba, 2.612 en etapas previas al nombramiento, de los cuales 996 en repetici\u00f3n de audiencia de selecci\u00f3n de plazas por orden judicial de tutela y 71 vacantes desiertas. Por otro lado, no han sido expedidas\u00a0listas de elegibles para 384 nombramientos afectadas de igual manera por pronunciamientos judiciales\u201d.<\/p><\/div><\/section><\/div><\/div><\/div><\/div><\/div><\/div><\/div><\/div><p><strong>Fuente: <a href=\"https:\/\/www.portafolio.co\/\" target=\"_blank\" rel=\"noopener\">Portafolio<\/a><\/strong><\/p><\/div>\t\t\t\t\t\t\t\t<\/div>\n\t\t\t\t\t<\/div>\n\t\t\t\t<\/div>\n\t\t\t\t<\/div>","protected":false},"excerpt":{"rendered":"<p>La falta de personal y de equipos, as\u00ed como la din\u00e1mica econ\u00f3mica; son factores que juegan en contra de este objetivo. El proyecto del Presupuesto General de la Naci\u00f3n para el pr\u00f3ximo a\u00f1o enfrenta una tormenta bastante fuerte en el Congreso de la Rep\u00fablica, ya que sus cuentas de ingresos no convencen y esto ha [&hellip;]<\/p>","protected":false},"author":4,"featured_media":33005,"comment_status":"open","ping_status":"open","sticky":false,"template":"","format":"standard","meta":{"_joinchat":[],"footnotes":""},"categories":[27,36,29],"tags":[],"class_list":["post-33004","post","type-post","status-publish","format-standard","has-post-thumbnail","hentry","category-noticias-acl","category-contabilidad","category-tributario"],"_links":{"self":[{"href":"https:\/\/aclco.co\/en\/wp-json\/wp\/v2\/posts\/33004","targetHints":{"allow":["GET"]}}],"collection":[{"href":"https:\/\/aclco.co\/en\/wp-json\/wp\/v2\/posts"}],"about":[{"href":"https:\/\/aclco.co\/en\/wp-json\/wp\/v2\/types\/post"}],"author":[{"embeddable":true,"href":"https:\/\/aclco.co\/en\/wp-json\/wp\/v2\/users\/4"}],"replies":[{"embeddable":true,"href":"https:\/\/aclco.co\/en\/wp-json\/wp\/v2\/comments?post=33004"}],"version-history":[{"count":4,"href":"https:\/\/aclco.co\/en\/wp-json\/wp\/v2\/posts\/33004\/revisions"}],"predecessor-version":[{"id":33010,"href":"https:\/\/aclco.co\/en\/wp-json\/wp\/v2\/posts\/33004\/revisions\/33010"}],"wp:featuredmedia":[{"embeddable":true,"href":"https:\/\/aclco.co\/en\/wp-json\/wp\/v2\/media\/33005"}],"wp:attachment":[{"href":"https:\/\/aclco.co\/en\/wp-json\/wp\/v2\/media?parent=33004"}],"wp:term":[{"taxonomy":"category","embeddable":true,"href":"https:\/\/aclco.co\/en\/wp-json\/wp\/v2\/categories?post=33004"},{"taxonomy":"post_tag","embeddable":true,"href":"https:\/\/aclco.co\/en\/wp-json\/wp\/v2\/tags?post=33004"}],"curies":[{"name":"wp","href":"https:\/\/api.w.org\/{rel}","templated":true}]}}