{"id":33011,"date":"2024-09-25T15:21:01","date_gmt":"2024-09-25T20:21:01","guid":{"rendered":"https:\/\/darkgoldenrod-ibex-179495.hostingersite.com\/?p=33011"},"modified":"2024-09-25T15:52:50","modified_gmt":"2024-09-25T20:52:50","slug":"el-presupuesto-general-de-la-nacion-para-2025-saldra-por","status":"publish","type":"post","link":"https:\/\/aclco.co\/en\/el-presupuesto-general-de-la-nacion-para-2025-saldra-por\/","title":{"rendered":"El Presupuesto General de la Naci\u00f3n para 2025 saldr\u00e1 por decreto, anunci\u00f3 MinHacienda"},"content":{"rendered":"<div data-elementor-type=\"wp-post\" data-elementor-id=\"33011\" class=\"elementor elementor-33011\" data-elementor-post-type=\"post\">\n\t\t\t\t<div class=\"elementor-element elementor-element-4fb1ef3 e-flex e-con-boxed e-con e-parent\" data-id=\"4fb1ef3\" data-element_type=\"container\" data-e-type=\"container\">\n\t\t\t\t\t<div class=\"e-con-inner\">\n\t\t\t\t<div class=\"elementor-element elementor-element-e2d721e elementor-widget elementor-widget-text-editor\" data-id=\"e2d721e\" data-element_type=\"widget\" data-e-type=\"widget\" data-widget_type=\"text-editor.default\">\n\t\t\t\t\t\t\t\t\t<h5><strong>No se logr\u00f3 discutir en las comisiones econ\u00f3micas del Congreso de la Rep\u00fablica el Presupuesto General de la Naci\u00f3n, que llevar\u00e1 a ser expedido por decreto, seg\u00fan anunci\u00f3 el ministro de Hacienda.<\/strong><\/h5><p>El <a href=\"https:\/\/darkgoldenrod-ibex-179495.hostingersite.com\/gobierno-y-congreso-siguen-sin-llegar-a-un-acuerdo-en-el\/\" target=\"_blank\" rel=\"noopener\">Presupuesto General de la Naci\u00f3n<\/a> para el 2025 no fue aprobado en el Congreso de la Rep\u00fablica, debido a que no hab\u00eda qu\u00f3rum para la aprobaci\u00f3n de la sesi\u00f3n y poder discutir a fondo la iniciativa en las comisiones econ\u00f3micas.<\/p><p>La cifra que contemplaba el Ministerio de Hacienda era de 523 billones de pesos, lo que equivale al 29.4% del PIB del pa\u00eds, donde $511 billones correspond\u00edan a ingresos y rentas de capital, mientras que $12 billones al proyecto de Ley de Financiamiento.<\/p><p>Durante la discusi\u00f3n, se presentaron propuestas alternativas, como la de la representante Olga Luc\u00eda Vel\u00e1squez, quien plante\u00f3 un presupuesto de 518 billones de pesos enfocados en la redistribuci\u00f3n de los recursos.<\/p><h5><strong>\u00bfQu\u00e9 dijo el Gobierno nacional?<\/strong><\/h5><p>Ante la decisi\u00f3n tomada en el legislativo, el presidente Gustavo Petro reaccion\u00f3 en la tarde del 24 de septiembre a trav\u00e9s de su cuenta de X, se\u00f1alando que:<\/p><p>\u201cCreo que m\u00e1s grave que las comisiones econ\u00f3micas del senado no aprueben el presupuesto es que la comisi\u00f3n interparlamentaria de cr\u00e9dito p\u00fablico no apruebe los pagos de la deuda externa del pa\u00eds mediante la t\u00e1ctica de la inasistencia. Eso lleva a un default artificial, a encarecer la deuda y a una p\u00e9rdida fiscal incuantificable\u201d, asegur\u00f3.<\/p><p>El ministro de Hacienda lament\u00f3 la decisi\u00f3n tomada por las comisiones econ\u00f3micas del Congreso y anunci\u00f3 que el presupuesto saldr\u00eda por decreto: \u201clo que dice la norma es que, dado que no se hizo debate de primera vuelta, no hay ajustes, no hay modificaciones al proyecto radicado por el Gobierno\u201d.<\/p><h5><strong>\u00bfQu\u00e9 plantea el presupuesto para el 2025?<\/strong><\/h5><p>El Presupuesto General de la Naci\u00f3n para el 2025 tiene como objetivo avanzar a la transici\u00f3n de un modelo econ\u00f3mico extractivista hacia uno productivo, con enfoque hacia la justicia social y ambiental.<\/p><p>Seg\u00fan el Ministerio de Hacienda, el presupuesto cuenta con 5 estrategias, que ser\u00edan claves para el a\u00f1o 2025, entre ellas se encuentra la reactivaci\u00f3n econ\u00f3mica y consenso nacional, un programa de reactivaci\u00f3n p\u00fablico-privado para incidir sobre la productividad y el PIB.<\/p><p>Adem\u00e1s, otra estrategia ser\u00eda la de transici\u00f3n energ\u00e9tica y superaci\u00f3n de la dependencia extractiva, buscando que el pa\u00eds tenga inversi\u00f3n para generar energ\u00eda renovable, comunidades energ\u00e9ticas, turismo y reindustralizaci\u00f3n.<\/p><p><strong>Fuente: <a href=\"https:\/\/www.radionacional.co\/\" target=\"_blank\" rel=\"noopener\">Radio Nacional<\/a><\/strong><\/p>\t\t\t\t\t\t\t\t<\/div>\n\t\t\t\t\t<\/div>\n\t\t\t\t<\/div>\n\t\t\t\t<\/div>","protected":false},"excerpt":{"rendered":"<p>No se logr\u00f3 discutir en las comisiones econ\u00f3micas del Congreso de la Rep\u00fablica el Presupuesto General de la Naci\u00f3n, que llevar\u00e1 a ser expedido por decreto, seg\u00fan anunci\u00f3 el ministro de Hacienda. El Presupuesto General de la Naci\u00f3n para el 2025 no fue aprobado en el Congreso de la Rep\u00fablica, debido a que no hab\u00eda [&hellip;]<\/p>","protected":false},"author":4,"featured_media":33012,"comment_status":"open","ping_status":"open","sticky":false,"template":"","format":"standard","meta":{"_joinchat":[],"footnotes":""},"categories":[27,36,35],"tags":[],"class_list":["post-33011","post","type-post","status-publish","format-standard","has-post-thumbnail","hentry","category-noticias-acl","category-contabilidad","category-economia-finanzas"],"_links":{"self":[{"href":"https:\/\/aclco.co\/en\/wp-json\/wp\/v2\/posts\/33011","targetHints":{"allow":["GET"]}}],"collection":[{"href":"https:\/\/aclco.co\/en\/wp-json\/wp\/v2\/posts"}],"about":[{"href":"https:\/\/aclco.co\/en\/wp-json\/wp\/v2\/types\/post"}],"author":[{"embeddable":true,"href":"https:\/\/aclco.co\/en\/wp-json\/wp\/v2\/users\/4"}],"replies":[{"embeddable":true,"href":"https:\/\/aclco.co\/en\/wp-json\/wp\/v2\/comments?post=33011"}],"version-history":[{"count":8,"href":"https:\/\/aclco.co\/en\/wp-json\/wp\/v2\/posts\/33011\/revisions"}],"predecessor-version":[{"id":33021,"href":"https:\/\/aclco.co\/en\/wp-json\/wp\/v2\/posts\/33011\/revisions\/33021"}],"wp:featuredmedia":[{"embeddable":true,"href":"https:\/\/aclco.co\/en\/wp-json\/wp\/v2\/media\/33012"}],"wp:attachment":[{"href":"https:\/\/aclco.co\/en\/wp-json\/wp\/v2\/media?parent=33011"}],"wp:term":[{"taxonomy":"category","embeddable":true,"href":"https:\/\/aclco.co\/en\/wp-json\/wp\/v2\/categories?post=33011"},{"taxonomy":"post_tag","embeddable":true,"href":"https:\/\/aclco.co\/en\/wp-json\/wp\/v2\/tags?post=33011"}],"curies":[{"name":"wp","href":"https:\/\/api.w.org\/{rel}","templated":true}]}}