{"id":33022,"date":"2024-09-26T16:08:35","date_gmt":"2024-09-26T21:08:35","guid":{"rendered":"https:\/\/darkgoldenrod-ibex-179495.hostingersite.com\/?p=33022"},"modified":"2024-09-26T16:12:54","modified_gmt":"2024-09-26T21:12:54","slug":"facturacion-electronica-y-los-desafios-fiscales-que-esta","status":"publish","type":"post","link":"https:\/\/aclco.co\/en\/facturacion-electronica-y-los-desafios-fiscales-que-esta\/","title":{"rendered":"Facturaci\u00f3n electr\u00f3nica y los desaf\u00edos fiscales que est\u00e1 generando en las empresas"},"content":{"rendered":"<div data-elementor-type=\"wp-post\" data-elementor-id=\"33022\" class=\"elementor elementor-33022\" data-elementor-post-type=\"post\">\n\t\t\t\t<div class=\"elementor-element elementor-element-4fb1ef3 e-flex e-con-boxed e-con e-parent\" data-id=\"4fb1ef3\" data-element_type=\"container\" data-e-type=\"container\">\n\t\t\t\t\t<div class=\"e-con-inner\">\n\t\t\t\t<div class=\"elementor-element elementor-element-e2d721e elementor-widget elementor-widget-text-editor\" data-id=\"e2d721e\" data-element_type=\"widget\" data-e-type=\"widget\" data-widget_type=\"text-editor.default\">\n\t\t\t\t\t\t\t\t\t<div class=\"article-top container_col\"><h5 id=\"p614211-m773-1-774\" class=\"epigraph regular_lead1\"><strong>Expertos en la materia advierten que esto ha derivado en nuevos desaf\u00edos para quienes no quieran quedarse atr\u00e1s.<\/strong><\/h5><p id=\"p614211-m735-734-736\" class=\"parrafo first-parrafo\">Uno de los procesos que m\u00e1s dolores de cabeza le ha generado a los empresarios en lo corrido de este a\u00f1o es, sin duda, la implementaci\u00f3n de la <a href=\"https:\/\/darkgoldenrod-ibex-179495.hostingersite.com\/facturacion-electronica-octubre-llegara-con-cambios-y\/\" target=\"_blank\" rel=\"noopener\">facturaci\u00f3n electr\u00f3nica<\/a>, que si bien se ven\u00eda avisando desde hace buen tiempo, muchos dejaron para \u00faltimo minuto y\u00a0en este momento est\u00e1n corriendo para ponerse al d\u00eda y evitar requerimientos por parte de las autoridades tributarias.<\/p><p id=\"p614211-m797-3-798\" class=\"parrafo\">La obligatoriedad de la facturaci\u00f3n electr\u00f3nica es una apuesta de la Direcci\u00f3n de Impuestos y Aduanas Nacionales para modernizar los sistemas de seguimiento a la econom\u00eda, ingresos y gastos de los colombianos; para hacer frente a delitos como la evasi\u00f3n de impuestos y garantizar que no existan subregistros,\u00a0tanto en las empresas, como entre los consumidores, con el fin de aumentar el recaudo.<\/p><p id=\"p614211-m809-5-810\" class=\"parrafo\">Frente a los or\u00edgenes de esta medida, \u00d3scar Mauricio Moreno, cofundador de F&amp;M Technology \u2013 E-Bill, cont\u00f3 que todo comenz\u00f3 en el a\u00f1o 2019 mediante un proceso de concientizaci\u00f3n y pedagog\u00eda a los diferentes actores que hacen parte de esta cadena. As\u00ed mismo, explic\u00f3 que todo fue voluntario en un principio, pero desde este a\u00f1o comenz\u00f3 la obligatoriedad, que se ha aplicado de forma escalonada.<\/p><p id=\"p614211-m815-6-816\" class=\"parrafo\">\u201cEste proceso de transformaci\u00f3n digital ha venido evolucionando a\u00f1o tras a\u00f1o\u00a0con la introducci\u00f3n de nuevos documentos obligatorios, generando -a su vez-, importantes oportunidades como la implementaci\u00f3n de la factura electr\u00f3nica como t\u00edtulo valor, que beneficia a las empresas que cumplen con el sistema de facturaci\u00f3n electr\u00f3nica, de la mano de los proveedores tecnol\u00f3gicos y sistema electr\u00f3nico de negociaci\u00f3n autorizados\u201d, dijo.<\/p><div id=\"p614211-m847-8-848\" class=\"highlighted\"><h5 id=\"m852-851-853\" class=\"tiemposBold3\"><strong>Proceso automatizado<\/strong><\/h5><\/div><p id=\"p614211-m859-9-860\" class=\"parrafo\">Adelant\u00e1ndose un poco hacia los cambios que se vienen en el corto y mediano plazo, Moreno indic\u00f3 que uno de ellos es la automatizaci\u00f3n, en el que, con la lecci\u00f3n aprendida, ahora se debe acudir a herramientas que agilicen los procesos y eviten que las personas deban estar encima de cada uno para que puedan funcionar.<\/p><p id=\"p614211-m871-11-872\" class=\"parrafo\">\u201cUn ejemplo de esto puede ser la automatizaci\u00f3n de cuentas por pagar, un complemento en las plataformas de facturaci\u00f3n electr\u00f3nica que permite el acceso a los proveedores -en tiempo real- a informaci\u00f3n cr\u00edtica como facturas electr\u00f3nicas, \u00f3rdenes de compra, certificados de retenci\u00f3n, llevando el proceso hasta su aprobaci\u00f3n y pago\u201d,\u00a0dijo el vocero de E-Bill, que a su vez resalt\u00f3 que el tiempo libre tambi\u00e9n es dinero por ganar.<\/p><p id=\"p614211-m877-12-878\" class=\"parrafo\">En este sentido, record\u00f3 que con la Resoluci\u00f3n 042 de 2020, la Dian introdujo el modelo de validaci\u00f3n previa y muchos desarrollos en la industria han apuntado a aprovechar esto, para lograr que la emisi\u00f3n de facturas electr\u00f3nicas se convierta en punto de agilidad que le genere espacios para que las empresas se puedan concentrar en otros frentes productivo.<\/p><p id=\"p614211-m883-13-884\" class=\"parrafo\">\u201cEsta novedad se refleja en las cifras reportadas por la Dian. Para el primer\u00a0semestre de 2024 se registraron m\u00e1s de 600.000 facturas en la plataforma Radian, lo que representa un 1,7% del PIB, en documentos endosados. Se espera cerrar en el 2024 con cerca de un mill\u00f3n de facturadores electr\u00f3nicos, evidenciando un incremento del 2.340% respecto al inicio de la obligatoriedad\u201d, dijo \u00d3scar Moreno.<\/p><p id=\"p614211-m915-15-916\" class=\"parrafo\">Este experto cerr\u00f3 advirtiendo que a pesar de los esfuerzos significativos por parte del Gobierno a trav\u00e9s de la Dian para optimizar los procesos relacionados con la facturaci\u00f3n electr\u00f3nica, muchas empresas enfrentan grandes desaf\u00edos en la gesti\u00f3n integral de estos documentos, ya que esta masificaci\u00f3n de factura electr\u00f3nica no aborda completamente la complejidad de la recepci\u00f3n, aprobaci\u00f3n y pago de las facturas por parte de las empresas.<\/p><p id=\"p614211-m921-16-922\" class=\"parrafo\">\u201cEste vac\u00edo le puede generar a las empresas errores operativos y retrasos en los procesos financieros afectando la relaci\u00f3n con sus proveedores, adicionalmente la integraci\u00f3n de la factura como t\u00edtulo valor, suma un nivel de complejidad que requiere de una soluci\u00f3n tecnol\u00f3gica avanzada que asegure el ciclo de vida de\u00a0la factura electr\u00f3nica de manera segura\u201d, concluy\u00f3 el vocero de F&amp;M Technology \u2013 E-Bill.<\/p><p><strong>Fuente: <a href=\"https:\/\/www.portafolio.co\/\" target=\"_blank\" rel=\"noopener\">Portafolio<\/a><\/strong><\/p><\/div>\t\t\t\t\t\t\t\t<\/div>\n\t\t\t\t\t<\/div>\n\t\t\t\t<\/div>\n\t\t\t\t<\/div>","protected":false},"excerpt":{"rendered":"<p>Expertos en la materia advierten que esto ha derivado en nuevos desaf\u00edos para quienes no quieran quedarse atr\u00e1s. Uno de los procesos que m\u00e1s dolores de cabeza le ha generado a los empresarios en lo corrido de este a\u00f1o es, sin duda, la implementaci\u00f3n de la facturaci\u00f3n electr\u00f3nica, que si bien se ven\u00eda avisando desde [&hellip;]<\/p>","protected":false},"author":4,"featured_media":33023,"comment_status":"open","ping_status":"open","sticky":false,"template":"","format":"standard","meta":{"_joinchat":[],"footnotes":""},"categories":[27,36,29],"tags":[],"class_list":["post-33022","post","type-post","status-publish","format-standard","has-post-thumbnail","hentry","category-noticias-acl","category-contabilidad","category-tributario"],"_links":{"self":[{"href":"https:\/\/aclco.co\/en\/wp-json\/wp\/v2\/posts\/33022","targetHints":{"allow":["GET"]}}],"collection":[{"href":"https:\/\/aclco.co\/en\/wp-json\/wp\/v2\/posts"}],"about":[{"href":"https:\/\/aclco.co\/en\/wp-json\/wp\/v2\/types\/post"}],"author":[{"embeddable":true,"href":"https:\/\/aclco.co\/en\/wp-json\/wp\/v2\/users\/4"}],"replies":[{"embeddable":true,"href":"https:\/\/aclco.co\/en\/wp-json\/wp\/v2\/comments?post=33022"}],"version-history":[{"count":4,"href":"https:\/\/aclco.co\/en\/wp-json\/wp\/v2\/posts\/33022\/revisions"}],"predecessor-version":[{"id":33027,"href":"https:\/\/aclco.co\/en\/wp-json\/wp\/v2\/posts\/33022\/revisions\/33027"}],"wp:featuredmedia":[{"embeddable":true,"href":"https:\/\/aclco.co\/en\/wp-json\/wp\/v2\/media\/33023"}],"wp:attachment":[{"href":"https:\/\/aclco.co\/en\/wp-json\/wp\/v2\/media?parent=33022"}],"wp:term":[{"taxonomy":"category","embeddable":true,"href":"https:\/\/aclco.co\/en\/wp-json\/wp\/v2\/categories?post=33022"},{"taxonomy":"post_tag","embeddable":true,"href":"https:\/\/aclco.co\/en\/wp-json\/wp\/v2\/tags?post=33022"}],"curies":[{"name":"wp","href":"https:\/\/api.w.org\/{rel}","templated":true}]}}