{"id":33034,"date":"2024-09-30T14:48:28","date_gmt":"2024-09-30T19:48:28","guid":{"rendered":"https:\/\/darkgoldenrod-ibex-179495.hostingersite.com\/?p=33034"},"modified":"2024-09-30T14:53:32","modified_gmt":"2024-09-30T19:53:32","slug":"petro-senalo-que-de-no-aprobarse-la-tributaria-se","status":"publish","type":"post","link":"https:\/\/aclco.co\/en\/petro-senalo-que-de-no-aprobarse-la-tributaria-se\/","title":{"rendered":"Petro se\u00f1al\u00f3 que de no aprobarse la tributaria se recortar\u00e1n subsidios a sectores ricos"},"content":{"rendered":"<div data-elementor-type=\"wp-post\" data-elementor-id=\"33034\" class=\"elementor elementor-33034\" data-elementor-post-type=\"post\">\n\t\t\t\t<div class=\"elementor-element elementor-element-4fb1ef3 e-flex e-con-boxed e-con e-parent\" data-id=\"4fb1ef3\" data-element_type=\"container\" data-e-type=\"container\">\n\t\t\t\t\t<div class=\"e-con-inner\">\n\t\t\t\t<div class=\"elementor-element elementor-element-e2d721e elementor-widget elementor-widget-text-editor\" data-id=\"e2d721e\" data-element_type=\"widget\" data-e-type=\"widget\" data-widget_type=\"text-editor.default\">\n\t\t\t\t\t\t\t\t\t<div class=\"article-top container_col\"><h5 id=\"p614211-m773-1-774\" class=\"epigraph regular_lead1\">El mandatario se refiri\u00f3 a la posibilidad de recortar el monto del Presupuesto para el pr\u00f3ximo a\u00f1o. <\/h5><p>En medio de las tensiones entre la Casa de Nari\u00f1o y el Congreso por la falta de consenso en torno al monto del\u00a0<a href=\"https:\/\/darkgoldenrod-ibex-179495.hostingersite.com\/el-presupuesto-general-de-la-nacion-para-2025-saldra-por\/\" target=\"_blank\" rel=\"noopener\">Presupuesto Nacional para el 2025<\/a>, el presidente Gustavo Petro lanz\u00f3 una advertencia al Legislativo respecto a los efectos que tendr\u00eda la no aprobaci\u00f3n de la Ley de financiamiento.\u00a0<\/p><p id=\"p614399-m638-2-639\" class=\"parrafo custom-cursor-default-hover\">A trav\u00e9s de su cuenta de X, el jefe de Estado se\u00f1al\u00f3 que\u00a0<i class=\"custom-cursor-default-hover\">\u00absi hay que recortar el presupuesto del 2025 porque el Congreso no aprueba la Ley de financiamiento, entonces se recortar\u00e1n todos los subsidios a los sectores ricos de la poblaci\u00f3n\u00bb.\u00a0\u00a0<\/i><\/p><p id=\"p614399-m645-3-646\" class=\"parrafo custom-cursor-default-hover\" spellcheck=\"false\" data-lt-tmp-id=\"lt-607675\" data-gramm=\"false\">El mandatario a\u00f1adi\u00f3 que\u00a0<i class=\"custom-cursor-default-hover\">\u00abel pueblo no paga el sobre endeudamiento de Duque\u00bb.<\/i><\/p><p id=\"p614399-m664-6-665\" class=\"parrafo custom-cursor-default-hover\">Las declaraciones del presidente Petro se dan luego de que el presidente del Senado, Efra\u00edn Cepeda, se\u00f1alara la necesidad de que se recorte el monto previsto para el pr\u00f3ximo a\u00f1o.\u00a0<\/p><p id=\"p614399-m670-7-671\" class=\"parrafo custom-cursor-default-hover\" spellcheck=\"false\" data-lt-tmp-id=\"lt-756397\" data-gramm=\"false\">Cepeda tambi\u00e9n mencion\u00f3 que de llegar a presentarse el escenario en el que el Presupuesto General de la Naci\u00f3n (PNG)\u00a0se adopte v\u00eda decreto, solo se estar\u00eda evidenciando la baja capacidad del Gobierno para llegar a una concertaci\u00f3n.\u00a0<\/p><p id=\"p614399-m676-8-677\" class=\"parrafo custom-cursor-default-hover\" spellcheck=\"false\" data-lt-tmp-id=\"lt-276654\" data-gramm=\"false\">Cabe recordar que el pasado martes 24 de septiembre\u00a0las comisiones econ\u00f3micas del Congreso (la tercera y cuarta del Senado y la tercera y cuarta de la C\u00e1mara)\u00a0no llegaron a un acuerdo sobre el monto del PGN para 2025.\u00a0\u00a0<\/p><p id=\"p614399-m682-9-683\" class=\"parrafo custom-cursor-default-hover\" spellcheck=\"false\" data-lt-tmp-id=\"lt-843273\" data-gramm=\"false\">Si bien se hab\u00eda asegurado que el Legislativo ten\u00eda plazo hasta el mi\u00e9rcoles 25 de septiembre para llegar a un acuerdo sobre el monto y aprobar en primer debate el proyecto de Presupuesto, expertos han afirmado que todav\u00eda el Congreso tendr\u00eda tiempo hasta el pr\u00f3ximo 20 de octubre para una aprobaci\u00f3n.\u00a0<\/p><p id=\"p614399-m688-10-689\" class=\"parrafo custom-cursor-default-hover\" spellcheck=\"false\" data-lt-tmp-id=\"lt-483363\" data-gramm=\"false\">De no llegar a darse un acuerdo,\u00a0el Gobierno tendr\u00eda que sacar el Presupuesto Nacional por decreto. El monto planteado por el Ejecutivo, y con el que se radic\u00f3 el proyecto ante el Legislativo, es de $523 billones, de los cuales $12 billones provendr\u00edan de la reforma tributaria.<\/p><\/div><div class=\"article-top container_col\"><p><strong>Fuente: <a href=\"https:\/\/www.portafolio.co\/\" target=\"_blank\" rel=\"noopener\">Portafolio<\/a><\/strong><\/p><\/div>\t\t\t\t\t\t\t\t<\/div>\n\t\t\t\t\t<\/div>\n\t\t\t\t<\/div>\n\t\t\t\t<\/div>","protected":false},"excerpt":{"rendered":"<p>El mandatario se refiri\u00f3 a la posibilidad de recortar el monto del Presupuesto para el pr\u00f3ximo a\u00f1o. En medio de las tensiones entre la Casa de Nari\u00f1o y el Congreso por la falta de consenso en torno al monto del\u00a0Presupuesto Nacional para el 2025, el presidente Gustavo Petro lanz\u00f3 una advertencia al Legislativo respecto a [&hellip;]<\/p>","protected":false},"author":4,"featured_media":33035,"comment_status":"open","ping_status":"open","sticky":false,"template":"","format":"standard","meta":{"_joinchat":[],"footnotes":""},"categories":[27,36,29],"tags":[],"class_list":["post-33034","post","type-post","status-publish","format-standard","has-post-thumbnail","hentry","category-noticias-acl","category-contabilidad","category-tributario"],"_links":{"self":[{"href":"https:\/\/aclco.co\/en\/wp-json\/wp\/v2\/posts\/33034","targetHints":{"allow":["GET"]}}],"collection":[{"href":"https:\/\/aclco.co\/en\/wp-json\/wp\/v2\/posts"}],"about":[{"href":"https:\/\/aclco.co\/en\/wp-json\/wp\/v2\/types\/post"}],"author":[{"embeddable":true,"href":"https:\/\/aclco.co\/en\/wp-json\/wp\/v2\/users\/4"}],"replies":[{"embeddable":true,"href":"https:\/\/aclco.co\/en\/wp-json\/wp\/v2\/comments?post=33034"}],"version-history":[{"count":4,"href":"https:\/\/aclco.co\/en\/wp-json\/wp\/v2\/posts\/33034\/revisions"}],"predecessor-version":[{"id":33039,"href":"https:\/\/aclco.co\/en\/wp-json\/wp\/v2\/posts\/33034\/revisions\/33039"}],"wp:featuredmedia":[{"embeddable":true,"href":"https:\/\/aclco.co\/en\/wp-json\/wp\/v2\/media\/33035"}],"wp:attachment":[{"href":"https:\/\/aclco.co\/en\/wp-json\/wp\/v2\/media?parent=33034"}],"wp:term":[{"taxonomy":"category","embeddable":true,"href":"https:\/\/aclco.co\/en\/wp-json\/wp\/v2\/categories?post=33034"},{"taxonomy":"post_tag","embeddable":true,"href":"https:\/\/aclco.co\/en\/wp-json\/wp\/v2\/tags?post=33034"}],"curies":[{"name":"wp","href":"https:\/\/api.w.org\/{rel}","templated":true}]}}