{"id":33040,"date":"2024-10-01T12:52:56","date_gmt":"2024-10-01T17:52:56","guid":{"rendered":"https:\/\/darkgoldenrod-ibex-179495.hostingersite.com\/?p=33040"},"modified":"2024-10-02T12:16:35","modified_gmt":"2024-10-02T17:16:35","slug":"derechos-en-plataformas-tema-central-del-debate-de-la","status":"publish","type":"post","link":"https:\/\/aclco.co\/en\/derechos-en-plataformas-tema-central-del-debate-de-la\/","title":{"rendered":"Derechos en plataformas, tema central del debate de la reforma laboral este martes"},"content":{"rendered":"<div data-elementor-type=\"wp-post\" data-elementor-id=\"33040\" class=\"elementor elementor-33040\" data-elementor-post-type=\"post\">\n\t\t\t\t<div class=\"elementor-element elementor-element-4fb1ef3 e-flex e-con-boxed e-con e-parent\" data-id=\"4fb1ef3\" data-element_type=\"container\" data-e-type=\"container\">\n\t\t\t\t\t<div class=\"e-con-inner\">\n\t\t\t\t<div class=\"elementor-element elementor-element-e2d721e elementor-widget elementor-widget-text-editor\" data-id=\"e2d721e\" data-element_type=\"widget\" data-e-type=\"widget\" data-widget_type=\"text-editor.default\">\n\t\t\t\t\t\t\t\t\t<h5 class=\"article-top container_col\"><strong>En la sesi\u00f3n de este lunes se logr\u00f3 la aprobaci\u00f3n de seis art\u00edculos de la propuesta, entre esos, la propuesta central de la propuesta<\/strong><\/h5><div class=\"article-top container_col\"><p>Los derechos en plataformas digitales de domicilio forman parte del eje central de la discusi\u00f3n de la <a href=\"https:\/\/darkgoldenrod-ibex-179495.hostingersite.com\/reforma-laboral-entro-en-la-recta-final-en-camara-en\/\" target=\"_blank\" rel=\"noopener\">reforma laboral<\/a>, uno de los proyectos sociales banderas del Gobierno Nacional.<\/p><p>Estos ser\u00e1n los primeros art\u00edculos a debatirse en la sesi\u00f3n de este martes de la plenaria de la C\u00e1mara de Representantes,\u00a0luego de que el debate fuera suspendido este lunes faltando dos minutos para acabarse la votaci\u00f3n de los postulados.<\/p><p>La sesi\u00f3n plenaria de la C\u00e1mara de Representantes para este martes ser\u00e1 a las 12:00 del mediod\u00eda,\u00a0seg\u00fan lo establecido.<\/p><div class=\"news economiaSect\"><div class=\"html-content\"><p>En la sesi\u00f3n del lunes\u00a0se aprobaron los primeros seis art\u00edculos de la propuesta laboral,\u00a0entre esos el concepto b\u00e1sico de la norma, y tambi\u00e9n los art\u00edculos que regulan el tipo de contrato indefinido, los cuales no podr\u00e1n pasar los cuatro a\u00f1os de duraci\u00f3n.<\/p><p>En la sustentaci\u00f3n de la ponencia positiva, la representante Mar\u00eda Fernanda Carrascal puntualiz\u00f3 que\u00a0la reforma laboral en esta segunda versi\u00f3n generar\u00eda un impacto de 4,4% en los costos laborales y de 1,1%.<\/p><p>Seg\u00fan el informe,\u00a0las empresas deber\u00e1n utilizar 0,8% de los ingresos para pagar los incrementos de los costos que dispone la reforma laboral del Gobierno.<\/p><p><strong>Fuente: <a href=\"https:\/\/www.larepublica.co\/\" target=\"_blank\" rel=\"noopener\">La Rep\u00fablica<\/a><\/strong><\/p><\/div><\/div><\/div>\t\t\t\t\t\t\t\t<\/div>\n\t\t\t\t\t<\/div>\n\t\t\t\t<\/div>\n\t\t\t\t<\/div>","protected":false},"excerpt":{"rendered":"<p>En la sesi\u00f3n de este lunes se logr\u00f3 la aprobaci\u00f3n de seis art\u00edculos de la propuesta, entre esos, la propuesta central de la propuesta Los derechos en plataformas digitales de domicilio forman parte del eje central de la discusi\u00f3n de la reforma laboral, uno de los proyectos sociales banderas del Gobierno Nacional. Estos ser\u00e1n los [&hellip;]<\/p>","protected":false},"author":4,"featured_media":33041,"comment_status":"open","ping_status":"open","sticky":false,"template":"","format":"standard","meta":{"_joinchat":[],"footnotes":""},"categories":[27,36,34],"tags":[],"class_list":["post-33040","post","type-post","status-publish","format-standard","has-post-thumbnail","hentry","category-noticias-acl","category-contabilidad","category-laboral"],"_links":{"self":[{"href":"https:\/\/aclco.co\/en\/wp-json\/wp\/v2\/posts\/33040","targetHints":{"allow":["GET"]}}],"collection":[{"href":"https:\/\/aclco.co\/en\/wp-json\/wp\/v2\/posts"}],"about":[{"href":"https:\/\/aclco.co\/en\/wp-json\/wp\/v2\/types\/post"}],"author":[{"embeddable":true,"href":"https:\/\/aclco.co\/en\/wp-json\/wp\/v2\/users\/4"}],"replies":[{"embeddable":true,"href":"https:\/\/aclco.co\/en\/wp-json\/wp\/v2\/comments?post=33040"}],"version-history":[{"count":7,"href":"https:\/\/aclco.co\/en\/wp-json\/wp\/v2\/posts\/33040\/revisions"}],"predecessor-version":[{"id":33052,"href":"https:\/\/aclco.co\/en\/wp-json\/wp\/v2\/posts\/33040\/revisions\/33052"}],"wp:featuredmedia":[{"embeddable":true,"href":"https:\/\/aclco.co\/en\/wp-json\/wp\/v2\/media\/33041"}],"wp:attachment":[{"href":"https:\/\/aclco.co\/en\/wp-json\/wp\/v2\/media?parent=33040"}],"wp:term":[{"taxonomy":"category","embeddable":true,"href":"https:\/\/aclco.co\/en\/wp-json\/wp\/v2\/categories?post=33040"},{"taxonomy":"post_tag","embeddable":true,"href":"https:\/\/aclco.co\/en\/wp-json\/wp\/v2\/tags?post=33040"}],"curies":[{"name":"wp","href":"https:\/\/api.w.org\/{rel}","templated":true}]}}