{"id":33047,"date":"2024-10-02T12:14:03","date_gmt":"2024-10-02T17:14:03","guid":{"rendered":"https:\/\/darkgoldenrod-ibex-179495.hostingersite.com\/?p=33047"},"modified":"2024-10-02T12:24:08","modified_gmt":"2024-10-02T17:24:08","slug":"en-la-reforma-laboral-se-aprobaron-cambios-para-los","status":"publish","type":"post","link":"https:\/\/aclco.co\/en\/en-la-reforma-laboral-se-aprobaron-cambios-para-los\/","title":{"rendered":"En la reforma laboral se aprobaron cambios para los domiciliarios de apps digitales"},"content":{"rendered":"<div data-elementor-type=\"wp-post\" data-elementor-id=\"33047\" class=\"elementor elementor-33047\" data-elementor-post-type=\"post\">\n\t\t\t\t<div class=\"elementor-element elementor-element-4fb1ef3 e-flex e-con-boxed e-con e-parent\" data-id=\"4fb1ef3\" data-element_type=\"container\" data-e-type=\"container\">\n\t\t\t\t\t<div class=\"e-con-inner\">\n\t\t\t\t<div class=\"elementor-element elementor-element-e2d721e elementor-widget elementor-widget-text-editor\" data-id=\"e2d721e\" data-element_type=\"widget\" data-e-type=\"widget\" data-widget_type=\"text-editor.default\">\n\t\t\t\t\t\t\t\t\t<div class=\"article-top container_col\"><div class=\"news economiaSect\"><div class=\"html-content\"><h5><strong>Ayer se reanud\u00f3 el debate de la propuesta del Gobierno en el Congreso en el que se aprobaron los siete art\u00edculos con beneficios para los repartidores de plataformas digitales.<\/strong><\/h5><p>La plenaria de la C\u00e1mara de Representantes ya aprob\u00f3 los primeros art\u00edculos de la <a href=\"https:\/\/darkgoldenrod-ibex-179495.hostingersite.com\/derechos-en-plataformas-tema-central-del-debate-de-la\/\" target=\"_blank\" rel=\"noopener\">reforma laboral<\/a>,\u00a0uno de los proyectos sociales claves del Gobierno Nacional\u00a0en esta legislatura y que m\u00e1s despert\u00f3 recelo en la opini\u00f3n p\u00fablica y especializada.<\/p><p>El debate se retom\u00f3 ayer martes en un punto crucial y del que, en principio, no hay muchas diferencias: la regulaci\u00f3n de las\u00a0plataformas digitales de domicilio y las condiciones sociales de sus empleados.<\/p><p>Este apartado abarca siete art\u00edculos del proyecto de ley, todos aprobados,\u00a0concretamente desde los postulados 24 hasta el 30.\u00a0Entre lo que se contempla est\u00e1 establecer relaciones dependientes y subordinadas entre las plataformas de domicilio y los trabajadores.<\/p><p>Tambi\u00e9n se prev\u00e9 reglamentar las relaciones independientes y aut\u00f3nomas, las cuales no pueden incluir cl\u00e1usulas de exclusividad\u00a0para el desarrollo de estas actividades log\u00edsticas.<\/p><p>Otro punto que plantea la norma est\u00e1 relacionado con la seguridad social de los trabajadores. En caso de que la vinculaci\u00f3n sea dependiente, la misma empresa deber\u00e1 ofrecer estas\u00a0condiciones de salud y pensi\u00f3n al mismo nivel de los aportes actuales.<\/p><p>En cambio, en caso de que la relaci\u00f3n sea independiente,\u00a0la plataforma deber\u00e1 aportar 60% de la cotizaci\u00f3n, mientras el restante 40% ser\u00e1 por parte del trabajador particular.<\/p><p>\u201cLa propuesta del Gobierno es intermedia. Se va a prestar para reclamaciones.\u00a0Lo ideal ser\u00eda que las plataformas digitales tuvieran un contrato especial\u201d, dijo Evelyn Romero, socia de empleo y compensaci\u00f3n de la firma Baker McKenzie.<\/p><p><strong>Fuente: <a href=\"https:\/\/www.larepublica.co\/\" target=\"_blank\" rel=\"noopener\">La Rep\u00fablica<\/a><\/strong><\/p><\/div><\/div><\/div>\t\t\t\t\t\t\t\t<\/div>\n\t\t\t\t\t<\/div>\n\t\t\t\t<\/div>\n\t\t\t\t<\/div>","protected":false},"excerpt":{"rendered":"<p>Ayer se reanud\u00f3 el debate de la propuesta del Gobierno en el Congreso en el que se aprobaron los siete art\u00edculos con beneficios para los repartidores de plataformas digitales. La plenaria de la C\u00e1mara de Representantes ya aprob\u00f3 los primeros art\u00edculos de la reforma laboral,\u00a0uno de los proyectos sociales claves del Gobierno Nacional\u00a0en esta legislatura [&hellip;]<\/p>","protected":false},"author":4,"featured_media":33048,"comment_status":"open","ping_status":"open","sticky":false,"template":"","format":"standard","meta":{"_joinchat":[],"footnotes":""},"categories":[27,36,34],"tags":[],"class_list":["post-33047","post","type-post","status-publish","format-standard","has-post-thumbnail","hentry","category-noticias-acl","category-contabilidad","category-laboral"],"_links":{"self":[{"href":"https:\/\/aclco.co\/en\/wp-json\/wp\/v2\/posts\/33047","targetHints":{"allow":["GET"]}}],"collection":[{"href":"https:\/\/aclco.co\/en\/wp-json\/wp\/v2\/posts"}],"about":[{"href":"https:\/\/aclco.co\/en\/wp-json\/wp\/v2\/types\/post"}],"author":[{"embeddable":true,"href":"https:\/\/aclco.co\/en\/wp-json\/wp\/v2\/users\/4"}],"replies":[{"embeddable":true,"href":"https:\/\/aclco.co\/en\/wp-json\/wp\/v2\/comments?post=33047"}],"version-history":[{"count":4,"href":"https:\/\/aclco.co\/en\/wp-json\/wp\/v2\/posts\/33047\/revisions"}],"predecessor-version":[{"id":33056,"href":"https:\/\/aclco.co\/en\/wp-json\/wp\/v2\/posts\/33047\/revisions\/33056"}],"wp:featuredmedia":[{"embeddable":true,"href":"https:\/\/aclco.co\/en\/wp-json\/wp\/v2\/media\/33048"}],"wp:attachment":[{"href":"https:\/\/aclco.co\/en\/wp-json\/wp\/v2\/media?parent=33047"}],"wp:term":[{"taxonomy":"category","embeddable":true,"href":"https:\/\/aclco.co\/en\/wp-json\/wp\/v2\/categories?post=33047"},{"taxonomy":"post_tag","embeddable":true,"href":"https:\/\/aclco.co\/en\/wp-json\/wp\/v2\/tags?post=33047"}],"curies":[{"name":"wp","href":"https:\/\/api.w.org\/{rel}","templated":true}]}}