{"id":33057,"date":"2024-10-03T12:03:06","date_gmt":"2024-10-03T17:03:06","guid":{"rendered":"https:\/\/darkgoldenrod-ibex-179495.hostingersite.com\/?p=33057"},"modified":"2024-10-03T12:15:09","modified_gmt":"2024-10-03T17:15:09","slug":"los-cambios-que-se-vendrian-con-el-aumento-de-la-jornada","status":"publish","type":"post","link":"https:\/\/aclco.co\/en\/los-cambios-que-se-vendrian-con-el-aumento-de-la-jornada\/","title":{"rendered":"Los cambios que se vendr\u00edan con el aumento de la jornada nocturna"},"content":{"rendered":"<div data-elementor-type=\"wp-post\" data-elementor-id=\"33057\" class=\"elementor elementor-33057\" data-elementor-post-type=\"post\">\n\t\t\t\t<div class=\"elementor-element elementor-element-4fb1ef3 e-flex e-con-boxed e-con e-parent\" data-id=\"4fb1ef3\" data-element_type=\"container\" data-e-type=\"container\">\n\t\t\t\t\t<div class=\"e-con-inner\">\n\t\t\t\t<div class=\"elementor-element elementor-element-e2d721e elementor-widget elementor-widget-text-editor\" data-id=\"e2d721e\" data-element_type=\"widget\" data-e-type=\"widget\" data-widget_type=\"text-editor.default\">\n\t\t\t\t\t\t\t\t\t<div class=\"article-top container_col\"><div class=\"news economiaSect\"><div class=\"html-content\"><h5><strong>La C\u00e1mara de Representantes aprob\u00f3, en segundo debate, aumentar las horas que componen la jornada nocturna. Estos ser\u00edan los cambios.<\/strong><\/h5><p class=\"font--secondary\">Contin\u00faa el debate de la\u00a0<a href=\"https:\/\/darkgoldenrod-ibex-179495.hostingersite.com\/reforma-laboral-entro-en-la-recta-final-en-camara-en\/\" target=\"_blank\" rel=\"noopener\">reforma laboral<\/a>\u00a0en la C\u00e1mara de Representantes. Recientemente la plenaria aprob\u00f3 el art\u00edculo 13, en el que se establecen cambios para la jornada nocturna y diurna.<\/p><p class=\"font--secondary\">Hay que decir que este ha sido uno de los art\u00edculos m\u00e1s pol\u00e9micos de la reforma (desde la que se radic\u00f3 en la anterior legislatura), pues los cr\u00edticos se\u00f1alan que aumentar la jornada nocturna acarrea incrementos salariales que pueden llegar a ser insostenibles para muchas empresas.<\/p><p>De hecho, el articulado original propon\u00eda que la jornada nocturna se iniciara desde las seis de la tarde y se extendiera hasta las seis de la ma\u00f1ana. No obstante, la medida no pas\u00f3 y, en el primer debate que se adelant\u00f3 en la\u00a0Comisi\u00f3n S\u00e9ptima de la C\u00e1mara de Representantes, esta propuesta fue cambiada (gracias a un consenso que se logr\u00f3 con la oposici\u00f3n) para que arranque desde las siete de la noche, y no a las nueve de la noche, como rige ahora.<\/p><p class=\"font--secondary\">As\u00ed las cosas, el art\u00edculo aprobado establece una jornada laboral nocturna que va desde las siete de la noche y se extiende hasta las seis de la ma\u00f1ana, mientras que la jornada diurna va desde las seis de la ma\u00f1ana y hasta las siete de la noche.<\/p><p class=\"font--secondary\">Para el partido del gobierno, y quienes le han dado una ponencia positiva a la reforma, la aprobaci\u00f3n de este art\u00edculo se puede interpretar como un derecho devuelto a los trabajadores, luego de que en el a\u00f1o 2022 (en el gobierno de \u00c1lvaro Uribe) se le hubiere quitado estas horas a los trabajadores.<\/p><p class=\"font--secondary\">En principio se buscaba que al abaratar el trabajo nocturno el empresariado pudiera crear m\u00e1s plazas laborales. Lo que argumentan los defensores de la reforma es que esos trabajos nunca se crearon, pero qued\u00f3 el deterioro en el pago de quienes trabajan en la mencionada jornada.<\/p><p class=\"font--secondary\">Tambi\u00e9n est\u00e1 en discusi\u00f3n el aumento al recargo en d\u00edas de descanso que, se busca, pase a ser del 100 %. Sobre esa iniciativa, la reforma propone que se adopte de manera transitoria en los pr\u00f3ximos a\u00f1os, una vez entre en vigencia la ley (siempre y cuando sea aprobada en el Congreso).<\/p><p><strong>Fuente: <a href=\"https:\/\/www.larepublica.co\/\" target=\"_blank\" rel=\"noopener\">La Rep\u00fablica<\/a><\/strong><\/p><\/div><\/div><\/div>\t\t\t\t\t\t\t\t<\/div>\n\t\t\t\t\t<\/div>\n\t\t\t\t<\/div>\n\t\t\t\t<\/div>","protected":false},"excerpt":{"rendered":"<p>La C\u00e1mara de Representantes aprob\u00f3, en segundo debate, aumentar las horas que componen la jornada nocturna. Estos ser\u00edan los cambios. Contin\u00faa el debate de la\u00a0reforma laboral\u00a0en la C\u00e1mara de Representantes. Recientemente la plenaria aprob\u00f3 el art\u00edculo 13, en el que se establecen cambios para la jornada nocturna y diurna. Hay que decir que este ha [&hellip;]<\/p>","protected":false},"author":4,"featured_media":33058,"comment_status":"open","ping_status":"open","sticky":false,"template":"","format":"standard","meta":{"_joinchat":[],"footnotes":""},"categories":[27,36,34],"tags":[],"class_list":["post-33057","post","type-post","status-publish","format-standard","has-post-thumbnail","hentry","category-noticias-acl","category-contabilidad","category-laboral"],"_links":{"self":[{"href":"https:\/\/aclco.co\/en\/wp-json\/wp\/v2\/posts\/33057","targetHints":{"allow":["GET"]}}],"collection":[{"href":"https:\/\/aclco.co\/en\/wp-json\/wp\/v2\/posts"}],"about":[{"href":"https:\/\/aclco.co\/en\/wp-json\/wp\/v2\/types\/post"}],"author":[{"embeddable":true,"href":"https:\/\/aclco.co\/en\/wp-json\/wp\/v2\/users\/4"}],"replies":[{"embeddable":true,"href":"https:\/\/aclco.co\/en\/wp-json\/wp\/v2\/comments?post=33057"}],"version-history":[{"count":4,"href":"https:\/\/aclco.co\/en\/wp-json\/wp\/v2\/posts\/33057\/revisions"}],"predecessor-version":[{"id":33063,"href":"https:\/\/aclco.co\/en\/wp-json\/wp\/v2\/posts\/33057\/revisions\/33063"}],"wp:featuredmedia":[{"embeddable":true,"href":"https:\/\/aclco.co\/en\/wp-json\/wp\/v2\/media\/33058"}],"wp:attachment":[{"href":"https:\/\/aclco.co\/en\/wp-json\/wp\/v2\/media?parent=33057"}],"wp:term":[{"taxonomy":"category","embeddable":true,"href":"https:\/\/aclco.co\/en\/wp-json\/wp\/v2\/categories?post=33057"},{"taxonomy":"post_tag","embeddable":true,"href":"https:\/\/aclco.co\/en\/wp-json\/wp\/v2\/tags?post=33057"}],"curies":[{"name":"wp","href":"https:\/\/api.w.org\/{rel}","templated":true}]}}