{"id":33088,"date":"2024-10-09T16:10:14","date_gmt":"2024-10-09T21:10:14","guid":{"rendered":"https:\/\/darkgoldenrod-ibex-179495.hostingersite.com\/?p=33088"},"modified":"2024-10-09T16:15:49","modified_gmt":"2024-10-09T21:15:49","slug":"ya-se-ha-aprobado-mas-del-80-del-proyecto-de-reforma","status":"publish","type":"post","link":"https:\/\/aclco.co\/en\/ya-se-ha-aprobado-mas-del-80-del-proyecto-de-reforma\/","title":{"rendered":"Ya se ha aprobado m\u00e1s del 80% del proyecto de reforma laboral: \u00bfqu\u00e9 falta?"},"content":{"rendered":"<div data-elementor-type=\"wp-post\" data-elementor-id=\"33088\" class=\"elementor elementor-33088\" data-elementor-post-type=\"post\">\n\t\t\t\t<div class=\"elementor-element elementor-element-4fb1ef3 e-flex e-con-boxed e-con e-parent\" data-id=\"4fb1ef3\" data-element_type=\"container\" data-e-type=\"container\">\n\t\t\t\t\t<div class=\"e-con-inner\">\n\t\t\t\t<div class=\"elementor-element elementor-element-e2d721e elementor-widget elementor-widget-text-editor\" data-id=\"e2d721e\" data-element_type=\"widget\" data-e-type=\"widget\" data-widget_type=\"text-editor.default\">\n\t\t\t\t\t\t\t\t\t<div class=\"article-top container_col\"><h5 id=\"p615054-m789-1-790\" class=\"epigraph regular_lead1\"><strong>Este martes, la plenaria de la C\u00e1mara de Representantes aprob\u00f3 un total de 10 art\u00edculos y elimin\u00f3 tres.<\/strong><\/h5><p id=\"p615054-m751-750-752\" class=\"parrafo first-parrafo\">La\u00a0<a href=\"https:\/\/darkgoldenrod-ibex-179495.hostingersite.com\/en-la-reforma-laboral-se-aprobaron-cambios-para-los\/\" target=\"_blank\" rel=\"noopener\">reforma laboral<\/a>\u00a0sigue discuti\u00e9ndose en el\u00a0Congreso de la Rep\u00fablica. Para este martes, la plenaria de la\u00a0C\u00e1mara de Representantes\u00a0le dio continuidad al tr\u00e1mite legislativo de esta iniciativa del Gobierno Nacional.<\/p><p>Para esta jornada se aprobaron un total de 10 art\u00edculos, es decir que, a la fecha, se han aprobado un total de 66, es decir, m\u00e1s del 80% del articulado, mientras que se han eliminado solo tres, Los que lograron pasar el examen, con proposiciones avaladas, fueron:<\/p><ul><li>Art 7: debido proceso disciplinario laboral.<\/li><li>Art 10: estabilidad laboral reforzada.<\/li><li>Art 34: programa de formaci\u00f3n para el trabajo rural.<\/li><li>Art 35: trabajo familiar y comunitario.<\/li><li>Art 36: protecci\u00f3n al trabajo femenino rural y campesino.<\/li><li>Art 62: garant\u00edas del derecho de Asociaci\u00f3n sindical.<\/li><li>Art 63: procedimiento judicial sumario de protecci\u00f3n de los derechos sindicales.<\/li><li>Art 64: medida complementaria a los estatutos.<\/li><li>Art 65: representaci\u00f3n paritaria y\/o proporcional en las organizaciones.<\/li><\/ul><p>Mientras tanto, el\u00a0art\u00edculo 66, que habla sobre la regulaci\u00f3n de pactos colectivos, fue aprobado tal cual como ven\u00eda en el texto de la reforma.<\/p><p>Mientras tanto, los art\u00edculos de la proposici\u00f3n que no lograron pasar fueron los siguientes:<\/p><ul><li>Art 8: indemnizaci\u00f3n por despido sin justa causa. Modif\u00edquese el art\u00edculo 64 del C\u00f3digo Sustantivo del Trabajo.<\/li><li>Art 68: alcance de la decisi\u00f3n. Modif\u00edquese el art\u00edculo 458 del C\u00f3digo Sustantivo del Trabajo.<\/li><li>Art 74: adici\u00f3nese un numeral al art\u00edculo 186 del C\u00f3digo Sustantivo del Trabajo.<\/li><\/ul><p>Ahora resta deliberar un \u00faltimo bloque de art\u00edculos de la reforma: 22, 23, 31, 32, 33, 49, 50, 52, 60, 61, 67, 79 y 80. Se debatir\u00e1n el pr\u00f3ximo 16 de octubre para que siga su tr\u00e1mite en la Comisi\u00f3n VII del Senado de la Rep\u00fablica.<\/p><p><strong>Fuente: <a href=\"https:\/\/www.portafolio.co\/\" target=\"_blank\" rel=\"noopener\">Portafolio<\/a><\/strong><\/p><\/div>\t\t\t\t\t\t\t\t<\/div>\n\t\t\t\t\t<\/div>\n\t\t\t\t<\/div>\n\t\t\t\t<\/div>","protected":false},"excerpt":{"rendered":"<p>Este martes, la plenaria de la C\u00e1mara de Representantes aprob\u00f3 un total de 10 art\u00edculos y elimin\u00f3 tres. La\u00a0reforma laboral\u00a0sigue discuti\u00e9ndose en el\u00a0Congreso de la Rep\u00fablica. Para este martes, la plenaria de la\u00a0C\u00e1mara de Representantes\u00a0le dio continuidad al tr\u00e1mite legislativo de esta iniciativa del Gobierno Nacional. Para esta jornada se aprobaron un total de 10 [&hellip;]<\/p>","protected":false},"author":4,"featured_media":33089,"comment_status":"open","ping_status":"open","sticky":false,"template":"","format":"standard","meta":{"_joinchat":[],"footnotes":""},"categories":[27,36,34],"tags":[],"class_list":["post-33088","post","type-post","status-publish","format-standard","has-post-thumbnail","hentry","category-noticias-acl","category-contabilidad","category-laboral"],"_links":{"self":[{"href":"https:\/\/aclco.co\/en\/wp-json\/wp\/v2\/posts\/33088","targetHints":{"allow":["GET"]}}],"collection":[{"href":"https:\/\/aclco.co\/en\/wp-json\/wp\/v2\/posts"}],"about":[{"href":"https:\/\/aclco.co\/en\/wp-json\/wp\/v2\/types\/post"}],"author":[{"embeddable":true,"href":"https:\/\/aclco.co\/en\/wp-json\/wp\/v2\/users\/4"}],"replies":[{"embeddable":true,"href":"https:\/\/aclco.co\/en\/wp-json\/wp\/v2\/comments?post=33088"}],"version-history":[{"count":4,"href":"https:\/\/aclco.co\/en\/wp-json\/wp\/v2\/posts\/33088\/revisions"}],"predecessor-version":[{"id":33093,"href":"https:\/\/aclco.co\/en\/wp-json\/wp\/v2\/posts\/33088\/revisions\/33093"}],"wp:featuredmedia":[{"embeddable":true,"href":"https:\/\/aclco.co\/en\/wp-json\/wp\/v2\/media\/33089"}],"wp:attachment":[{"href":"https:\/\/aclco.co\/en\/wp-json\/wp\/v2\/media?parent=33088"}],"wp:term":[{"taxonomy":"category","embeddable":true,"href":"https:\/\/aclco.co\/en\/wp-json\/wp\/v2\/categories?post=33088"},{"taxonomy":"post_tag","embeddable":true,"href":"https:\/\/aclco.co\/en\/wp-json\/wp\/v2\/tags?post=33088"}],"curies":[{"name":"wp","href":"https:\/\/api.w.org\/{rel}","templated":true}]}}