{"id":33094,"date":"2024-10-10T12:12:34","date_gmt":"2024-10-10T17:12:34","guid":{"rendered":"https:\/\/darkgoldenrod-ibex-179495.hostingersite.com\/?p=33094"},"modified":"2024-10-10T12:21:51","modified_gmt":"2024-10-10T17:21:51","slug":"de-cuanto-es-el-porcentaje-del-iva-en-colombia","status":"publish","type":"post","link":"https:\/\/aclco.co\/en\/de-cuanto-es-el-porcentaje-del-iva-en-colombia\/","title":{"rendered":"\u00bfDe cu\u00e1nto es el porcentaje del IVA en Colombia?"},"content":{"rendered":"<div data-elementor-type=\"wp-post\" data-elementor-id=\"33094\" class=\"elementor elementor-33094\" data-elementor-post-type=\"post\">\n\t\t\t\t<div class=\"elementor-element elementor-element-4fb1ef3 e-flex e-con-boxed e-con e-parent\" data-id=\"4fb1ef3\" data-element_type=\"container\" data-e-type=\"container\">\n\t\t\t\t\t<div class=\"e-con-inner\">\n\t\t\t\t<div class=\"elementor-element elementor-element-e2d721e elementor-widget elementor-widget-text-editor\" data-id=\"e2d721e\" data-element_type=\"widget\" data-e-type=\"widget\" data-widget_type=\"text-editor.default\">\n\t\t\t\t\t\t\t\t\t<div class=\"article-top container_col\"><div class=\"article-top container_col\"><h5 id=\"p615099-m316-1-317\" class=\"epigraph regular_lead1\">El Impuesto al Valor Agregado (IVA) tiene diferentes tarifas, seg\u00fan el tipo de producto que se compre. Todos los detalles.<\/h5><p id=\"p615099-m278-277-279\" class=\"parrafo first-parrafo\">El\u00a0porcentaje del <a href=\"https:\/\/darkgoldenrod-ibex-179495.hostingersite.com\/devolucion-del-iva-2024-con-cual-metodo-de-pago-lo\/\" target=\"_blank\" rel=\"noopener\">IVA\u00a0o Impuesto al Valor Agregado<\/a>\u00a0es un gravamen que est\u00e1 en la mayor\u00eda de los pa\u00edses del mundo y\u00a0Colombia\u00a0no es la excepci\u00f3n. Actualmente,\u00a0la Direcci\u00f3n de Impuestos y Aduanas Nacionales (DIAN)\u00a0es la entidad encargada de la administraci\u00f3n de este tributo. \u00bfCu\u00e1l es el porcentaje que se cobra en el pa\u00eds?<\/p><p class=\"parrafo first-parrafo\">El IVA\u00a0es una fuente crucial de ingresos para el gobierno, pues se utiliza para financiar programas y servicios p\u00fablicos esenciales. En este sentido,\u00a0el porcentaje o la tarifa general del IVA es del 19% de la gran mayor\u00eda de los productos.<\/p><p>Sin embargo, existen tarifas reducidas del 5% para algunos productos b\u00e1sicos como alimentos y medicamentos, y del 0% para servicios educativos y exportaciones, seg\u00fan lo detallado oficialmente por la DIAN.<\/p><div id=\"p615099-m334-3-335\" class=\"highlighted\"><h5 id=\"m339-338-340\" class=\"tiemposBold3\"><strong>IVA en Colombia: c\u00f3mo se calcula el IVA<\/strong><\/h5><\/div><p id=\"p615099-m346-4-347\" class=\"parrafo\">El c\u00e1lculo del IVA es un proceso sistem\u00e1tico que involucra varios pasos. Primero, se determina la base imponible, que es el valor del bien o servicio antes de impuestos. Luego, se aplica la tarifa correspondiente (19%, 5% o 0%) sobre esta base imponible para calcular el IVA a pagar.<\/p><p class=\"parrafo\">Al comprar una par de zapatillas, por ejemplo, el IVA a pagar ser\u00e1 del 19%. Por ejemplo, si vale 30.000 COP (base imponible: la cantidad sobre la que se calculan los impuestos). A esta cifra habr\u00eda que a\u00f1adirle la tarifa general (19%): que ser\u00edan 5.700 COP. Entonces, el precio final a pagar ser\u00eda de 35.700 COP.<\/p><div id=\"p615099-m352-5-353\" class=\"highlighted\"><h5 id=\"m357-356-358\" class=\"tiemposBold3\"><strong>Devoluci\u00f3n del IVA 2024: de qu\u00e9 se trata el programa<\/strong><\/h5><\/div><p id=\"p615099-m364-6-365\" class=\"parrafo\">Compensaci\u00f3n del IVA, tambi\u00e9n conocido como Devoluci\u00f3n del IVA,\u00a0es un programa del Departamento de Prosperidad Social, en que se realizan \u00abTransferencias Monetarias No Condicionadas \u2013 TMNC\u00bb, que busca reducir el impacto del cobro del impuesto sobre las ventas IVA en los hogares m\u00e1s pobres del pa\u00eds.<\/p><p class=\"parrafo\">Los principales beneficiarios son aquellas personas que est\u00e1n dentro del grupo A o B de la clasificaci\u00f3n que hace el SISB\u00c9N IV. Se dar\u00e1 prioridad a los casos m\u00e1s vulnerables de dichos grupos.<\/p><p class=\"parrafo\">Para este a\u00f1o 2024, la devoluci\u00f3n para los primeros seis meses del a\u00f1o ascender\u00e1 a 599.999 COP, un incremento impulsado por la actualizaci\u00f3n de la Unidad de Valor Tributario (UVT).<\/p><\/div><p><strong>Fuente: <a href=\"https:\/\/www.portafolio.co\/\" target=\"_blank\" rel=\"noopener\">Portafolio<\/a><\/strong><\/p><\/div>\t\t\t\t\t\t\t\t<\/div>\n\t\t\t\t\t<\/div>\n\t\t\t\t<\/div>\n\t\t\t\t<\/div>","protected":false},"excerpt":{"rendered":"<p>El Impuesto al Valor Agregado (IVA) tiene diferentes tarifas, seg\u00fan el tipo de producto que se compre. Todos los detalles. El\u00a0porcentaje del IVA\u00a0o Impuesto al Valor Agregado\u00a0es un gravamen que est\u00e1 en la mayor\u00eda de los pa\u00edses del mundo y\u00a0Colombia\u00a0no es la excepci\u00f3n. Actualmente,\u00a0la Direcci\u00f3n de Impuestos y Aduanas Nacionales (DIAN)\u00a0es la entidad encargada de [&hellip;]<\/p>","protected":false},"author":4,"featured_media":33095,"comment_status":"open","ping_status":"open","sticky":false,"template":"","format":"standard","meta":{"_joinchat":[],"footnotes":""},"categories":[27,36,34],"tags":[],"class_list":["post-33094","post","type-post","status-publish","format-standard","has-post-thumbnail","hentry","category-noticias-acl","category-contabilidad","category-laboral"],"_links":{"self":[{"href":"https:\/\/aclco.co\/en\/wp-json\/wp\/v2\/posts\/33094","targetHints":{"allow":["GET"]}}],"collection":[{"href":"https:\/\/aclco.co\/en\/wp-json\/wp\/v2\/posts"}],"about":[{"href":"https:\/\/aclco.co\/en\/wp-json\/wp\/v2\/types\/post"}],"author":[{"embeddable":true,"href":"https:\/\/aclco.co\/en\/wp-json\/wp\/v2\/users\/4"}],"replies":[{"embeddable":true,"href":"https:\/\/aclco.co\/en\/wp-json\/wp\/v2\/comments?post=33094"}],"version-history":[{"count":4,"href":"https:\/\/aclco.co\/en\/wp-json\/wp\/v2\/posts\/33094\/revisions"}],"predecessor-version":[{"id":33099,"href":"https:\/\/aclco.co\/en\/wp-json\/wp\/v2\/posts\/33094\/revisions\/33099"}],"wp:featuredmedia":[{"embeddable":true,"href":"https:\/\/aclco.co\/en\/wp-json\/wp\/v2\/media\/33095"}],"wp:attachment":[{"href":"https:\/\/aclco.co\/en\/wp-json\/wp\/v2\/media?parent=33094"}],"wp:term":[{"taxonomy":"category","embeddable":true,"href":"https:\/\/aclco.co\/en\/wp-json\/wp\/v2\/categories?post=33094"},{"taxonomy":"post_tag","embeddable":true,"href":"https:\/\/aclco.co\/en\/wp-json\/wp\/v2\/tags?post=33094"}],"curies":[{"name":"wp","href":"https:\/\/api.w.org\/{rel}","templated":true}]}}