{"id":33106,"date":"2024-10-14T16:18:44","date_gmt":"2024-10-14T21:18:44","guid":{"rendered":"https:\/\/darkgoldenrod-ibex-179495.hostingersite.com\/?p=33106"},"modified":"2024-10-14T16:25:37","modified_gmt":"2024-10-14T21:25:37","slug":"ministerio-de-hacienda-preve-que-el-salario-minimo-para","status":"publish","type":"post","link":"https:\/\/aclco.co\/en\/ministerio-de-hacienda-preve-que-el-salario-minimo-para\/","title":{"rendered":"Ministerio de Hacienda prev\u00e9 que el salario m\u00ednimo para 2025 suba solo un d\u00edgito"},"content":{"rendered":"<div data-elementor-type=\"wp-post\" data-elementor-id=\"33106\" class=\"elementor elementor-33106\" data-elementor-post-type=\"post\">\n\t\t\t\t<div class=\"elementor-element elementor-element-4fb1ef3 e-flex e-con-boxed e-con e-parent\" data-id=\"4fb1ef3\" data-element_type=\"container\" data-e-type=\"container\">\n\t\t\t\t\t<div class=\"e-con-inner\">\n\t\t\t\t<div class=\"elementor-element elementor-element-e2d721e elementor-widget elementor-widget-text-editor\" data-id=\"e2d721e\" data-element_type=\"widget\" data-e-type=\"widget\" data-widget_type=\"text-editor.default\">\n\t\t\t\t\t\t\t\t\t<div class=\"article-top container_col\"><div class=\"article-top container_col\"><div class=\"lead\"><h5><strong>De acuerdo con Ricardo Bonilla, la discusi\u00f3n de este a\u00f1o estar\u00e1 ajustada al dato de inflaci\u00f3n, m\u00e1s el \u00edndice de productividad, conforme a lo dispuesto por la ley<\/strong><\/h5><p>Tras su intervenci\u00f3n en el congreso de estudiantes de econom\u00eda, el ministro de Hacienda,\u00a0Ricardo Bonilla, hizo referencia a lo que ser\u00e1 la discusi\u00f3n del salario m\u00ednimo.Tambi\u00e9n aprovecho para insistir en que el Banco de la Rep\u00fablica haga un recorte de tasas de inter\u00e9s m\u00e1s considerable.<\/p><p>Sobre el salario, el titular de la cartera econ\u00f3mica dijo que la discusi\u00f3n de este a\u00f1o se adelantar\u00e1 conforme a lo expuesto por la ley, no obstante,\u00a0dej\u00f3 ver que este a\u00f1o el incremento solo ser\u00eda de un d\u00edgito, contrario a lo que pas\u00f3 en los \u00faltimos dos a\u00f1os, soportado en el comportamiento de la inflaci\u00f3n.<\/p><p>\u201cLa ley dice que el salario m\u00ednimo en principio se debe ajustar contra la inflaci\u00f3n causada. De tal manera que dependiendo en que termine la inflaci\u00f3n, el salario m\u00ednimo debe estar ajustado a eso.\u00a0M\u00e1s un \u00edndice de productividad. Por lo tanto, se estima siempre que el salario m\u00ednimo sube algo m\u00e1s que la inflaci\u00f3n\u201d, explic\u00f3 Bonilla.<\/p><p>El ministro dijo que el Banco de la Rep\u00fablica debe tener en cuenta el comportamiento de la inflaci\u00f3n, que desde el a\u00f1o pasado ha ca\u00eddo 722 puntos, y\u00a0ya est\u00e1 en 5,81%, siendo esta la meta del <a href=\"https:\/\/darkgoldenrod-ibex-179495.hostingersite.com\/gobierno-y-congreso-siguen-sin-llegar-a-un-acuerdo-en-el\/\" target=\"_blank\" rel=\"noopener\">Gobierno<\/a>, pero que no ha sido tan significativa por el nivel de las tasas de inter\u00e9s.<\/p><p>El funcionario asegur\u00f3 que la postura del Emisor no contribuye con la reactivaci\u00f3n, y pidi\u00f3 que en la pr\u00f3xima junta aceleren los recortes.<\/p><p>\u201cLa tasa de intervenci\u00f3n solo ha bajado 300 puntos. De tal manera que tenemos 444 puntos de tasa real contractiva que no ayuda a la reactivaci\u00f3n de la econom\u00eda colombiana.\u00a0Esperamos efectivamente que el banco proceda a acelerar la reducci\u00f3n de la tasa y que reduzca esta tasa real y contribuya a la reactivaci\u00f3n\u201d, dijo Bonilla.<\/p><\/div><\/div><p><strong>Fuente: <a href=\"https:\/\/www.larepublica.co\/\" target=\"_blank\" rel=\"noopener\">La Rep\u00fablica<\/a><\/strong><\/p><\/div>\t\t\t\t\t\t\t\t<\/div>\n\t\t\t\t\t<\/div>\n\t\t\t\t<\/div>\n\t\t\t\t<\/div>","protected":false},"excerpt":{"rendered":"<p>De acuerdo con Ricardo Bonilla, la discusi\u00f3n de este a\u00f1o estar\u00e1 ajustada al dato de inflaci\u00f3n, m\u00e1s el \u00edndice de productividad, conforme a lo dispuesto por la ley Tras su intervenci\u00f3n en el congreso de estudiantes de econom\u00eda, el ministro de Hacienda,\u00a0Ricardo Bonilla, hizo referencia a lo que ser\u00e1 la discusi\u00f3n del salario m\u00ednimo.Tambi\u00e9n aprovecho [&hellip;]<\/p>","protected":false},"author":4,"featured_media":33107,"comment_status":"open","ping_status":"open","sticky":false,"template":"","format":"standard","meta":{"_joinchat":[],"footnotes":""},"categories":[27,36,34],"tags":[],"class_list":["post-33106","post","type-post","status-publish","format-standard","has-post-thumbnail","hentry","category-noticias-acl","category-contabilidad","category-laboral"],"_links":{"self":[{"href":"https:\/\/aclco.co\/en\/wp-json\/wp\/v2\/posts\/33106","targetHints":{"allow":["GET"]}}],"collection":[{"href":"https:\/\/aclco.co\/en\/wp-json\/wp\/v2\/posts"}],"about":[{"href":"https:\/\/aclco.co\/en\/wp-json\/wp\/v2\/types\/post"}],"author":[{"embeddable":true,"href":"https:\/\/aclco.co\/en\/wp-json\/wp\/v2\/users\/4"}],"replies":[{"embeddable":true,"href":"https:\/\/aclco.co\/en\/wp-json\/wp\/v2\/comments?post=33106"}],"version-history":[{"count":4,"href":"https:\/\/aclco.co\/en\/wp-json\/wp\/v2\/posts\/33106\/revisions"}],"predecessor-version":[{"id":33112,"href":"https:\/\/aclco.co\/en\/wp-json\/wp\/v2\/posts\/33106\/revisions\/33112"}],"wp:featuredmedia":[{"embeddable":true,"href":"https:\/\/aclco.co\/en\/wp-json\/wp\/v2\/media\/33107"}],"wp:attachment":[{"href":"https:\/\/aclco.co\/en\/wp-json\/wp\/v2\/media?parent=33106"}],"wp:term":[{"taxonomy":"category","embeddable":true,"href":"https:\/\/aclco.co\/en\/wp-json\/wp\/v2\/categories?post=33106"},{"taxonomy":"post_tag","embeddable":true,"href":"https:\/\/aclco.co\/en\/wp-json\/wp\/v2\/tags?post=33106"}],"curies":[{"name":"wp","href":"https:\/\/api.w.org\/{rel}","templated":true}]}}