{"id":33113,"date":"2024-10-15T11:29:45","date_gmt":"2024-10-15T16:29:45","guid":{"rendered":"https:\/\/darkgoldenrod-ibex-179495.hostingersite.com\/?p=33113"},"modified":"2024-10-15T11:36:14","modified_gmt":"2024-10-15T16:36:14","slug":"a-que-se-expone-si-no-paga-el-iva-a-la-dian-en-colombia","status":"publish","type":"post","link":"https:\/\/aclco.co\/en\/a-que-se-expone-si-no-paga-el-iva-a-la-dian-en-colombia\/","title":{"rendered":"\u00bfA qu\u00e9 se expone si no paga el IVA a la Dian en Colombia?"},"content":{"rendered":"<div data-elementor-type=\"wp-post\" data-elementor-id=\"33113\" class=\"elementor elementor-33113\" data-elementor-post-type=\"post\">\n\t\t\t\t<div class=\"elementor-element elementor-element-4fb1ef3 e-flex e-con-boxed e-con e-parent\" data-id=\"4fb1ef3\" data-element_type=\"container\" data-e-type=\"container\">\n\t\t\t\t\t<div class=\"e-con-inner\">\n\t\t\t\t<div class=\"elementor-element elementor-element-e2d721e elementor-widget elementor-widget-text-editor\" data-id=\"e2d721e\" data-element_type=\"widget\" data-e-type=\"widget\" data-widget_type=\"text-editor.default\">\n\t\t\t\t\t\t\t\t\t<div class=\"article-top container_col\"><div class=\"article-top container_col\"><div class=\"lead\"><h5>A continuaci\u00f3n le explicamos las razones por las cuales siempre deber\u00e1 pedir la factura para as\u00ed contribuir al crecimiento del pa\u00eds.<\/h5><p id=\"p615395-m1089-1088-1090\" class=\"parrafo first-parrafo\">Cuando realice una compra en alg\u00fan comercio es importante que solicite las facturas\u00a0con la idea de no solamente tener claridad de los bienes que usted adquiere sino adem\u00e1s para tener alguna garant\u00eda ante el vendedor frente alguna situaci\u00f3n desalentadora que pueda ocurrirle a un producto y adem\u00e1s que pueda declarar todos sus consumos en los que se incluya el\u00a0IVA\u00a0a la\u00a0<a href=\"https:\/\/darkgoldenrod-ibex-179495.hostingersite.com\/dian-realizara-nueva-jornada-de-cobro-a-deudores-morosos\/\" target=\"_blank\" rel=\"noopener\">DIAN<\/a>.<\/p><p id=\"p615395-m1139-2-1140\" class=\"parrafo\">Por ello, es clave que usted solicite este tipo de documentos siempre que realice sus compras, ya que la persona que le haya entregado la mercanc\u00eda no pagar\u00e1 los impuestos necesarios para que el pa\u00eds pueda invertir en seguridad, educaci\u00f3n y salud teniendo en cuenta que deber\u00e1 en alg\u00fan momento declarar todo tipo de movimientos ante las autoridades.\u00a0Qu\u00e9 ocurre si incumplo en los pagos.<\/p><div id=\"p615395-m1171-4-1172\" class=\"highlighted\"><h5 id=\"m1176-1175-1177\" class=\"tiemposBold3\"><strong>Qu\u00e9 puede pasar si usted no paga el IVA a la DIAN<\/strong><\/h5><\/div><p id=\"p615395-m1183-5-1184\" class=\"parrafo\">Seg\u00fan un comunicado publicado por la entidad en su p\u00e1gina oficial indican:\u00a0\u201cNo pagar del IVA o Impoconsumo constituye un delito penal llamado omisi\u00f3n de agente recaudador, que puede llevar a una pena en prisi\u00f3n de 48 a 108 meses y a una multa equivalente al doble del valor no consignado, sin que supere el valor equivalente a 1.020.000 de UVT ($48.006 millones)\u201d,\u00a0puntualizan.<\/p><p id=\"p615395-m1183-5-1184\" class=\"parrafo\">Tenga en cuenta el importante lema que tiene la Direcci\u00f3n de Impuestos y Aduanas Nacionales:\u00a0\u201cJu\u00e9gale limpio a Colombia\u201d\u00a0con la idea de estar al d\u00eda con este compromiso ciudadano.<\/p><p class=\"parrafo\">Es importante recordar que si usted no paga este impuesto antes de la declaraci\u00f3n del IVA podr\u00eda tener intereses moratorios que aplican desde el vencimiento del plazo para estar al d\u00eda con este tipo de obligaciones.<\/p><p>\u201cEl inter\u00e9s moratorio sobre los impuestos no consignados se liquida diariamente a la tasa de inter\u00e9s vigente: hasta el 31 de marzo es de 31.3%; en el mes de febrero fue de 32.97%; en enero de 32.98%. Esto evidencia lo costoso que resulta NO consignar los valores cobrados como impuesto al valor agregado o impuesto al consumo, sin contar que el incumplimiento puede derivar en denuncias ante la Fiscal\u00eda General de la Naci\u00f3n\u201d, sentencian.<\/p><div id=\"articulocontenido\" class=\"article-content\"><p id=\"p615395-m1215-7-1216\" class=\"parrafo\">Por todo lo anterior tome nota de las respectivas fechas para declarar sus consumos y de esta manera evitar inconvenientes con las autoridades.<\/p><\/div><\/div><\/div><p><strong>Fuente: <a href=\"https:\/\/www.portafolio.co\/\" target=\"_blank\" rel=\"noopener\">Portafolio<\/a><\/strong><\/p><\/div>\t\t\t\t\t\t\t\t<\/div>\n\t\t\t\t\t<\/div>\n\t\t\t\t<\/div>\n\t\t\t\t<\/div>","protected":false},"excerpt":{"rendered":"<p>A continuaci\u00f3n le explicamos las razones por las cuales siempre deber\u00e1 pedir la factura para as\u00ed contribuir al crecimiento del pa\u00eds. Cuando realice una compra en alg\u00fan comercio es importante que solicite las facturas\u00a0con la idea de no solamente tener claridad de los bienes que usted adquiere sino adem\u00e1s para tener alguna garant\u00eda ante el [&hellip;]<\/p>","protected":false},"author":4,"featured_media":33114,"comment_status":"open","ping_status":"open","sticky":false,"template":"","format":"standard","meta":{"_joinchat":[],"footnotes":""},"categories":[27,36,29],"tags":[],"class_list":["post-33113","post","type-post","status-publish","format-standard","has-post-thumbnail","hentry","category-noticias-acl","category-contabilidad","category-tributario"],"_links":{"self":[{"href":"https:\/\/aclco.co\/en\/wp-json\/wp\/v2\/posts\/33113","targetHints":{"allow":["GET"]}}],"collection":[{"href":"https:\/\/aclco.co\/en\/wp-json\/wp\/v2\/posts"}],"about":[{"href":"https:\/\/aclco.co\/en\/wp-json\/wp\/v2\/types\/post"}],"author":[{"embeddable":true,"href":"https:\/\/aclco.co\/en\/wp-json\/wp\/v2\/users\/4"}],"replies":[{"embeddable":true,"href":"https:\/\/aclco.co\/en\/wp-json\/wp\/v2\/comments?post=33113"}],"version-history":[{"count":4,"href":"https:\/\/aclco.co\/en\/wp-json\/wp\/v2\/posts\/33113\/revisions"}],"predecessor-version":[{"id":33118,"href":"https:\/\/aclco.co\/en\/wp-json\/wp\/v2\/posts\/33113\/revisions\/33118"}],"wp:featuredmedia":[{"embeddable":true,"href":"https:\/\/aclco.co\/en\/wp-json\/wp\/v2\/media\/33114"}],"wp:attachment":[{"href":"https:\/\/aclco.co\/en\/wp-json\/wp\/v2\/media?parent=33113"}],"wp:term":[{"taxonomy":"category","embeddable":true,"href":"https:\/\/aclco.co\/en\/wp-json\/wp\/v2\/categories?post=33113"},{"taxonomy":"post_tag","embeddable":true,"href":"https:\/\/aclco.co\/en\/wp-json\/wp\/v2\/tags?post=33113"}],"curies":[{"name":"wp","href":"https:\/\/api.w.org\/{rel}","templated":true}]}}