{"id":33119,"date":"2024-10-16T12:07:32","date_gmt":"2024-10-16T17:07:32","guid":{"rendered":"https:\/\/darkgoldenrod-ibex-179495.hostingersite.com\/?p=33119"},"modified":"2024-10-16T12:24:21","modified_gmt":"2024-10-16T17:24:21","slug":"por-que-se-recomienda-pedir-factura-electronica-en-la","status":"publish","type":"post","link":"https:\/\/aclco.co\/en\/por-que-se-recomienda-pedir-factura-electronica-en-la\/","title":{"rendered":"\u00bfPor que\u0301 se recomienda pedir factura electro\u0301nica en la compra de tiquetes ae\u0301reos?"},"content":{"rendered":"<div data-elementor-type=\"wp-post\" data-elementor-id=\"33119\" class=\"elementor elementor-33119\" data-elementor-post-type=\"post\">\n\t\t\t\t<div class=\"elementor-element elementor-element-4fb1ef3 e-flex e-con-boxed e-con e-parent\" data-id=\"4fb1ef3\" data-element_type=\"container\" data-e-type=\"container\">\n\t\t\t\t\t<div class=\"e-con-inner\">\n\t\t\t\t<div class=\"elementor-element elementor-element-e2d721e elementor-widget elementor-widget-text-editor\" data-id=\"e2d721e\" data-element_type=\"widget\" data-e-type=\"widget\" data-widget_type=\"text-editor.default\">\n\t\t\t\t\t\t\t\t\t<div class=\"article-top container_col\"><div class=\"article-top container_col\"><div class=\"lead\"><h5>Esta pr\u00e1ctica no solo facilitar\u00e1 un mejor control y registro de sus transacciones, sino que contribuir\u00e1 a la transformaci\u00f3n digital del sector a\u00e9reo. <\/h5><p>La Aeron\u00e1utica Civil invit\u00f3 a los usuarios a que soliciten la <a href=\"https:\/\/darkgoldenrod-ibex-179495.hostingersite.com\/facturacion-electronica-y-los-desafios-fiscales-que-esta\/\" target=\"_blank\" rel=\"noopener\">factura electr\u00f3nica<\/a> cada vez que realicen la compra de tiquetes a\u00e9reos en las diferentes aerol\u00edneas disponibles en el pa\u00eds.<\/p><p id=\"p615411-m458-3-459\" class=\"parrafo\">Seg\u00fan esta autoridad, esta pr\u00e1ctica no solo facilitar\u00e1 un mejor control y registro de sus transacciones, sino que contribuir\u00e1 a la transformaci\u00f3n digital del sector a\u00e9reo en Colombia.<\/p><p id=\"p615411-m464-4-465\" class=\"parrafo\">\u201cLa facturaci\u00f3n electr\u00f3nica representa una herramienta importante para asegurar la transparencia en los servicios ofrecidos, brindando a los usuarios mayor confianza y claridad en sus compras\u201d,\u00a0se\u00f1al\u00f3 la Aerocivil.<\/p><p id=\"p615411-m470-5-471\" class=\"parrafo\">Cabe se\u00f1alar que, conforme con las directrices de la Direcci\u00f3n de Impuestos y Aduanas Nacionales (Dian), desde el 1 de septiembre de 2024 es obligatorio que las empresas de transporte a\u00e9reo emitan el documento equivalente a trav\u00e9s del sistema electr\u00f3nico de facturaci\u00f3n, de acuerdo con las resoluciones 165 de 2023 y 008 de 2024.<\/p><p id=\"p615411-m502-7-503\" class=\"parrafo\">La medida, que se enmarca en la estrategia de digitalizaci\u00f3n del Gobierno Nacional, tiene como objetivo optimizar los procesos administrativos y garantizar un sistema m\u00e1s eficiente y controlado en la emisi\u00f3n de tiquetes a\u00e9reos.<\/p><p id=\"p615411-m508-8-509\" class=\"parrafo\">De esta manera,\u00a0la Aeron\u00e1utica Civil hizo un llamado a los pasajeros para que, al momento de adquirir un tiquete con operadores a\u00e9reos y agencias de viaje, soliciten su factura electr\u00f3nica.<\/p><p id=\"p615411-m514-9-515\" class=\"parrafo\">Para m\u00e1s informaci\u00f3n sobre la facturaci\u00f3n electr\u00f3nica y c\u00f3mo solicitar su factura, los usuarios pueden consultar directamente con las aerol\u00edneas y acceder a los canales oficiales de la Direcci\u00f3n Nacional de Impuestos Nacionales (Dian).<\/p><\/div><\/div><p><strong>Fuente: <a href=\"https:\/\/www.portafolio.co\/\" target=\"_blank\" rel=\"noopener\">Portafolio<\/a><\/strong><\/p><\/div>\t\t\t\t\t\t\t\t<\/div>\n\t\t\t\t\t<\/div>\n\t\t\t\t<\/div>\n\t\t\t\t<\/div>","protected":false},"excerpt":{"rendered":"<p>Esta pr\u00e1ctica no solo facilitar\u00e1 un mejor control y registro de sus transacciones, sino que contribuir\u00e1 a la transformaci\u00f3n digital del sector a\u00e9reo. La Aeron\u00e1utica Civil invit\u00f3 a los usuarios a que soliciten la factura electr\u00f3nica cada vez que realicen la compra de tiquetes a\u00e9reos en las diferentes aerol\u00edneas disponibles en el pa\u00eds. Seg\u00fan esta [&hellip;]<\/p>","protected":false},"author":4,"featured_media":33120,"comment_status":"open","ping_status":"open","sticky":false,"template":"","format":"standard","meta":{"_joinchat":[],"footnotes":""},"categories":[27,36,29],"tags":[],"class_list":["post-33119","post","type-post","status-publish","format-standard","has-post-thumbnail","hentry","category-noticias-acl","category-contabilidad","category-tributario"],"_links":{"self":[{"href":"https:\/\/aclco.co\/en\/wp-json\/wp\/v2\/posts\/33119","targetHints":{"allow":["GET"]}}],"collection":[{"href":"https:\/\/aclco.co\/en\/wp-json\/wp\/v2\/posts"}],"about":[{"href":"https:\/\/aclco.co\/en\/wp-json\/wp\/v2\/types\/post"}],"author":[{"embeddable":true,"href":"https:\/\/aclco.co\/en\/wp-json\/wp\/v2\/users\/4"}],"replies":[{"embeddable":true,"href":"https:\/\/aclco.co\/en\/wp-json\/wp\/v2\/comments?post=33119"}],"version-history":[{"count":4,"href":"https:\/\/aclco.co\/en\/wp-json\/wp\/v2\/posts\/33119\/revisions"}],"predecessor-version":[{"id":33125,"href":"https:\/\/aclco.co\/en\/wp-json\/wp\/v2\/posts\/33119\/revisions\/33125"}],"wp:featuredmedia":[{"embeddable":true,"href":"https:\/\/aclco.co\/en\/wp-json\/wp\/v2\/media\/33120"}],"wp:attachment":[{"href":"https:\/\/aclco.co\/en\/wp-json\/wp\/v2\/media?parent=33119"}],"wp:term":[{"taxonomy":"category","embeddable":true,"href":"https:\/\/aclco.co\/en\/wp-json\/wp\/v2\/categories?post=33119"},{"taxonomy":"post_tag","embeddable":true,"href":"https:\/\/aclco.co\/en\/wp-json\/wp\/v2\/tags?post=33119"}],"curies":[{"name":"wp","href":"https:\/\/api.w.org\/{rel}","templated":true}]}}