{"id":33133,"date":"2024-10-18T15:32:03","date_gmt":"2024-10-18T20:32:03","guid":{"rendered":"https:\/\/darkgoldenrod-ibex-179495.hostingersite.com\/?p=33133"},"modified":"2024-10-18T15:45:55","modified_gmt":"2024-10-18T20:45:55","slug":"reforma-laboral-aprobada-por-la-camara-y-ahora-sigue","status":"publish","type":"post","link":"https:\/\/aclco.co\/en\/reforma-laboral-aprobada-por-la-camara-y-ahora-sigue\/","title":{"rendered":"Reforma laboral: aprobada por la C\u00e1mara y ahora sigue hacia el Senado"},"content":{"rendered":"<div data-elementor-type=\"wp-post\" data-elementor-id=\"33133\" class=\"elementor elementor-33133\" data-elementor-post-type=\"post\">\n\t\t\t\t<div class=\"elementor-element elementor-element-4fb1ef3 e-flex e-con-boxed e-con e-parent\" data-id=\"4fb1ef3\" data-element_type=\"container\" data-e-type=\"container\">\n\t\t\t\t\t<div class=\"e-con-inner\">\n\t\t\t\t<div class=\"elementor-element elementor-element-e2d721e elementor-widget elementor-widget-text-editor\" data-id=\"e2d721e\" data-element_type=\"widget\" data-e-type=\"widget\" data-widget_type=\"text-editor.default\">\n\t\t\t\t\t\t\t\t\t<div class=\"article-top container_col\"><div class=\"article-top container_col\"><div class=\"lead\"><h5>Luego de varias semanas de debates, la C\u00e1mara de Representantes aprob\u00f3 (con varias modificaciones) el proyecto del Gobierno que cambiar\u00e1 parcialmente las normas laborales en Colombia. A la reforma le quedan dos debates en el Senado para volverse ley.<\/h5><p class=\"font--secondary\">Luego de varias sesiones legislativas, la <a href=\"https:\/\/darkgoldenrod-ibex-179495.hostingersite.com\/en-la-reforma-laboral-se-aprobaron-cambios-para-los\/\" target=\"_blank\" rel=\"noopener\">reforma laboral<\/a> del Gobierno fue aprobada por la C\u00e1mara de Representantes y ahora apunta al Senado de la Rep\u00fablica, donde le espera otra batalla legislativa.<\/p><p class=\"font--secondary\">Este jueves, 17 de octubre, los representantes terminaron de discutir y de votar la totalidad del articulado propuesto por el Gobierno en el texto de ponencia. Adem\u00e1s, le sumaron ocho art\u00edculos nuevos al proyecto, entre los que se destacan medidas para la formalizaci\u00f3n de transportadores de carga y pasajeros, licencia de matrimonio, actividades productivas de personas privadas de la libertad, medidas contra la discriminaci\u00f3n de personas reintegradas en el marco del conflicto armado, programa de primer empleo y de \u00faltimo empleo y formalizaci\u00f3n laboral de las personas manipuladoras de alimentos, entre otros.<\/p><p>Fueron semanas de intensos debates en torno al proyecto que pretende modificar algunas de las principales normales laborales del pa\u00eds, a trav\u00e9s de cambios en las modalidades de contrataci\u00f3n, en prestaciones sociales, en la licencia de paternidad, en el recargo dominical o en la jornada nocturna, entre otros importantes puntos.<\/p><p class=\"font--secondary\">En su paso por la C\u00e1mara de Representantes, la reforma laboral sufri\u00f3 la eliminaci\u00f3n de m\u00e1s de una veintena de art\u00edculos. Puntualmente, el pasado mi\u00e9rcoles 16 de octubre, la plenaria decidi\u00f3 eliminar los art\u00edculos 31, 32 y 33, correspondientes al contrato agropecuario y el jornal agropecuario, as\u00ed como el art\u00edculo 50, que le permit\u00eda acceder a licencia de paternidad o maternidad a parejas adoptantes del mismo sexo.<\/p><h5 class=\"font--primary\"><b>La recta final de la reforma en C\u00e1mara<\/b><\/h5><p class=\"font--secondary\">En sus \u00faltimas sesiones en la C\u00e1mara, el Gobierno logr\u00f3 victorias significativas de cara a este proyecto, como la prohibici\u00f3n de contratos sindicales (art\u00edculo 67). Por otro lado, a trav\u00e9s de acuerdos con diferentes bancadas, el Gobierno consigui\u00f3 extender la licencia de paternidad, que pasar\u00e1 de dos semanas (como lo indica la ley actualmente) a cuatro semanas de manera gradual: subir\u00e1 a tres semanas en 2025 y alcanzar\u00e1 las cuatro semanas en 2026.<\/p><p class=\"font--secondary\">\u201cQuiero decirle a Colombia que esta propuesta de reforma laboral, que hoy avanz\u00f3 en la plenaria de la C\u00e1mara, tiene la gran propuesta de hacer que Colombia pueda transitar a un pa\u00eds con enfoque de derechos\u201d, se\u00f1al\u00f3 Gloria Ram\u00edrez, ministra de Trabajo, tras la aprobaci\u00f3n del proyecto en la plenaria de la C\u00e1mara de Representantes.<\/p><p class=\"font--secondary\">As\u00ed mismo, la jefe de la cartera laboral del Gobierno sopes\u00f3 las eliminaciones de los art\u00edculos para el campesinado durante las deliberaciones. \u201cLamentamos profundamente que no hayamos podido aprovechar de mejor manera la oportunidad para haber dado a los campesinos de Colombia un contrato que los dignificara. Seguiremos avanzando en esta propuesta hacia el Senado\u201d, a\u00f1adi\u00f3.<\/p><h3><strong>Actualizaciones Clave<\/strong><\/h3><div id=\"liveUpdate-x\"><div class=\"LiveUpdate\"><ul><li class=\"LiveUpdate-Title\"><h5><strong>La reforma laboral termina su paso por la C\u00e1mara<\/strong><\/h5><\/li><\/ul><\/div><\/div><p class=\"font--secondary\">A eso de las 4:00 p.m. de este jueves, la C\u00e1mara de Representantes dio por terminado el tr\u00e1mite de la reforma laboral y anunci\u00f3 que el proyecto pasar\u00e1 al Senado de la Rep\u00fablica, donde tendr\u00e1 su tercer y cuarto debate<\/p><p class=\"font--secondary\">\u201cTenemos que reconocer el gran esfuerzo que se hizo con las diferentes bancadas para llegar a acuerdos y que la reforma saliera mejorada y que pudi\u00e9ramos llevar a los colombianos y colombianas la estabilidad laboral, que es una necesidad en este pa\u00eds, apartarnos de la precarizaci\u00f3n\u201d, dijo Gloria Ram\u00edrez, ministra de Trabajo.<\/p><div id=\"liveUpdate-x\"><div class=\"LiveUpdate\"><ul><li class=\"LiveUpdate-Title\"><h5><strong>Aprueban m\u00e1s art\u00edculos nuevos a la reforma<\/strong><\/h5><\/li><\/ul><\/div><\/div><p class=\"font--secondary\">Tras la aprobaci\u00f3n de un art\u00edculo que propende por la formalizaci\u00f3n de transportadores de carga y pasajeros, la plenaria de la C\u00e1mara aprob\u00f3 un bloque de m\u00e1s puntos. Entre estos se destacan:<\/p><ul><li style=\"list-style-type: none;\"><ul class=\"\"><li>Promoci\u00f3n del trabajo sostenible<\/li><li>Actividades productivas de personas privadas de la libertad<\/li><li>Medidas contra la discriminaci\u00f3n de personas reintegradas en el marco del conflicto armado<\/li><li>Programa de primer empleo y de \u00faltimo empleo.<\/li><li>Formalizaci\u00f3n laboral de las personas manipuladoras de alimentos.<\/li><li>Entornos laborales flexibles.<\/li><li>Licencia por matrimonio.<\/li><\/ul><\/li><\/ul><div id=\"liveUpdate-x\"><div class=\"LiveUpdate\"><ul><li class=\"LiveUpdate-Title\"><h5><strong>El primer art\u00edculo nuevo que se suma a la reforma laboral<\/strong><\/h5><\/li><\/ul><\/div><\/div><p class=\"font--secondary\">Por amplia mayor\u00eda, la plenaria de la C\u00e1mara de Representantes decidi\u00f3 acoger la proposici\u00f3n que a\u00f1ade un nuevo art\u00edculo a la reforma laboral, relacionado con la\u00a0formalizaci\u00f3n y contrataci\u00f3n laboral de trabajadores del transporte de pasajeros y de carga.<\/p><div id=\"liveUpdate-x\"><div class=\"LiveUpdate\"><ul><li class=\"LiveUpdate-Title\"><h5><strong>\u00bfQu\u00e9 se le quiere sumar a la reforma laboral?<\/strong><\/h5><\/li><\/ul><\/div><\/div><p class=\"font--secondary\">Jaime Ra\u00fal Salamanca, presidente de la C\u00e1mara de Representantes, explic\u00f3 que ya hay acuerdos entre el Gobierno y las bancadas sobre algunos art\u00edculos nuevos para la reforma laboral, los cuales se debatir\u00e1n y votar\u00e1n en las siguientes horas de la sesi\u00f3n legislativa de este jueves 17 de octubre.<\/p><p class=\"font--secondary\">Se trata de una serie de propuestas de nuevos art\u00edculos para la reforma laboral:<\/p><ul><li style=\"list-style-type: none;\"><ul class=\"\"><li>Promoci\u00f3n del trabajo sostenible<\/li><li>Medidas contra la discriminaci\u00f3n de personas reintegradas y reincorporadas en el marco del conflicto armado<\/li><li>Actividades productivas para personas privadas de la libertad<\/li><li>Programa de primer y \u00faltimo empleo<\/li><li>Formalizaci\u00f3n laboral de personas que manipulen alimentos<\/li><li>Entornos laborales flexibles<\/li><li>Formalizaci\u00f3n y contrataci\u00f3n laboral de trabajadores del transporte de pasajeros y de carga.<\/li><li>Licencia por matrimonio<\/li><\/ul><\/li><\/ul><p class=\"font--secondary\">Los seis primeros se votar\u00e1n en dos bloques, mientras que los dos \u00faltimos se votar\u00e1n por aparte, seg\u00fan Salamanca.<\/p><div id=\"liveUpdate-x\"><div class=\"LiveUpdate\"><ul><li class=\"LiveUpdate-Title\"><h5><strong>\u00bfQu\u00e9 viene ahora en el debate de la reforma laboral?<\/strong><\/h5><\/li><\/ul><\/div><\/div><p class=\"font--secondary\">Siendo las 2:00 p.m. de este jueves, 17 de octubre, la plenaria de la C\u00e1mara termin\u00f3 de discutir y votar la totalidad del articulado de la reforma laboral propuesto por el Gobierno en el texto de ponencia. Ahora, la corporaci\u00f3n analizar\u00e1 propuestas de nuevos art\u00edculos.<\/p><div id=\"liveUpdate-x\"><div class=\"LiveUpdate\"><ul><li class=\"LiveUpdate-Title\"><h5><strong>Aprobado el \u00faltimo bloque de art\u00edculos<\/strong><\/h5><\/li><\/ul><\/div><\/div><p class=\"font--secondary\">Hacia la 1:45 p.m. de este jueves, la plenaria de la C\u00e1mara de Representantes aprob\u00f3 por mayor\u00eda los\u00a0art\u00edculos 60, 61 y 80\u00a0con proposiciones avaladas y el\u00a0art\u00edculo 79\u00a0como viene en la ponencia.<\/p><p class=\"font--secondary\">Los resultados de la votaci\u00f3n fueron: 93 votos para el s\u00ed y 33 votos por el no.<\/p><div id=\"liveUpdate-x\"><div class=\"LiveUpdate\"><ul><li class=\"LiveUpdate-Title\"><h5><strong>Se salvaron los art\u00edculos 60, 61 y 80<\/strong><\/h5><\/li><\/ul><\/div><\/div><p class=\"font--secondary\">Con 91 votos negativos y 32 votos positivos, la plenaria de la C\u00e1mara neg\u00f3 las proposiciones de eliminaci\u00f3n de los art\u00edculos 60, 61 y 80.<\/p><div id=\"liveUpdate-x\"><div class=\"LiveUpdate\"><ul><li class=\"LiveUpdate-Title\"><h5><strong>Arranca la votaci\u00f3n de los \u00faltimos art\u00edculos<\/strong><\/h5><\/li><\/ul><\/div><\/div><p class=\"font--secondary\">Hacia las 12:50 p.m. de este jueves, 17 de octubre, inici\u00f3 la votaci\u00f3n de las proposiciones de eliminaci\u00f3n de tres art\u00edculos de la reforma laboral en la C\u00e1mara de Representantes: los puntos 60, 61 y 80.<\/p><p class=\"font--secondary\">El art\u00edculo 60\u00a0habla sobre protecci\u00f3n laboral frente a la automatizaci\u00f3n de actividades. En procesos de automatizaci\u00f3n que puedan implicar la terminaci\u00f3n de puestos de trabajo, los trabajadores y trabajadoras que ocupan los cargos que podr\u00edan ser afectados o reemplazados en un proceso de automatizaci\u00f3n, tienen derecho a ser informados sobre el proceso de automatizaci\u00f3n, participar en planes de reconversi\u00f3n laboral y capacitaci\u00f3n en nuevas formas de trabajo y, en caso de no ser procedente la reubicaci\u00f3n laboral, tendr\u00e1n derecho al reconocimiento de la indemnizaci\u00f3n de ley por despido sin justa causa.<\/p><p class=\"font--secondary\">El art\u00edculo 61\u00a0contempla protecci\u00f3n laboral frente a procesos de descarbonizaci\u00f3n y transici\u00f3n energ\u00e9tica. Mientras que el\u00a0art\u00edculo 80\u00a0hace referencia a las vigencias de la reforma laboral.<\/p><div id=\"liveUpdate-x\"><div class=\"LiveUpdate\"><ul><li class=\"LiveUpdate-Title\"><h5><strong>\u00bfEn qu\u00e9 va la reforma laboral?<\/strong><\/h5><\/li><\/ul><\/div><\/div><p class=\"font--secondary\">En la anterior sesi\u00f3n legislativa, la del pasado mi\u00e9rcoles, se aprobaron las proposiciones de eliminaci\u00f3n de art\u00edculos 31, 32 y 33.<\/p><p class=\"font--secondary\">Se aprobaron las proposiciones avaladas de los art\u00edculos 49, 52, 22 y 23. Se vot\u00f3 el art\u00edculo 67 como viene en la ponencia; se elimin\u00f3 el art\u00edculo 50 y la sesi\u00f3n de este jueves iniciar\u00e1 con la votaci\u00f3n de las proposiciones de eliminaci\u00f3n de los art\u00edculos 60, 61 y 80.<\/p><div id=\"liveUpdate-x\"><div class=\"LiveUpdate\"><ul><li class=\"LiveUpdate-Title\"><h5><strong>Inicia el debate sobre la reforma laboral<\/strong><\/h5><\/li><\/ul><\/div><\/div><p class=\"font--secondary\">A eso de las 12:30 p.m. de este jueves, 17 de octubre, empez\u00f3 la que ser\u00eda la \u00faltima sesi\u00f3n legislativa de la reforma laboral en la C\u00e1mara de Representantes, donde el proyecto ha tenido un paso relativamente sencillo, pues all\u00ed el Gobierno cuenta con mayor\u00edas. No obstante, para que la reforma laboral sea una realidad, todav\u00eda tiene que pasar por el Senado de la Rep\u00fablica, donde habr\u00eda un ambiente poco favorable para el proyecto, teniendo en cuenta que all\u00ed el oficialismo no tiene mayor\u00edas.<\/p><p><strong>Fuente: <a href=\"https:\/\/www.elespectador.com\/\" target=\"_blank\" rel=\"noopener\">El Espectador<\/a><\/strong><\/p><\/div><\/div><\/div>\t\t\t\t\t\t\t\t<\/div>\n\t\t\t\t\t<\/div>\n\t\t\t\t<\/div>\n\t\t\t\t<\/div>","protected":false},"excerpt":{"rendered":"<p>Luego de varias semanas de debates, la C\u00e1mara de Representantes aprob\u00f3 (con varias modificaciones) el proyecto del Gobierno que cambiar\u00e1 parcialmente las normas laborales en Colombia. A la reforma le quedan dos debates en el Senado para volverse ley. Luego de varias sesiones legislativas, la reforma laboral del Gobierno fue aprobada por la C\u00e1mara de [&hellip;]<\/p>","protected":false},"author":4,"featured_media":33134,"comment_status":"open","ping_status":"open","sticky":false,"template":"","format":"standard","meta":{"_joinchat":[],"footnotes":""},"categories":[27,36,34],"tags":[],"class_list":["post-33133","post","type-post","status-publish","format-standard","has-post-thumbnail","hentry","category-noticias-acl","category-contabilidad","category-laboral"],"_links":{"self":[{"href":"https:\/\/aclco.co\/en\/wp-json\/wp\/v2\/posts\/33133","targetHints":{"allow":["GET"]}}],"collection":[{"href":"https:\/\/aclco.co\/en\/wp-json\/wp\/v2\/posts"}],"about":[{"href":"https:\/\/aclco.co\/en\/wp-json\/wp\/v2\/types\/post"}],"author":[{"embeddable":true,"href":"https:\/\/aclco.co\/en\/wp-json\/wp\/v2\/users\/4"}],"replies":[{"embeddable":true,"href":"https:\/\/aclco.co\/en\/wp-json\/wp\/v2\/comments?post=33133"}],"version-history":[{"count":5,"href":"https:\/\/aclco.co\/en\/wp-json\/wp\/v2\/posts\/33133\/revisions"}],"predecessor-version":[{"id":33139,"href":"https:\/\/aclco.co\/en\/wp-json\/wp\/v2\/posts\/33133\/revisions\/33139"}],"wp:featuredmedia":[{"embeddable":true,"href":"https:\/\/aclco.co\/en\/wp-json\/wp\/v2\/media\/33134"}],"wp:attachment":[{"href":"https:\/\/aclco.co\/en\/wp-json\/wp\/v2\/media?parent=33133"}],"wp:term":[{"taxonomy":"category","embeddable":true,"href":"https:\/\/aclco.co\/en\/wp-json\/wp\/v2\/categories?post=33133"},{"taxonomy":"post_tag","embeddable":true,"href":"https:\/\/aclco.co\/en\/wp-json\/wp\/v2\/tags?post=33133"}],"curies":[{"name":"wp","href":"https:\/\/api.w.org\/{rel}","templated":true}]}}