{"id":33142,"date":"2024-10-21T15:16:07","date_gmt":"2024-10-21T20:16:07","guid":{"rendered":"https:\/\/darkgoldenrod-ibex-179495.hostingersite.com\/?p=33142"},"modified":"2024-10-21T15:24:49","modified_gmt":"2024-10-21T20:24:49","slug":"aprueban-proyecto-para-la-devolucion-expres-de-saldos","status":"publish","type":"post","link":"https:\/\/aclco.co\/en\/aprueban-proyecto-para-la-devolucion-expres-de-saldos\/","title":{"rendered":"Aprueban proyecto para la devoluci\u00f3n expr\u00e9s de saldos a favor en declaraci\u00f3n de renta"},"content":{"rendered":"<div data-elementor-type=\"wp-post\" data-elementor-id=\"33142\" class=\"elementor elementor-33142\" data-elementor-post-type=\"post\">\n\t\t\t\t<div class=\"elementor-element elementor-element-4fb1ef3 e-flex e-con-boxed e-con e-parent\" data-id=\"4fb1ef3\" data-element_type=\"container\" data-e-type=\"container\">\n\t\t\t\t\t<div class=\"e-con-inner\">\n\t\t\t\t<div class=\"elementor-element elementor-element-e2d721e elementor-widget elementor-widget-text-editor\" data-id=\"e2d721e\" data-element_type=\"widget\" data-e-type=\"widget\" data-widget_type=\"text-editor.default\">\n\t\t\t\t\t\t\t\t\t<div class=\"article-top container_col\">\n<div class=\"article-top container_col\">\n<div class=\"lead\">\n<h5 id=\"p615576-m911-1-912\" class=\"epigraph regular_lead1\"><strong>La iniciativa contin\u00faa su tr\u00e1mite y\u00a0discusi\u00f3n en tercer debate en la C\u00e1mara de Representantes. \u00bfQu\u00e9 cambia?<\/strong><\/h5>\n<p>La plenaria del Senado de la Rep\u00fablica aprob\u00f3 esta semana un proyecto de ley que busca reducir el tiempo para que la\u00a0<a href=\"https:\/\/darkgoldenrod-ibex-179495.hostingersite.com\/dian-realizara-nueva-jornada-de-cobro-a-deudores-morosos\/\" target=\"_blank\" rel=\"noopener\">Direcci\u00f3n de Impuestos y Aduanas Nacionales (Dian)<\/a>\u00a0realice la devoluci\u00f3n de saldos a favor en la declaraci\u00f3n de renta de los contribuyentes.<\/p>\n<p id=\"p615576-m935-3-936\" class=\"parrafo\">La iniciativa, que pasar\u00e1 ahora a discusi\u00f3n en tercer debate en la C\u00e1mara de Representantes,\u00a0modifica el art\u00edculo 855 del Estatuto Tributario\u00a0y dem\u00e1s normas relacionadas con la devoluci\u00f3n y\/o compensaci\u00f3n por saldos a favor, originados en las declaraciones o actos administrativos del impuesto sobre la renta y complementarios.<\/p>\n<p id=\"p615576-m941-4-942\" class=\"parrafo\">El senador Efra\u00edn Cepeda, presidente del Congreso, es el ponente del proyecto quien busca, adicionalmente,\u00a0que dicha devoluci\u00f3n se genere sin necesidad de mediar solicitud alguna por parte del contribuyente.<\/p>\n<p id=\"p615576-m953-6-954\" class=\"parrafo\">La norma incluir\u00eda a las personas asalariadas o que devenguen honorarios por prestaci\u00f3n de servicios para ser beneficiadas de la devoluci\u00f3n autom\u00e1tica cuando se cumplan con los requisitos exigidos para el reintegro del saldo.<\/p>\n<p id=\"p615576-m985-8-986\" class=\"parrafo\">El decreto Ley 624 de 1989, m\u00e1s conocido como Estatuto Tributario,\u00a0en el T\u00edtulo X incorpora una actuaci\u00f3n administrativa tributaria denominada devoluci\u00f3n y\/o compensaci\u00f3n de impuestos por saldos a favor originados en los actos administrativos- aqu\u00ed, se especifica que el art\u00edculo 850 de esta norma dispone que los contribuyentes o responsables que liquiden saldos a favor en sus declaraciones tributarias y aduaneras, cualquiera que fuere el concepto del pago, siguiendo el mismo procedimiento que se aplica para las devoluciones de los saldos a favor.<\/p>\n<p id=\"p615576-m997-10-998\" class=\"parrafo\">Este art\u00edculo tambi\u00e9n fija los t\u00e9rminos a plazos a los contribuyentes para que presenten las solicitudes correspondientes, y a la Dian para efectuar la devoluci\u00f3n cuando haya lugar a ello.<\/p>\n<p><strong>Fuente: <a href=\"https:\/\/www.portafolio.co\/\" target=\"_blank\" rel=\"noopener\">Portafolio<\/a><\/strong><\/p>\n<\/div>\n<\/div>\n<\/div>\t\t\t\t\t\t\t\t<\/div>\n\t\t\t\t\t<\/div>\n\t\t\t\t<\/div>\n\t\t\t\t<\/div>","protected":false},"excerpt":{"rendered":"<p>La iniciativa contin\u00faa su tr\u00e1mite y\u00a0discusi\u00f3n en tercer debate en la C\u00e1mara de Representantes. \u00bfQu\u00e9 cambia? La plenaria del Senado de la Rep\u00fablica aprob\u00f3 esta semana un proyecto de ley que busca reducir el tiempo para que la\u00a0Direcci\u00f3n de Impuestos y Aduanas Nacionales (Dian)\u00a0realice la devoluci\u00f3n de saldos a favor en la declaraci\u00f3n de renta [&hellip;]<\/p>","protected":false},"author":4,"featured_media":33143,"comment_status":"open","ping_status":"open","sticky":false,"template":"","format":"standard","meta":{"_joinchat":[],"footnotes":""},"categories":[27,36,29],"tags":[],"class_list":["post-33142","post","type-post","status-publish","format-standard","has-post-thumbnail","hentry","category-noticias-acl","category-contabilidad","category-tributario"],"_links":{"self":[{"href":"https:\/\/aclco.co\/en\/wp-json\/wp\/v2\/posts\/33142","targetHints":{"allow":["GET"]}}],"collection":[{"href":"https:\/\/aclco.co\/en\/wp-json\/wp\/v2\/posts"}],"about":[{"href":"https:\/\/aclco.co\/en\/wp-json\/wp\/v2\/types\/post"}],"author":[{"embeddable":true,"href":"https:\/\/aclco.co\/en\/wp-json\/wp\/v2\/users\/4"}],"replies":[{"embeddable":true,"href":"https:\/\/aclco.co\/en\/wp-json\/wp\/v2\/comments?post=33142"}],"version-history":[{"count":4,"href":"https:\/\/aclco.co\/en\/wp-json\/wp\/v2\/posts\/33142\/revisions"}],"predecessor-version":[{"id":33148,"href":"https:\/\/aclco.co\/en\/wp-json\/wp\/v2\/posts\/33142\/revisions\/33148"}],"wp:featuredmedia":[{"embeddable":true,"href":"https:\/\/aclco.co\/en\/wp-json\/wp\/v2\/media\/33143"}],"wp:attachment":[{"href":"https:\/\/aclco.co\/en\/wp-json\/wp\/v2\/media?parent=33142"}],"wp:term":[{"taxonomy":"category","embeddable":true,"href":"https:\/\/aclco.co\/en\/wp-json\/wp\/v2\/categories?post=33142"},{"taxonomy":"post_tag","embeddable":true,"href":"https:\/\/aclco.co\/en\/wp-json\/wp\/v2\/tags?post=33142"}],"curies":[{"name":"wp","href":"https:\/\/api.w.org\/{rel}","templated":true}]}}