{"id":33182,"date":"2024-10-28T12:56:12","date_gmt":"2024-10-28T17:56:12","guid":{"rendered":"https:\/\/darkgoldenrod-ibex-179495.hostingersite.com\/?p=33182"},"modified":"2024-10-28T13:02:26","modified_gmt":"2024-10-28T18:02:26","slug":"cae-la-confianza-empresarial-en-el-comercio-y-mejora-en","status":"publish","type":"post","link":"https:\/\/aclco.co\/en\/cae-la-confianza-empresarial-en-el-comercio-y-mejora-en\/","title":{"rendered":"Cae la confianza empresarial en el comercio y mejora en la industria: \u00bfpor qu\u00e9?"},"content":{"rendered":"<div data-elementor-type=\"wp-post\" data-elementor-id=\"33182\" class=\"elementor elementor-33182\" data-elementor-post-type=\"post\">\n\t\t\t\t<div class=\"elementor-element elementor-element-4fb1ef3 e-flex e-con-boxed e-con e-parent\" data-id=\"4fb1ef3\" data-element_type=\"container\" data-e-type=\"container\">\n\t\t\t\t\t<div class=\"e-con-inner\">\n\t\t\t\t<div class=\"elementor-element elementor-element-e2d721e elementor-widget elementor-widget-text-editor\" data-id=\"e2d721e\" data-element_type=\"widget\" data-e-type=\"widget\" data-widget_type=\"text-editor.default\">\n\t\t\t\t\t\t\t\t\t<div class=\"article-top container_col\"><div class=\"article-top container_col\"><div class=\"lead\"><div class=\"news economiaSect\"><div class=\"html-content\"><div class=\"lead\"><div class=\"lead\"><h5><strong>De acuerdo con la encuesta de Fedesarrollo, las expectativas de la situaci\u00f3n <a href=\"https:\/\/darkgoldenrod-ibex-179495.hostingersite.com\/ofreceran-compensaciones-economicas-a-grandes-usuarios\/\" target=\"_blank\" rel=\"noopener\">econ\u00f3mica<\/a> para el pr\u00f3ximo semestre permanecieron constantes en septiembre respecto al mes anterior.<\/strong><\/h5><p class=\"font--secondary\">La Encuesta de Opini\u00f3n Empresarial del Centro de Investigaci\u00f3n Econ\u00f3mica de Fedesarrollo revel\u00f3 que en septiembre cay\u00f3 1,6 puntos porcentuales el \u00cdndice de Confianza Comercial (ICCO) en comparaci\u00f3n con agosto al ubicarse en 12,2 % y se redujo en 2,9 puntos porcentuales (pps) frente al mismo mes de 2023.<\/p><p class=\"font--secondary\">De acuerdo con la entidad, la reducci\u00f3n en la confianza comercial se explic\u00f3 por un aumento de 6,3 pps en el nivel de existencias, compensado parcialmente por un incremento de 1,4 pps en la percepci\u00f3n de la situaci\u00f3n econ\u00f3mica actual de la empresa o negocio.<\/p><p class=\"font--secondary\">Por su parte, las expectativas de la situaci\u00f3n econ\u00f3mica para el pr\u00f3ximo semestre permanecieron constantes respecto al mes anterior.<\/p><p class=\"font--secondary\">El \u00cdndice de Confianza Industrial (ICI) se situ\u00f3 en 1,3 % en septiembre, lo que represent\u00f3 un incremento de 2,7 pps respecto al mes anterior (-1,4 %). de 3,5 pps en el volumen actual de pedidos, un incremento de 2,4 pps en las expectativas de producci\u00f3n para el pr\u00f3ximo trimestre y una reducci\u00f3n de 2,4 pps en el nivel de existencias.<\/p><p class=\"font--secondary\">De acuerdo con la entidad, en comparaci\u00f3n con septiembre de 2023, el ICI aument\u00f3 en 0,5 pps (ICI septiembre 2023: 0,8 %).<\/p><p class=\"font--secondary\">La encuesta tambi\u00e9n revel\u00f3 que las expectativas de generaci\u00f3n de empleo del sector industrial para el pr\u00f3ximo trimestre aumentaron en 3,6 pps en comparaci\u00f3n con el trimestre de abril a junio, e incrementaron 1,3 pps respecto al mismo trimestre del a\u00f1o anterior (3,3 %).<\/p><p class=\"font--secondary\">La percepci\u00f3n de los industriales sobre la presencia de actividades de contrabando se ubic\u00f3 en 7,6 %, lo que constituye un incremento de 2,3 pps respecto al trimestre anterior (5,3 %) y un aumento de 8,6 pps frente al mismo trimestre analizado para 2023 (-1 %).<\/p><\/div><\/div><\/div><\/div><p><strong>Fuente: <a href=\"https:\/\/www.elespectador.com\/\" target=\"_blank\" rel=\"noopener\">El Espectador<\/a><\/strong><\/p><\/div><\/div><\/div>\t\t\t\t\t\t\t\t<\/div>\n\t\t\t\t\t<\/div>\n\t\t\t\t<\/div>\n\t\t\t\t<\/div>","protected":false},"excerpt":{"rendered":"<p>De acuerdo con la encuesta de Fedesarrollo, las expectativas de la situaci\u00f3n econ\u00f3mica para el pr\u00f3ximo semestre permanecieron constantes en septiembre respecto al mes anterior. La Encuesta de Opini\u00f3n Empresarial del Centro de Investigaci\u00f3n Econ\u00f3mica de Fedesarrollo revel\u00f3 que en septiembre cay\u00f3 1,6 puntos porcentuales el \u00cdndice de Confianza Comercial (ICCO) en comparaci\u00f3n con agosto [&hellip;]<\/p>","protected":false},"author":4,"featured_media":33183,"comment_status":"open","ping_status":"open","sticky":false,"template":"","format":"standard","meta":{"_joinchat":[],"footnotes":""},"categories":[27,36,35],"tags":[],"class_list":["post-33182","post","type-post","status-publish","format-standard","has-post-thumbnail","hentry","category-noticias-acl","category-contabilidad","category-economia-finanzas"],"_links":{"self":[{"href":"https:\/\/aclco.co\/en\/wp-json\/wp\/v2\/posts\/33182","targetHints":{"allow":["GET"]}}],"collection":[{"href":"https:\/\/aclco.co\/en\/wp-json\/wp\/v2\/posts"}],"about":[{"href":"https:\/\/aclco.co\/en\/wp-json\/wp\/v2\/types\/post"}],"author":[{"embeddable":true,"href":"https:\/\/aclco.co\/en\/wp-json\/wp\/v2\/users\/4"}],"replies":[{"embeddable":true,"href":"https:\/\/aclco.co\/en\/wp-json\/wp\/v2\/comments?post=33182"}],"version-history":[{"count":5,"href":"https:\/\/aclco.co\/en\/wp-json\/wp\/v2\/posts\/33182\/revisions"}],"predecessor-version":[{"id":33188,"href":"https:\/\/aclco.co\/en\/wp-json\/wp\/v2\/posts\/33182\/revisions\/33188"}],"wp:featuredmedia":[{"embeddable":true,"href":"https:\/\/aclco.co\/en\/wp-json\/wp\/v2\/media\/33183"}],"wp:attachment":[{"href":"https:\/\/aclco.co\/en\/wp-json\/wp\/v2\/media?parent=33182"}],"wp:term":[{"taxonomy":"category","embeddable":true,"href":"https:\/\/aclco.co\/en\/wp-json\/wp\/v2\/categories?post=33182"},{"taxonomy":"post_tag","embeddable":true,"href":"https:\/\/aclco.co\/en\/wp-json\/wp\/v2\/tags?post=33182"}],"curies":[{"name":"wp","href":"https:\/\/api.w.org\/{rel}","templated":true}]}}