{"id":33190,"date":"2024-10-29T12:50:13","date_gmt":"2024-10-29T17:50:13","guid":{"rendered":"https:\/\/darkgoldenrod-ibex-179495.hostingersite.com\/?p=33190"},"modified":"2024-10-29T12:59:39","modified_gmt":"2024-10-29T17:59:39","slug":"proyecciones-del-dolar-cuales-son-las-tensiones-que","status":"publish","type":"post","link":"https:\/\/aclco.co\/en\/proyecciones-del-dolar-cuales-son-las-tensiones-que\/","title":{"rendered":"Proyecciones del d\u00f3lar: cu\u00e1les son las tensiones que mover\u00e1n su precio esta semana"},"content":{"rendered":"<div data-elementor-type=\"wp-post\" data-elementor-id=\"33190\" class=\"elementor elementor-33190\" data-elementor-post-type=\"post\">\n\t\t\t\t<div class=\"elementor-element elementor-element-4fb1ef3 e-flex e-con-boxed e-con e-parent\" data-id=\"4fb1ef3\" data-element_type=\"container\" data-e-type=\"container\">\n\t\t\t\t\t<div class=\"e-con-inner\">\n\t\t\t\t<div class=\"elementor-element elementor-element-e2d721e elementor-widget elementor-widget-text-editor\" data-id=\"e2d721e\" data-element_type=\"widget\" data-e-type=\"widget\" data-widget_type=\"text-editor.default\">\n\t\t\t\t\t\t\t\t\t<div class=\"article-top container_col\"><div class=\"article-top container_col\"><div class=\"lead\"><div class=\"news economiaSect\"><div class=\"html-content\"><div class=\"lead\"><div class=\"lead\"><h5>Son diversas las variables que contin\u00faan influyendo en el billete verde. Esto es lo que proyectan los analistas.<\/h5><p class=\"font--secondary\">En el \u00faltimo mes, el\u00a0<a href=\"https:\/\/darkgoldenrod-ibex-179495.hostingersite.com\/precio-del-dolar-hoy-en-colombia-asi-cerro-la-divisa-2\/\" target=\"_blank\" rel=\"noopener\">d\u00f3lar<\/a>\u00a0ha tenido una escalada que lo ha llevado de los $4.164 a los $4.331. La diferencia es de $167, lo que se traduce en un incremento de 4 %.<\/p><div class=\"RelatedLinks\"><p class=\"font--secondary\">Las razones han sido varias, seg\u00fan los\u00a0analistas\u00a0consultados. Gran parte se debe a los precios del petr\u00f3leo, ya que el crudo se ha visto afectado por los conflictos que persisten en el Medio Oriente.<\/p><div class=\"Article-Widget Article-Widget_related\"><div class=\"lazyload-wrapper\"><div id=\"Interest for all primero 4\" class=\"Widget\"><p class=\"font--secondary\">Al ser Colombia un exportador de petr\u00f3leo, lo que pase con este combustible impacta en sus finanzas y, claro, en la cotizaci\u00f3n del d\u00f3lar en el pa\u00eds.<\/p><p class=\"font--secondary\">Desde el 7 de octubre la referencia Brent (que es la que aplica para el pa\u00eds), ha pasado de los US$80,93 por barril a los US$76,05. Por lo general, entre menos d\u00f3lares est\u00e9n circulando en el territorio nacional, m\u00e1s se encarece el precio de esta divisa.<\/p><p class=\"font--secondary\">Por esta misma raz\u00f3n es que los analistas continuamente est\u00e1n pendientes de las decisiones que tome la\u00a0Reserva Federal\u00a0(Fed) en torno a las tasas de inter\u00e9s, pues mayores recortes (recordar que ese banco central ya inici\u00f3 la temporada de reducciones) se pueden traducir en m\u00e1s oportunidades de inversi\u00f3n y, de nuevo, un mayor ingreso de d\u00f3lares para el pa\u00eds.<\/p><p class=\"font--secondary\">A\u00fan as\u00ed, tras el recorte que la\u00a0Fed\u00a0ya ha implementado el impacto en el d\u00f3lar no ha sido tan protag\u00f3nico, pues este contin\u00faa por encima del umbral de los $4.200, distante incluso de los $3.800 que registraba antes de que comenzaran a bajar las tasas en Estados Unidos.<\/p><p class=\"font--secondary\">Seg\u00fan lo explicado a este medio por\u00a0Diego Franco, jefe de Inversiones de Franco Capital Asset Management, se espera que el d\u00f3lar inicie esta semana con nuevos repuntes, pudiendo rondar los $4.340 o los $4.365. \u00bfLa raz\u00f3n?: el efecto negativo que ha generado la ca\u00edda de los bonos americanos sobre los bonos emergentes.<\/p><p class=\"font--secondary\">\u201cColombia ha tenido una semana muy compleja en bonos y parte de esos bonos se est\u00e1n liquidando para retirarse del pa\u00eds y buscar activos refugio, entonces en la apertura de semana tendremos algo de ruidos, pero al final el d\u00f3lar se modera\u201d, asegur\u00f3 Franco.<\/p><p class=\"font--secondary\">Su an\u00e1lisis apunta a que la divisa cierre la pr\u00f3xima semana por debajo de los $4.300.<\/p><p class=\"font--secondary\">Por su parte, el vicepresidente ejecutivo de Values AAA Banca de Inversi\u00f3n -BVC,\u00a0\u00c1lvaro Humberto Ojeda, considera que en el corto plazo el norte que le siga dando la Fed a las tasas seguir\u00e1 teniendo una influencia importante en el precio del d\u00f3lar, as\u00ed como otros elementos macroecon\u00f3micos, como la evoluci\u00f3n de la inflaci\u00f3n en Estados Unidos y su balanza comercial (si se quiere que el d\u00f3lar baje se necesitar\u00eda que el pa\u00eds norteamericano aumente sus importaciones desde Colombia).<\/p><p class=\"font--secondary\">\u201cTambi\u00e9n es necesario tener en cuenta que las expectativas de los consumidores sobre la econom\u00eda y la pol\u00edtica pueden influir en el valor del d\u00f3lar. En cuanto a lo que podr\u00edamos esperar del d\u00f3lar para los pr\u00f3ximos d\u00edas, es dif\u00edcil predecir con certeza. Sin embargo, algunos analistas sugieren que la tendencia a la baja del d\u00f3lar podr\u00eda seguir debilit\u00e1ndose debido a la creciente incertidumbre econ\u00f3mica y pol\u00edtica\u201d, se\u00f1ala.<\/p><p class=\"font--secondary\">La proyecci\u00f3n de analistas financieros m\u00e1s reciente sobre el d\u00f3lar la public\u00f3 esta semana\u00a0Fedesarrollo, en su\u00a0Encuesta de Opini\u00f3n Financiera.<\/p><p class=\"font--secondary\">En el reporte se recuerda que la tasa de cambio cerr\u00f3 septiembre en $4.164, con una depreciaci\u00f3n mensual de 0,1 %. Para el cierre de octubre, los analistas creen que esta se ubicar\u00e1 entre los $4.190 y los $4.250, con $4.200 como respuesta mediana.<\/p><p class=\"font--secondary\">Para el cierre del a\u00f1o, los mismos analistas consideran que el billete verde estar\u00e1 en los $4.150.<\/p><p class=\"font--secondary\">A\u00fan as\u00ed, hay que tener en cuenta que la volatilidad del d\u00f3lar depende bastante del contexto internacional. Si, por ejemplo, se agrava el conflicto en Medio Oriente es muy probable que el billete verde cobre protagonismo como activo refugio, lo que aumentar\u00eda su demanda y, por ende, su precio.<\/p><p class=\"font--secondary\">Si, por el contrario, el panorama se hace m\u00e1s sereno, con mayores reducciones en las tasas de la Fed, mejores crecimientos de la econom\u00eda y desaceleraciones m\u00e1s pronunciadas de la inflaci\u00f3n, el d\u00f3lar podr\u00eda experimentar un descenso de cara al peso colombiano.<\/p><\/div><\/div><\/div><\/div><\/div><\/div><\/div><\/div><p><strong>Fuente: <a href=\"https:\/\/www.elespectador.com\/\" target=\"_blank\" rel=\"noopener\">El Espectador<\/a><\/strong><\/p><\/div><\/div><\/div>\t\t\t\t\t\t\t\t<\/div>\n\t\t\t\t\t<\/div>\n\t\t\t\t<\/div>\n\t\t\t\t<\/div>","protected":false},"excerpt":{"rendered":"<p>Son diversas las variables que contin\u00faan influyendo en el billete verde. Esto es lo que proyectan los analistas. En el \u00faltimo mes, el\u00a0d\u00f3lar\u00a0ha tenido una escalada que lo ha llevado de los $4.164 a los $4.331. La diferencia es de $167, lo que se traduce en un incremento de 4 %. Las razones han sido [&hellip;]<\/p>","protected":false},"author":4,"featured_media":33191,"comment_status":"open","ping_status":"open","sticky":false,"template":"","format":"standard","meta":{"_joinchat":[],"footnotes":""},"categories":[27,36,35],"tags":[],"class_list":["post-33190","post","type-post","status-publish","format-standard","has-post-thumbnail","hentry","category-noticias-acl","category-contabilidad","category-economia-finanzas"],"_links":{"self":[{"href":"https:\/\/aclco.co\/en\/wp-json\/wp\/v2\/posts\/33190","targetHints":{"allow":["GET"]}}],"collection":[{"href":"https:\/\/aclco.co\/en\/wp-json\/wp\/v2\/posts"}],"about":[{"href":"https:\/\/aclco.co\/en\/wp-json\/wp\/v2\/types\/post"}],"author":[{"embeddable":true,"href":"https:\/\/aclco.co\/en\/wp-json\/wp\/v2\/users\/4"}],"replies":[{"embeddable":true,"href":"https:\/\/aclco.co\/en\/wp-json\/wp\/v2\/comments?post=33190"}],"version-history":[{"count":7,"href":"https:\/\/aclco.co\/en\/wp-json\/wp\/v2\/posts\/33190\/revisions"}],"predecessor-version":[{"id":33199,"href":"https:\/\/aclco.co\/en\/wp-json\/wp\/v2\/posts\/33190\/revisions\/33199"}],"wp:featuredmedia":[{"embeddable":true,"href":"https:\/\/aclco.co\/en\/wp-json\/wp\/v2\/media\/33191"}],"wp:attachment":[{"href":"https:\/\/aclco.co\/en\/wp-json\/wp\/v2\/media?parent=33190"}],"wp:term":[{"taxonomy":"category","embeddable":true,"href":"https:\/\/aclco.co\/en\/wp-json\/wp\/v2\/categories?post=33190"},{"taxonomy":"post_tag","embeddable":true,"href":"https:\/\/aclco.co\/en\/wp-json\/wp\/v2\/tags?post=33190"}],"curies":[{"name":"wp","href":"https:\/\/api.w.org\/{rel}","templated":true}]}}