{"id":33257,"date":"2024-11-12T11:09:34","date_gmt":"2024-11-12T16:09:34","guid":{"rendered":"https:\/\/darkgoldenrod-ibex-179495.hostingersite.com\/?p=33257"},"modified":"2024-11-12T11:52:53","modified_gmt":"2024-11-12T16:52:53","slug":"semana-clave-en-el-congreso-para-dos-de-las-siete","status":"publish","type":"post","link":"https:\/\/aclco.co\/en\/semana-clave-en-el-congreso-para-dos-de-las-siete\/","title":{"rendered":"Semana clave en el Congreso para dos de las siete reformas del Gobierno"},"content":{"rendered":"<div data-elementor-type=\"wp-post\" data-elementor-id=\"33257\" class=\"elementor elementor-33257\" data-elementor-post-type=\"post\">\n\t\t\t\t<div class=\"elementor-element elementor-element-4fb1ef3 e-flex e-con-boxed e-con e-parent\" data-id=\"4fb1ef3\" data-element_type=\"container\" data-e-type=\"container\">\n\t\t\t\t\t<div class=\"e-con-inner\">\n\t\t\t\t<div class=\"elementor-element elementor-element-e2d721e elementor-widget elementor-widget-text-editor\" data-id=\"e2d721e\" data-element_type=\"widget\" data-e-type=\"widget\" data-widget_type=\"text-editor.default\">\n\t\t\t\t\t\t\t\t\t<div class=\"article-top container_col\"><div class=\"article-top container_col\"><div class=\"lead\"><div class=\"news economiaSect\"><div class=\"html-content\"><div class=\"lead\"><div class=\"lead\"><div class=\"RelatedLinks\"><div class=\"Article-Widget Article-Widget_related\"><div class=\"lazyload-wrapper\"><div id=\"articulocontenido\" class=\"article-content\"><div class=\"article-top container_col\"><div class=\"article-top container_col\"><div class=\"article-top container_col\"><h5 id=\"p617275-m855-1-856\" class=\"epigraph regular_lead1\">Podr\u00edan ser aprobados, en primer debate, los proyectos de salud y de justicia. As\u00ed est\u00e1 la agenda.<\/h5><p>Esta semana podr\u00eda quedar aprobadas, en primer debate,\u00a0dos de las siete reformas impulsadas por el <a href=\"https:\/\/darkgoldenrod-ibex-179495.hostingersite.com\/gobierno-nacional-debe-reducir-el-gasto-entre-20-y-40\/\" target=\"_blank\" rel=\"noopener\">Gobierno<\/a> del presidente Gustavo Petro en su tr\u00e1mite en el Congreso de la Rep\u00fablica.\u00a0<\/p><p id=\"p617275-m879-3-880\" class=\"parrafo\">Por un lado, la Comisi\u00f3n I del Senado comenzar\u00e1 a discutir la reforma de la justicia,\u00a0mientras que la Comisi\u00f3n VII de la C\u00e1mara de Representantes continuar\u00e1 con el primer debate de la ley que transforma el sistema de salud.<\/p><p id=\"p617275-m891-5-892\" class=\"parrafo\">En el caso de la reforma a la justicia, el objetivo de la Casa de Nari\u00f1o y del oficialismo es concluir el primer debate esta semana, pues en la Comisi\u00f3n I llegar\u00e1 en las pr\u00f3ximas semanas la reforma pol\u00edtica, que es prioritaria porque si no se aprueba en su cuarto debate antes del 16 de diciembre, se hunde. Asimismo, esa c\u00e9lula legislativa discutir\u00e1, en conjuntas, la ley ordinaria de jurisdicci\u00f3n agraria.<\/p><div id=\"p617275-m897-6-898\" class=\"highlighted\"><h5 id=\"m902-901-903\" class=\"tiemposBold3\"><strong>Reforma a la salud\u00a0<\/strong><\/h5><\/div><p id=\"p617275-m909-7-910\" class=\"parrafo\">Por su parte, en la C\u00e1mara continuar\u00e1 la discusi\u00f3n, en primer debate.\u00a0Sobre el papel, el Gobierno tiene los votos para que su nueva reforma de la salud sea aprobada en la C\u00e1mara de Representantes.<\/p><p id=\"p617275-m915-8-916\" class=\"parrafo\">Sobre el papel, para este martes est\u00e1 programado en el primer punto del orden del d\u00eda la continuaci\u00f3n del primer debate de este proyecto,\u00a0que fue nuevamente presentado porque en abril se hundi\u00f3 en Senado la propuesta inicial de la Casa de Nari\u00f1o.<\/p><p id=\"p617275-m921-9-922\" class=\"parrafo\">La jornada continuar\u00e1 con la votaci\u00f3n de la ponencia positiva, para la cual el Gobierno tendr\u00eda los votos. Luego, se espera que hoy mismo se inicie la discusi\u00f3n del articulado que, seg\u00fan el Gobierno, busca enfocar el sistema de salud para que sea preventivo.<\/p><p id=\"p617275-m927-10-928\" class=\"parrafo\">No se descarta que esta misma semana se concluya el primer debate en esa comisi\u00f3n y se d\u00e9 paso a la discusi\u00f3n en plenaria de C\u00e1mara de Representantes, donde el Gobierno tambi\u00e9n tiene las mayor\u00edas.<\/p><div id=\"p617275-m933-11-934\" class=\"captioned-image\"><div id=\"p617275-m959-12-960\" class=\"highlighted\"><h5 id=\"m964-963-965\" class=\"tiemposBold3\"><strong>Otras reformas que est\u00e1n en tr\u00e1mite<\/strong><\/h5><\/div><p id=\"p617275-m971-13-972\" class=\"parrafo\">Paralelo a estas dos reformas que son protagonistas de la semana est\u00e1n caminando otras cinco iniciativas de origen Ejecutivo o que respalda el Gobierno.<\/p><p id=\"p617275-m977-14-978\" class=\"parrafo\">Hay dos reformas constitucionales, una del sistema pol\u00edtico y otra del Sistema General de Participaciones. Esta \u00faltima era promovida por el ministro del Interior, Juan Fernando Cristo, antes de entrar al Gobierno, pero obtuvo el respaldo del presidente Petro.<\/p><p id=\"p617275-m983-15-984\" class=\"parrafo\">Adem\u00e1s,\u00a0se est\u00e1 tramitando la reforma laboral, que en las pr\u00f3ximas semanas ser\u00e1 discutida en la Comisi\u00f3n VII de C\u00e1mara.<\/p><p id=\"p617275-m989-16-990\" class=\"parrafo\">Tambi\u00e9n est\u00e1 en discusi\u00f3n la ley ordinaria de jurisdicci\u00f3n agraria, que es el \u00faltimo paso para que quede en firme esa instancia tras la aprobaci\u00f3n del acto legislativo y la ley estatutaraia.<\/p><p id=\"p617275-m995-17-996\" class=\"parrafo\">Por \u00faltimo, se radic\u00f3 una reforma de la Ley 30, liderada por el Ministerio de Educaci\u00f3n, pero esta podr\u00eda quedar para el siguiente semestre.<\/p><\/div><\/div><\/div><\/div><p><strong>Fuente: <a href=\"https:\/\/www.portafolio.co\/\" target=\"_blank\" rel=\"noopener\">Portafolio<\/a><\/strong><\/p><\/div><\/div><\/div><\/div><\/div><\/div><\/div><\/div><\/div><\/div><\/div>\t\t\t\t\t\t\t\t<\/div>\n\t\t\t\t\t<\/div>\n\t\t\t\t<\/div>\n\t\t\t\t<\/div>","protected":false},"excerpt":{"rendered":"<p>Podr\u00edan ser aprobados, en primer debate, los proyectos de salud y de justicia. As\u00ed est\u00e1 la agenda. Esta semana podr\u00eda quedar aprobadas, en primer debate,\u00a0dos de las siete reformas impulsadas por el Gobierno del presidente Gustavo Petro en su tr\u00e1mite en el Congreso de la Rep\u00fablica.\u00a0 Por un lado, la Comisi\u00f3n I del Senado comenzar\u00e1 [&hellip;]<\/p>","protected":false},"author":4,"featured_media":33258,"comment_status":"open","ping_status":"open","sticky":false,"template":"","format":"standard","meta":{"_joinchat":[],"footnotes":""},"categories":[36,27,45],"tags":[],"class_list":["post-33257","post","type-post","status-publish","format-standard","has-post-thumbnail","hentry","category-contabilidad","category-noticias-acl","category-reformas"],"_links":{"self":[{"href":"https:\/\/aclco.co\/en\/wp-json\/wp\/v2\/posts\/33257","targetHints":{"allow":["GET"]}}],"collection":[{"href":"https:\/\/aclco.co\/en\/wp-json\/wp\/v2\/posts"}],"about":[{"href":"https:\/\/aclco.co\/en\/wp-json\/wp\/v2\/types\/post"}],"author":[{"embeddable":true,"href":"https:\/\/aclco.co\/en\/wp-json\/wp\/v2\/users\/4"}],"replies":[{"embeddable":true,"href":"https:\/\/aclco.co\/en\/wp-json\/wp\/v2\/comments?post=33257"}],"version-history":[{"count":4,"href":"https:\/\/aclco.co\/en\/wp-json\/wp\/v2\/posts\/33257\/revisions"}],"predecessor-version":[{"id":33263,"href":"https:\/\/aclco.co\/en\/wp-json\/wp\/v2\/posts\/33257\/revisions\/33263"}],"wp:featuredmedia":[{"embeddable":true,"href":"https:\/\/aclco.co\/en\/wp-json\/wp\/v2\/media\/33258"}],"wp:attachment":[{"href":"https:\/\/aclco.co\/en\/wp-json\/wp\/v2\/media?parent=33257"}],"wp:term":[{"taxonomy":"category","embeddable":true,"href":"https:\/\/aclco.co\/en\/wp-json\/wp\/v2\/categories?post=33257"},{"taxonomy":"post_tag","embeddable":true,"href":"https:\/\/aclco.co\/en\/wp-json\/wp\/v2\/tags?post=33257"}],"curies":[{"name":"wp","href":"https:\/\/api.w.org\/{rel}","templated":true}]}}