{"id":33278,"date":"2024-11-15T14:22:46","date_gmt":"2024-11-15T19:22:46","guid":{"rendered":"https:\/\/darkgoldenrod-ibex-179495.hostingersite.com\/?p=33278"},"modified":"2024-11-15T14:29:21","modified_gmt":"2024-11-15T19:29:21","slug":"salario-minimo-2025-empresarios-piden-que-sea-coherente","status":"publish","type":"post","link":"https:\/\/aclco.co\/en\/salario-minimo-2025-empresarios-piden-que-sea-coherente\/","title":{"rendered":"Salario m\u00ednimo 2025: empresarios piden que sea coherente con el momento fiscal"},"content":{"rendered":"<div data-elementor-type=\"wp-post\" data-elementor-id=\"33278\" class=\"elementor elementor-33278\" data-elementor-post-type=\"post\">\n\t\t\t\t<div class=\"elementor-element elementor-element-4fb1ef3 e-flex e-con-boxed e-con e-parent\" data-id=\"4fb1ef3\" data-element_type=\"container\" data-e-type=\"container\">\n\t\t\t\t\t<div class=\"e-con-inner\">\n\t\t\t\t<div class=\"elementor-element elementor-element-e2d721e elementor-widget elementor-widget-text-editor\" data-id=\"e2d721e\" data-element_type=\"widget\" data-e-type=\"widget\" data-widget_type=\"text-editor.default\">\n\t\t\t\t\t\t\t\t\t<div class=\"article-top container_col\"><div class=\"article-top container_col\"><div class=\"lead\"><div class=\"news economiaSect\"><div class=\"html-content\"><div class=\"lead\"><div class=\"lead\"><div class=\"RelatedLinks\"><div class=\"Article-Widget Article-Widget_related\"><div class=\"lazyload-wrapper\"><div id=\"articulocontenido\" class=\"article-content\"><div class=\"article-top container_col\"><div class=\"article-top container_col\"><div class=\"article-top container_col\"><div id=\"p617275-m933-11-934\" class=\"captioned-image\"><div class=\"article-top container_col\"><h5 id=\"p617391-m1048-1-1049\" class=\"epigraph regular_lead1\"><strong>Advirtieron que la remuneraci\u00f3n de los trabajadores debe ser factor de crecimiento y desarrollo.<\/strong><\/h5><p id=\"p617391-m1010-1009-1011\" class=\"parrafo first-parrafo\">Se acerca diciembre y con esto el pa\u00eds se alista para una de las discusiones m\u00e1s importantes del a\u00f1o, puesto que all\u00ed se define c\u00f3mo quedar\u00e1 el <a href=\"https:\/\/darkgoldenrod-ibex-179495.hostingersite.com\/ministerio-de-hacienda-preve-que-el-salario-minimo-para\/\" target=\"_blank\" rel=\"noopener\">salario m\u00ednimo<\/a> y otros elementos que se asocian a la remuneraci\u00f3n de m\u00e1s\u00a0de 2,5 millones de trabajadores en el pa\u00eds, como el subsidio de transporte y los aportes parafiscales.<\/p><p id=\"p617391-m1072-3-1073\" class=\"parrafo\">En esta ocasi\u00f3n, seg\u00fan lo advierten algunos expertos y sectores sociales, las conversaciones entre empresarios y centrales obreras, partir\u00e1n m\u00e1s desde lo pol\u00edtico que de lo econ\u00f3mico y ven dif\u00edcil que las partes se pongan de acuerdo, por lo que probablemente no se logre un acuerdo y dicho aumento se vuelva a dar por decreto.<\/p><p id=\"p617391-m1084-5-1085\" class=\"parrafo\">Mientras tanto, desde los sindicatos esperan que el incremento salarial sea de dos d\u00edgitos, argumentando que se debe subsanar la deuda hist\u00f3rica que hay con los trabajadores. Por su parte, esta semana el Ministro de Hacienda manifest\u00f3 que no cree que se llegue hasta all\u00e1, si se tiene en cuenta que el punto de partida de\u00a0las negociaciones estar\u00eda sobre el 6,2%, teniendo en cuenta la din\u00e1mica actual de la econom\u00eda.<\/p><p id=\"p617391-m1090-6-1091\" class=\"parrafo\">Precisamente, con el fin de aportar al debate, la C\u00e1mara Colombo Americana (AmCham) indic\u00f3 que en el proceso hay que tener en cuenta la viabilidad del tejido empresarial y que el aumento debe ser coherente y consciente con el momento que vive el pa\u00eds y aspectos como, por ejemplo, el lento crecimiento econ\u00f3mico.<\/p><p id=\"p617391-m1122-8-1123\" class=\"parrafo\">Para la presidenta de esta asociaci\u00f3n empresarial, Mar\u00eda Claudia Lacouture,\u00a0a pocos d\u00edas de comenzar de manera formal el proceso de discusi\u00f3n entre trabajadores, gobierno y empresarios, del salario m\u00ednimo para el a\u00f1o 2025; es necesario revisar varios aspectos.<\/p><p id=\"p617391-m1128-9-1129\" class=\"parrafo\">\u201cNosotros lo que esperamos que haya consistencia y coherencia con la realidad del pa\u00eds y en ese sentido que est\u00e9 acorde con la inflaci\u00f3n y los niveles de productividad. Lo que sugiere que deber\u00eda de ser por debajo dos d\u00edgitos\u201d, indic\u00f3 Lacouture.<\/p><p id=\"p617391-m1134-10-1135\" class=\"parrafo\">Agreg\u00f3 que en este proceso las partes tienen que tener en cuenta \u201cla realidad de la viabilidad del sector empresarial. Si no tenemos empresas que pueda cubrir con esos requerimientos, pues efectivamente vamos a llevar\u00a0a un proceso de mayor desempleo, cuya tasa est\u00e1 manteni\u00e9ndose de una u otra forma estancada\u201d.<\/p><p id=\"p617391-m1146-12-1147\" class=\"parrafo\">La Presidenta de AmCham Colombia record\u00f3 que los salarios son parte esencial del crecimiento econ\u00f3mico del pa\u00eds y que los ingresos que se generan a trav\u00e9s del empleo contribuyen a la superaci\u00f3n de la pobreza del pa\u00eds.<\/p><p id=\"p617391-m1152-13-1153\" class=\"parrafo\">Cabe resaltar que por el lado de las empresas no hay una posici\u00f3n unificada todav\u00eda, no obstante, en varias ocasiones han dicho que el pa\u00eds enfrenta un escenario retador por cuenta de la desaceleraci\u00f3n y que tras las recientes reformas tributarias y por la falta de un plan de reactivaci\u00f3n, actualmente deben lidiar con muchas presiones que est\u00e1n debilitando su posibilidad de aportar a la econom\u00eda.<\/p><p id=\"p617391-m1184-15-1185\" class=\"parrafo\">Por su parte, el Ministro de Hacienda, Ricardo Bonilla, fue claro en que \u201cel a\u00f1o pasado est\u00e1bamos discutiendo ajustes de salarios, pero ten\u00edamos una inflaci\u00f3n de dos d\u00edgitos; en este momento el punto de partida es la inflaci\u00f3n causada. Por fortuna la inflaci\u00f3n ha bajado sustancialmente y ya no genera tanto estr\u00e9s en las negociaciones, que esperamos sean consensuadas\u201d, sostuvo.<\/p><p id=\"p617391-m1190-16-1191\" class=\"parrafo\">De esta forma, el panorama para lo que vendr\u00e1 de cara a las conversaciones entre centrales obreras y los gremios prometen un amplio debate, dado que la din\u00e1mica de crecimiento es moderada y todav\u00eda no hay un plan claro de reactivaci\u00f3n\u00a0econ\u00f3mica que saque del terreno negativo a sectores importantes en la generaci\u00f3n de empleo.<\/p><\/div><div class=\"visual__image\"><picture><source srcset=\"https:\/\/www.infobae.com\/resizer\/v2\/5AMKAZDYLNBGPOVTKGVI76FSQY.jpg?auth=2a9f481e0fc9f65273f23d3d52fd22c5da9289a913de0d9037df2746d08474f1&amp;smart=true&amp;width=992&amp;height=606&amp;quality=85\" media=\"(min-width: 1000px)\" \/><source srcset=\"https:\/\/www.infobae.com\/resizer\/v2\/5AMKAZDYLNBGPOVTKGVI76FSQY.jpg?auth=2a9f481e0fc9f65273f23d3d52fd22c5da9289a913de0d9037df2746d08474f1&amp;smart=true&amp;width=768&amp;height=469&amp;quality=85\" media=\"(min-width: 768px)\" \/><source srcset=\"https:\/\/www.infobae.com\/resizer\/v2\/5AMKAZDYLNBGPOVTKGVI76FSQY.jpg?auth=2a9f481e0fc9f65273f23d3d52fd22c5da9289a913de0d9037df2746d08474f1&amp;smart=true&amp;width=577&amp;height=353&amp;quality=85\" media=\"(min-width: 580px)\" \/><source srcset=\"https:\/\/www.infobae.com\/resizer\/v2\/5AMKAZDYLNBGPOVTKGVI76FSQY.jpg?auth=2a9f481e0fc9f65273f23d3d52fd22c5da9289a913de0d9037df2746d08474f1&amp;smart=true&amp;width=420&amp;height=257&amp;quality=85\" media=\"(min-width: 350px)\" \/><source srcset=\"https:\/\/www.infobae.com\/resizer\/v2\/5AMKAZDYLNBGPOVTKGVI76FSQY.jpg?auth=2a9f481e0fc9f65273f23d3d52fd22c5da9289a913de0d9037df2746d08474f1&amp;smart=true&amp;width=350&amp;height=214&amp;quality=85\" media=\"(min-width: 80px)\" \/><\/picture><\/div><div class=\"visual__image\"><picture><source srcset=\"https:\/\/www.infobae.com\/resizer\/v2\/2AWOQ7KJSZGLHNYYRLHCSJCHUU.jpg?auth=bb7bdb1910cd588715327585a728f266c91763cd12378545423b4e3b9b36ca04&amp;smart=true&amp;width=992&amp;height=558&amp;quality=85\" media=\"(min-width: 1000px)\" \/><source srcset=\"https:\/\/www.infobae.com\/resizer\/v2\/2AWOQ7KJSZGLHNYYRLHCSJCHUU.jpg?auth=bb7bdb1910cd588715327585a728f266c91763cd12378545423b4e3b9b36ca04&amp;smart=true&amp;width=768&amp;height=432&amp;quality=85\" media=\"(min-width: 768px)\" \/><source srcset=\"https:\/\/www.infobae.com\/resizer\/v2\/2AWOQ7KJSZGLHNYYRLHCSJCHUU.jpg?auth=bb7bdb1910cd588715327585a728f266c91763cd12378545423b4e3b9b36ca04&amp;smart=true&amp;width=577&amp;height=325&amp;quality=85\" media=\"(min-width: 580px)\" \/><source srcset=\"https:\/\/www.infobae.com\/resizer\/v2\/2AWOQ7KJSZGLHNYYRLHCSJCHUU.jpg?auth=bb7bdb1910cd588715327585a728f266c91763cd12378545423b4e3b9b36ca04&amp;smart=true&amp;width=420&amp;height=236&amp;quality=85\" media=\"(min-width: 350px)\" \/><source srcset=\"https:\/\/www.infobae.com\/resizer\/v2\/2AWOQ7KJSZGLHNYYRLHCSJCHUU.jpg?auth=bb7bdb1910cd588715327585a728f266c91763cd12378545423b4e3b9b36ca04&amp;smart=true&amp;width=350&amp;height=197&amp;quality=85\" media=\"(min-width: 80px)\" \/><\/picture><\/div><p class=\"paragraph\" data-mrf-recirculation=\"Links inline\"><picture><source srcset=\"https:\/\/www.infobae.com\/resizer\/v2\/QAU5DKG7C5GOTKMSC4RJJWC73Q.jpeg?auth=34afbce3099b96041da5ca422e4edfc5155ee8db07f6d63fbe725cfface35389&amp;smart=true&amp;width=992&amp;height=661&amp;quality=85\" media=\"(min-width: 1000px)\" \/><source srcset=\"https:\/\/www.infobae.com\/resizer\/v2\/QAU5DKG7C5GOTKMSC4RJJWC73Q.jpeg?auth=34afbce3099b96041da5ca422e4edfc5155ee8db07f6d63fbe725cfface35389&amp;smart=true&amp;width=768&amp;height=512&amp;quality=85\" media=\"(min-width: 768px)\" \/><source srcset=\"https:\/\/www.infobae.com\/resizer\/v2\/QAU5DKG7C5GOTKMSC4RJJWC73Q.jpeg?auth=34afbce3099b96041da5ca422e4edfc5155ee8db07f6d63fbe725cfface35389&amp;smart=true&amp;width=577&amp;height=385&amp;quality=85\" media=\"(min-width: 580px)\" \/><source srcset=\"https:\/\/www.infobae.com\/resizer\/v2\/QAU5DKG7C5GOTKMSC4RJJWC73Q.jpeg?auth=34afbce3099b96041da5ca422e4edfc5155ee8db07f6d63fbe725cfface35389&amp;smart=true&amp;width=420&amp;height=280&amp;quality=85\" media=\"(min-width: 350px)\" \/><source srcset=\"https:\/\/www.infobae.com\/resizer\/v2\/QAU5DKG7C5GOTKMSC4RJJWC73Q.jpeg?auth=34afbce3099b96041da5ca422e4edfc5155ee8db07f6d63fbe725cfface35389&amp;smart=true&amp;width=350&amp;height=233&amp;quality=85\" media=\"(min-width: 80px)\" \/><\/picture><\/p><\/div><\/div><\/div><\/div><p><strong>Fuente: <a href=\"https:\/\/www.portafolio.co\/\" target=\"_blank\" rel=\"noopener\">Portafolio<\/a><\/strong><\/p><\/div><\/div><\/div><\/div><\/div><\/div><\/div><\/div><\/div><\/div><\/div>\t\t\t\t\t\t\t\t<\/div>\n\t\t\t\t\t<\/div>\n\t\t\t\t<\/div>\n\t\t\t\t<\/div>","protected":false},"excerpt":{"rendered":"<p>Advirtieron que la remuneraci\u00f3n de los trabajadores debe ser factor de crecimiento y desarrollo. Se acerca diciembre y con esto el pa\u00eds se alista para una de las discusiones m\u00e1s importantes del a\u00f1o, puesto que all\u00ed se define c\u00f3mo quedar\u00e1 el salario m\u00ednimo y otros elementos que se asocian a la remuneraci\u00f3n de m\u00e1s\u00a0de 2,5 [&hellip;]<\/p>","protected":false},"author":4,"featured_media":33279,"comment_status":"open","ping_status":"open","sticky":false,"template":"","format":"standard","meta":{"_joinchat":[],"footnotes":""},"categories":[36,35,34,27],"tags":[],"class_list":["post-33278","post","type-post","status-publish","format-standard","has-post-thumbnail","hentry","category-contabilidad","category-economia-finanzas","category-laboral","category-noticias-acl"],"_links":{"self":[{"href":"https:\/\/aclco.co\/en\/wp-json\/wp\/v2\/posts\/33278","targetHints":{"allow":["GET"]}}],"collection":[{"href":"https:\/\/aclco.co\/en\/wp-json\/wp\/v2\/posts"}],"about":[{"href":"https:\/\/aclco.co\/en\/wp-json\/wp\/v2\/types\/post"}],"author":[{"embeddable":true,"href":"https:\/\/aclco.co\/en\/wp-json\/wp\/v2\/users\/4"}],"replies":[{"embeddable":true,"href":"https:\/\/aclco.co\/en\/wp-json\/wp\/v2\/comments?post=33278"}],"version-history":[{"count":4,"href":"https:\/\/aclco.co\/en\/wp-json\/wp\/v2\/posts\/33278\/revisions"}],"predecessor-version":[{"id":33284,"href":"https:\/\/aclco.co\/en\/wp-json\/wp\/v2\/posts\/33278\/revisions\/33284"}],"wp:featuredmedia":[{"embeddable":true,"href":"https:\/\/aclco.co\/en\/wp-json\/wp\/v2\/media\/33279"}],"wp:attachment":[{"href":"https:\/\/aclco.co\/en\/wp-json\/wp\/v2\/media?parent=33278"}],"wp:term":[{"taxonomy":"category","embeddable":true,"href":"https:\/\/aclco.co\/en\/wp-json\/wp\/v2\/categories?post=33278"},{"taxonomy":"post_tag","embeddable":true,"href":"https:\/\/aclco.co\/en\/wp-json\/wp\/v2\/tags?post=33278"}],"curies":[{"name":"wp","href":"https:\/\/api.w.org\/{rel}","templated":true}]}}