{"id":33285,"date":"2024-11-18T15:15:22","date_gmt":"2024-11-18T20:15:22","guid":{"rendered":"https:\/\/darkgoldenrod-ibex-179495.hostingersite.com\/?p=33285"},"modified":"2024-11-18T15:18:58","modified_gmt":"2024-11-18T20:18:58","slug":"el-mapa-del-iva-en-america-latina-en-que-paises-es-mas","status":"publish","type":"post","link":"https:\/\/aclco.co\/en\/el-mapa-del-iva-en-america-latina-en-que-paises-es-mas\/","title":{"rendered":"El mapa del IVA en Am\u00e9rica Latina: \u00bfen qu\u00e9 pa\u00edses es m\u00e1s alto?"},"content":{"rendered":"<div data-elementor-type=\"wp-post\" data-elementor-id=\"33285\" class=\"elementor elementor-33285\" data-elementor-post-type=\"post\">\n\t\t\t\t<div class=\"elementor-element elementor-element-4fb1ef3 e-flex e-con-boxed e-con e-parent\" data-id=\"4fb1ef3\" data-element_type=\"container\" data-e-type=\"container\">\n\t\t\t\t\t<div class=\"e-con-inner\">\n\t\t\t\t<div class=\"elementor-element elementor-element-e2d721e elementor-widget elementor-widget-text-editor\" data-id=\"e2d721e\" data-element_type=\"widget\" data-e-type=\"widget\" data-widget_type=\"text-editor.default\">\n\t\t\t\t\t\t\t\t\t<div class=\"article-top container_col\"><div class=\"article-top container_col\"><div class=\"lead\"><div class=\"news economiaSect\"><div class=\"html-content\"><div class=\"lead\"><div class=\"lead\"><div class=\"RelatedLinks\"><div class=\"Article-Widget Article-Widget_related\"><div class=\"lazyload-wrapper\"><div id=\"articulocontenido\" class=\"article-content\"><div class=\"article-top container_col\"><div class=\"article-top container_col\"><div class=\"article-top container_col\"><div id=\"p617275-m933-11-934\" class=\"captioned-image\"><div class=\"article-top container_col\"><h5 id=\"p617391-m1048-1-1049\" class=\"epigraph regular_lead1\">El promedio general de la tarifa de este impuesto se encuentra entre el 13% y el 22%.<\/h5><p>El\u00a0<a href=\"https:\/\/darkgoldenrod-ibex-179495.hostingersite.com\/a-que-se-expone-si-no-paga-el-iva-a-la-dian-en-colombia\/\" target=\"_blank\" rel=\"noopener\">Impuesto al Valor Agregado (IVA)<\/a>\u00a0es un tributo que\u00a0se aplica a algunos de los bienes y servicios que se consumen. En otras palabras, es un impuesto que se a\u00f1ade al precio final de los productos que se compran.\u00a0<\/p><p id=\"p617654-m633-2-634\" class=\"parrafo\">El IVA se cobra en cada etapa del proceso econ\u00f3mico, desde la producci\u00f3n y la importaci\u00f3n hasta la distribuci\u00f3n. Su recaudo es importante porque sirve para proporcionar recursos al Estado para financiar diversos servicios como\u00a0educaci\u00f3n, salud, entre otros.<\/p><p id=\"p617654-m639-3-640\" class=\"parrafo\">En Am\u00e9rica Latina, el monto de este gravamen var\u00eda,\u00a0aunque generalmente se encuentra entre el 13% y el 22%.\u00a0En algunos pa\u00edses, incluso, este porcentaje es menor.\u00a0<\/p><p id=\"p617654-m645-4-646\" class=\"parrafo\">En el caso particular de Colombia,\u00a0la tarifa general del IVA es del 19%,\u00a0pero existen tarifas reducidas del 5% para algunos productos b\u00e1sicos como alimentos y medicamentos, y del 0% para servicios educativos y exportaciones. Esto ubica al pa\u00eds en la media de la regi\u00f3n.<\/p><p id=\"p617654-m689-8-690\" class=\"parrafo\">Ahora bien, si se observan los datos con m\u00e1s detalle, hay tres naciones que se encuentran en el podio regional como los que tienen el impuesto m\u00e1s elevado. Estos son, en ese orden:\u00a0Brasil (27%), Uruguay (22%) y Argentina (21%).\u00a0<\/p><p id=\"p617654-m695-9-696\" class=\"parrafo\">En el medio de la lista, con una cifra que oscila entre el 15% y el 19% se encuentran: Chile (19%), Per\u00fa (18%), Rep\u00fablica Dominicana (18%), M\u00e9xico (16%), Venezuela (16%), Nicaragua (15%), Ecuador (15%) y Cuba (15%).\u00a0<\/p><p id=\"p617654-m701-10-702\" class=\"parrafo\">Y\u00a0entre las naciones con el IVA por debajo del 15%\u00a0est\u00e1n lugares como Bolivia, Costa Rica y El Salvador, con un 13%; Guatemala, con un 12%; Paraguay, con un 10%, y Panam\u00e1, que ocupa el lugar del pa\u00eds de Am\u00e9rica Latina con el porcentaje m\u00e1s bajo al ubicarse en 7%.<\/p><\/div><div class=\"visual__image\"><picture><source srcset=\"https:\/\/www.infobae.com\/resizer\/v2\/5AMKAZDYLNBGPOVTKGVI76FSQY.jpg?auth=2a9f481e0fc9f65273f23d3d52fd22c5da9289a913de0d9037df2746d08474f1&amp;smart=true&amp;width=992&amp;height=606&amp;quality=85\" media=\"(min-width: 1000px)\" \/><source srcset=\"https:\/\/www.infobae.com\/resizer\/v2\/5AMKAZDYLNBGPOVTKGVI76FSQY.jpg?auth=2a9f481e0fc9f65273f23d3d52fd22c5da9289a913de0d9037df2746d08474f1&amp;smart=true&amp;width=768&amp;height=469&amp;quality=85\" media=\"(min-width: 768px)\" \/><source srcset=\"https:\/\/www.infobae.com\/resizer\/v2\/5AMKAZDYLNBGPOVTKGVI76FSQY.jpg?auth=2a9f481e0fc9f65273f23d3d52fd22c5da9289a913de0d9037df2746d08474f1&amp;smart=true&amp;width=577&amp;height=353&amp;quality=85\" media=\"(min-width: 580px)\" \/><source srcset=\"https:\/\/www.infobae.com\/resizer\/v2\/5AMKAZDYLNBGPOVTKGVI76FSQY.jpg?auth=2a9f481e0fc9f65273f23d3d52fd22c5da9289a913de0d9037df2746d08474f1&amp;smart=true&amp;width=420&amp;height=257&amp;quality=85\" media=\"(min-width: 350px)\" \/><source srcset=\"https:\/\/www.infobae.com\/resizer\/v2\/5AMKAZDYLNBGPOVTKGVI76FSQY.jpg?auth=2a9f481e0fc9f65273f23d3d52fd22c5da9289a913de0d9037df2746d08474f1&amp;smart=true&amp;width=350&amp;height=214&amp;quality=85\" media=\"(min-width: 80px)\" \/><\/picture><\/div><div class=\"visual__image\"><picture><source srcset=\"https:\/\/www.infobae.com\/resizer\/v2\/2AWOQ7KJSZGLHNYYRLHCSJCHUU.jpg?auth=bb7bdb1910cd588715327585a728f266c91763cd12378545423b4e3b9b36ca04&amp;smart=true&amp;width=992&amp;height=558&amp;quality=85\" media=\"(min-width: 1000px)\" \/><source srcset=\"https:\/\/www.infobae.com\/resizer\/v2\/2AWOQ7KJSZGLHNYYRLHCSJCHUU.jpg?auth=bb7bdb1910cd588715327585a728f266c91763cd12378545423b4e3b9b36ca04&amp;smart=true&amp;width=768&amp;height=432&amp;quality=85\" media=\"(min-width: 768px)\" \/><source srcset=\"https:\/\/www.infobae.com\/resizer\/v2\/2AWOQ7KJSZGLHNYYRLHCSJCHUU.jpg?auth=bb7bdb1910cd588715327585a728f266c91763cd12378545423b4e3b9b36ca04&amp;smart=true&amp;width=577&amp;height=325&amp;quality=85\" media=\"(min-width: 580px)\" \/><source srcset=\"https:\/\/www.infobae.com\/resizer\/v2\/2AWOQ7KJSZGLHNYYRLHCSJCHUU.jpg?auth=bb7bdb1910cd588715327585a728f266c91763cd12378545423b4e3b9b36ca04&amp;smart=true&amp;width=420&amp;height=236&amp;quality=85\" media=\"(min-width: 350px)\" \/><source srcset=\"https:\/\/www.infobae.com\/resizer\/v2\/2AWOQ7KJSZGLHNYYRLHCSJCHUU.jpg?auth=bb7bdb1910cd588715327585a728f266c91763cd12378545423b4e3b9b36ca04&amp;smart=true&amp;width=350&amp;height=197&amp;quality=85\" media=\"(min-width: 80px)\" \/><\/picture><\/div><p class=\"paragraph\" data-mrf-recirculation=\"Links inline\"><picture><source srcset=\"https:\/\/www.infobae.com\/resizer\/v2\/QAU5DKG7C5GOTKMSC4RJJWC73Q.jpeg?auth=34afbce3099b96041da5ca422e4edfc5155ee8db07f6d63fbe725cfface35389&amp;smart=true&amp;width=992&amp;height=661&amp;quality=85\" media=\"(min-width: 1000px)\" \/><source srcset=\"https:\/\/www.infobae.com\/resizer\/v2\/QAU5DKG7C5GOTKMSC4RJJWC73Q.jpeg?auth=34afbce3099b96041da5ca422e4edfc5155ee8db07f6d63fbe725cfface35389&amp;smart=true&amp;width=768&amp;height=512&amp;quality=85\" media=\"(min-width: 768px)\" \/><source srcset=\"https:\/\/www.infobae.com\/resizer\/v2\/QAU5DKG7C5GOTKMSC4RJJWC73Q.jpeg?auth=34afbce3099b96041da5ca422e4edfc5155ee8db07f6d63fbe725cfface35389&amp;smart=true&amp;width=577&amp;height=385&amp;quality=85\" media=\"(min-width: 580px)\" \/><source srcset=\"https:\/\/www.infobae.com\/resizer\/v2\/QAU5DKG7C5GOTKMSC4RJJWC73Q.jpeg?auth=34afbce3099b96041da5ca422e4edfc5155ee8db07f6d63fbe725cfface35389&amp;smart=true&amp;width=420&amp;height=280&amp;quality=85\" media=\"(min-width: 350px)\" \/><source srcset=\"https:\/\/www.infobae.com\/resizer\/v2\/QAU5DKG7C5GOTKMSC4RJJWC73Q.jpeg?auth=34afbce3099b96041da5ca422e4edfc5155ee8db07f6d63fbe725cfface35389&amp;smart=true&amp;width=350&amp;height=233&amp;quality=85\" media=\"(min-width: 80px)\" \/><\/picture><\/p><\/div><\/div><\/div><\/div><p><strong>Fuente: <a href=\"https:\/\/www.portafolio.co\/\" target=\"_blank\" rel=\"noopener\">Portafolio<\/a><\/strong><\/p><\/div><\/div><\/div><\/div><\/div><\/div><\/div><\/div><\/div><\/div><\/div>\t\t\t\t\t\t\t\t<\/div>\n\t\t\t\t\t<\/div>\n\t\t\t\t<\/div>\n\t\t\t\t<\/div>","protected":false},"excerpt":{"rendered":"<p>El promedio general de la tarifa de este impuesto se encuentra entre el 13% y el 22%. El\u00a0Impuesto al Valor Agregado (IVA)\u00a0es un tributo que\u00a0se aplica a algunos de los bienes y servicios que se consumen. En otras palabras, es un impuesto que se a\u00f1ade al precio final de los productos que se compran.\u00a0 El [&hellip;]<\/p>","protected":false},"author":4,"featured_media":33286,"comment_status":"open","ping_status":"open","sticky":false,"template":"","format":"standard","meta":{"_joinchat":[],"footnotes":""},"categories":[36,27,29],"tags":[],"class_list":["post-33285","post","type-post","status-publish","format-standard","has-post-thumbnail","hentry","category-contabilidad","category-noticias-acl","category-tributario"],"_links":{"self":[{"href":"https:\/\/aclco.co\/en\/wp-json\/wp\/v2\/posts\/33285","targetHints":{"allow":["GET"]}}],"collection":[{"href":"https:\/\/aclco.co\/en\/wp-json\/wp\/v2\/posts"}],"about":[{"href":"https:\/\/aclco.co\/en\/wp-json\/wp\/v2\/types\/post"}],"author":[{"embeddable":true,"href":"https:\/\/aclco.co\/en\/wp-json\/wp\/v2\/users\/4"}],"replies":[{"embeddable":true,"href":"https:\/\/aclco.co\/en\/wp-json\/wp\/v2\/comments?post=33285"}],"version-history":[{"count":4,"href":"https:\/\/aclco.co\/en\/wp-json\/wp\/v2\/posts\/33285\/revisions"}],"predecessor-version":[{"id":33290,"href":"https:\/\/aclco.co\/en\/wp-json\/wp\/v2\/posts\/33285\/revisions\/33290"}],"wp:featuredmedia":[{"embeddable":true,"href":"https:\/\/aclco.co\/en\/wp-json\/wp\/v2\/media\/33286"}],"wp:attachment":[{"href":"https:\/\/aclco.co\/en\/wp-json\/wp\/v2\/media?parent=33285"}],"wp:term":[{"taxonomy":"category","embeddable":true,"href":"https:\/\/aclco.co\/en\/wp-json\/wp\/v2\/categories?post=33285"},{"taxonomy":"post_tag","embeddable":true,"href":"https:\/\/aclco.co\/en\/wp-json\/wp\/v2\/tags?post=33285"}],"curies":[{"name":"wp","href":"https:\/\/api.w.org\/{rel}","templated":true}]}}