{"id":33291,"date":"2024-11-19T14:44:22","date_gmt":"2024-11-19T19:44:22","guid":{"rendered":"https:\/\/darkgoldenrod-ibex-179495.hostingersite.com\/?p=33291"},"modified":"2024-11-19T14:55:51","modified_gmt":"2024-11-19T19:55:51","slug":"de-cuanto-es-la-prima-de-diciembre-de-2024-en-colombia","status":"publish","type":"post","link":"https:\/\/aclco.co\/en\/de-cuanto-es-la-prima-de-diciembre-de-2024-en-colombia\/","title":{"rendered":"\u00bfDe cu\u00e1nto es la prima de diciembre de 2024 en Colombia?"},"content":{"rendered":"<div data-elementor-type=\"wp-post\" data-elementor-id=\"33291\" class=\"elementor elementor-33291\" data-elementor-post-type=\"post\">\n\t\t\t\t<div class=\"elementor-element elementor-element-4fb1ef3 e-flex e-con-boxed e-con e-parent\" data-id=\"4fb1ef3\" data-element_type=\"container\" data-e-type=\"container\">\n\t\t\t\t\t<div class=\"e-con-inner\">\n\t\t\t\t<div class=\"elementor-element elementor-element-e2d721e elementor-widget elementor-widget-text-editor\" data-id=\"e2d721e\" data-element_type=\"widget\" data-e-type=\"widget\" data-widget_type=\"text-editor.default\">\n\t\t\t\t\t\t\t\t\t<div class=\"article-top container_col\"><div class=\"article-top container_col\"><div class=\"lead\"><div class=\"news economiaSect\"><div class=\"html-content\"><div class=\"lead\"><div class=\"lead\"><div class=\"RelatedLinks\"><div class=\"Article-Widget Article-Widget_related\"><div class=\"lazyload-wrapper\"><div id=\"articulocontenido\" class=\"article-content\"><div class=\"article-top container_col\"><div class=\"article-top container_col\"><div class=\"article-top container_col\"><div id=\"p617275-m933-11-934\" class=\"captioned-image\"><div class=\"article-top container_col\"><h5 id=\"p617782-m190-1-191\" class=\"epigraph regular_lead1\">Se trata de un beneficio obligatorio en Colombia para los trabajadores formales. Toda la informaci\u00f3n para que pueda calcular cu\u00e1nto recibir\u00e1.<\/h5><p id=\"p617782-m152-151-153\" class=\"parrafo first-parrafo\" spellcheck=\"false\" data-lt-tmp-id=\"lt-326779\" data-gramm=\"false\">Se acerca\u00a0diciembre\u00a0y todos los\u00a0empleados registrados de Colombia esperan\u00a0la prima de servicios,\u00a0un pago obligatorio equivalente a un mes de salario proporcional al tiempo trabajado durante el semestre que representa un alivio econ\u00f3mico clave para millones de familias. Claves para entender de qu\u00e9 se trata y cu\u00e1nto dinero recibir\u00e1n como beneficio.<\/p><p spellcheck=\"false\" data-lt-tmp-id=\"lt-326779\" data-gramm=\"false\">Lo primero que debe tener en cuenta es que\u00a0el valor de la prima de diciembre equivale a un mes de salario proporcional al tiempo trabajado en el segundo semestre del a\u00f1o, es decir, entre julio y diciembre.<br \/><br \/>Por lo tanto, para calcular cu\u00e1nto recibir\u00e1 de prima en Navidad, debe tener en cuenta dos variables: los d\u00edas trabajados y el salario diario del trabajador.<br \/><br \/>Dado que el c\u00e1lculo se basa en 180 d\u00edas trabajados, para determinar el monto se debe tomar\u00a0el salario base, multiplicarlo por los 180 d\u00edas trabajados y luego dividir el resultado por 360.<br \/><br \/>En el caso de que el empleado haya trabajado menos d\u00edas, la f\u00f3rmula para calcular la bonificaci\u00f3n se realiza teniendo en cuenta el n\u00famero de jornadas trabajadas.<br \/><br \/>Tal como indica el <a href=\"https:\/\/darkgoldenrod-ibex-179495.hostingersite.com\/sanciones-por-no-reducir-la-jornada-laboral\/\" target=\"_blank\" rel=\"noopener\">Ministerio de Trabajo<\/a>,\u00a0\u00abla f\u00f3rmula para calcular la prima de servicios es el salario base por los d\u00edas laborados y este resultado se divide en 360\u201d.<\/p><p spellcheck=\"false\" data-lt-tmp-id=\"lt-326779\" data-gramm=\"false\">Seg\u00fan el propio Ministerio de Trabajo, en el art\u00edculo\u00a032 del Decreto 1045 de 1978,\u00a0\u00abla prima se pagar\u00e1 en la primera quincena del mes de diciembre, cuando el empleado p\u00fablico o trabajador oficial no hubiere servido durante todo el a\u00f1o civil, tendr\u00e1 derecho a la mencionada prima de Navidad en proporci\u00f3n al tiempo laborado\u00bb.\u00a0<br \/><br \/>Debe decirse que\u00a0los empleadores tienen un tiempo m\u00e1ximo hasta el 20 de diciembre para realizar las transferencias econ\u00f3micas. Caso contrario, el trabajador tiene derecho a hacer el reclamo correspondiente e incluso, una denuncia en la cartera antes nombrada.<\/p><div id=\"p617782-m252-6-253\" class=\"highlighted\"><h5 id=\"m257-256-258\" class=\"tiemposBold3\"><strong>\u00bfPor qu\u00e9 es importante la prima de diciembre?<\/strong><\/h5><\/div><p id=\"p617782-m264-7-265\" class=\"parrafo\">En esta \u00e9poca del a\u00f1o es muy com\u00fan que los trabajadores se pregunten cu\u00e1nto van a recibir como prima en diciembre, ya que no solo representa un ingreso importante para que muchas familias puedan cubrir los gastos asociados a la temporada navide\u00f1a, sino tambi\u00e9n como un recurso adicional para ahorro o pago de deudas.<br \/><br \/>La alta expectativa que genera este beneficio y su impacto en la planificaci\u00f3n financiera de los hogares hace que muchos empleados recurran a herramientas en l\u00ednea o consulten directamente en sus empresas cu\u00e1l ser\u00e1 el monto exacto que percibir\u00e1n.<\/p><\/div><div class=\"visual__image\"><picture><source srcset=\"https:\/\/www.infobae.com\/resizer\/v2\/5AMKAZDYLNBGPOVTKGVI76FSQY.jpg?auth=2a9f481e0fc9f65273f23d3d52fd22c5da9289a913de0d9037df2746d08474f1&amp;smart=true&amp;width=992&amp;height=606&amp;quality=85\" media=\"(min-width: 1000px)\" \/><source srcset=\"https:\/\/www.infobae.com\/resizer\/v2\/5AMKAZDYLNBGPOVTKGVI76FSQY.jpg?auth=2a9f481e0fc9f65273f23d3d52fd22c5da9289a913de0d9037df2746d08474f1&amp;smart=true&amp;width=768&amp;height=469&amp;quality=85\" media=\"(min-width: 768px)\" \/><source srcset=\"https:\/\/www.infobae.com\/resizer\/v2\/5AMKAZDYLNBGPOVTKGVI76FSQY.jpg?auth=2a9f481e0fc9f65273f23d3d52fd22c5da9289a913de0d9037df2746d08474f1&amp;smart=true&amp;width=577&amp;height=353&amp;quality=85\" media=\"(min-width: 580px)\" \/><source srcset=\"https:\/\/www.infobae.com\/resizer\/v2\/5AMKAZDYLNBGPOVTKGVI76FSQY.jpg?auth=2a9f481e0fc9f65273f23d3d52fd22c5da9289a913de0d9037df2746d08474f1&amp;smart=true&amp;width=420&amp;height=257&amp;quality=85\" media=\"(min-width: 350px)\" \/><source srcset=\"https:\/\/www.infobae.com\/resizer\/v2\/5AMKAZDYLNBGPOVTKGVI76FSQY.jpg?auth=2a9f481e0fc9f65273f23d3d52fd22c5da9289a913de0d9037df2746d08474f1&amp;smart=true&amp;width=350&amp;height=214&amp;quality=85\" media=\"(min-width: 80px)\" \/><\/picture><\/div><div class=\"visual__image\"><picture><source srcset=\"https:\/\/www.infobae.com\/resizer\/v2\/2AWOQ7KJSZGLHNYYRLHCSJCHUU.jpg?auth=bb7bdb1910cd588715327585a728f266c91763cd12378545423b4e3b9b36ca04&amp;smart=true&amp;width=992&amp;height=558&amp;quality=85\" media=\"(min-width: 1000px)\" \/><source srcset=\"https:\/\/www.infobae.com\/resizer\/v2\/2AWOQ7KJSZGLHNYYRLHCSJCHUU.jpg?auth=bb7bdb1910cd588715327585a728f266c91763cd12378545423b4e3b9b36ca04&amp;smart=true&amp;width=768&amp;height=432&amp;quality=85\" media=\"(min-width: 768px)\" \/><source srcset=\"https:\/\/www.infobae.com\/resizer\/v2\/2AWOQ7KJSZGLHNYYRLHCSJCHUU.jpg?auth=bb7bdb1910cd588715327585a728f266c91763cd12378545423b4e3b9b36ca04&amp;smart=true&amp;width=577&amp;height=325&amp;quality=85\" media=\"(min-width: 580px)\" \/><source srcset=\"https:\/\/www.infobae.com\/resizer\/v2\/2AWOQ7KJSZGLHNYYRLHCSJCHUU.jpg?auth=bb7bdb1910cd588715327585a728f266c91763cd12378545423b4e3b9b36ca04&amp;smart=true&amp;width=420&amp;height=236&amp;quality=85\" media=\"(min-width: 350px)\" \/><source srcset=\"https:\/\/www.infobae.com\/resizer\/v2\/2AWOQ7KJSZGLHNYYRLHCSJCHUU.jpg?auth=bb7bdb1910cd588715327585a728f266c91763cd12378545423b4e3b9b36ca04&amp;smart=true&amp;width=350&amp;height=197&amp;quality=85\" media=\"(min-width: 80px)\" \/><\/picture><\/div><p class=\"paragraph\" data-mrf-recirculation=\"Links inline\"><picture><source srcset=\"https:\/\/www.infobae.com\/resizer\/v2\/QAU5DKG7C5GOTKMSC4RJJWC73Q.jpeg?auth=34afbce3099b96041da5ca422e4edfc5155ee8db07f6d63fbe725cfface35389&amp;smart=true&amp;width=992&amp;height=661&amp;quality=85\" media=\"(min-width: 1000px)\" \/><source srcset=\"https:\/\/www.infobae.com\/resizer\/v2\/QAU5DKG7C5GOTKMSC4RJJWC73Q.jpeg?auth=34afbce3099b96041da5ca422e4edfc5155ee8db07f6d63fbe725cfface35389&amp;smart=true&amp;width=768&amp;height=512&amp;quality=85\" media=\"(min-width: 768px)\" \/><source srcset=\"https:\/\/www.infobae.com\/resizer\/v2\/QAU5DKG7C5GOTKMSC4RJJWC73Q.jpeg?auth=34afbce3099b96041da5ca422e4edfc5155ee8db07f6d63fbe725cfface35389&amp;smart=true&amp;width=577&amp;height=385&amp;quality=85\" media=\"(min-width: 580px)\" \/><source srcset=\"https:\/\/www.infobae.com\/resizer\/v2\/QAU5DKG7C5GOTKMSC4RJJWC73Q.jpeg?auth=34afbce3099b96041da5ca422e4edfc5155ee8db07f6d63fbe725cfface35389&amp;smart=true&amp;width=420&amp;height=280&amp;quality=85\" media=\"(min-width: 350px)\" \/><source srcset=\"https:\/\/www.infobae.com\/resizer\/v2\/QAU5DKG7C5GOTKMSC4RJJWC73Q.jpeg?auth=34afbce3099b96041da5ca422e4edfc5155ee8db07f6d63fbe725cfface35389&amp;smart=true&amp;width=350&amp;height=233&amp;quality=85\" media=\"(min-width: 80px)\" \/><\/picture><\/p><\/div><\/div><\/div><\/div><p><strong>Fuente: <a href=\"https:\/\/www.portafolio.co\/\" target=\"_blank\" rel=\"noopener\">Portafolio<\/a><\/strong><\/p><\/div><\/div><\/div><\/div><\/div><\/div><\/div><\/div><\/div><\/div><\/div>\t\t\t\t\t\t\t\t<\/div>\n\t\t\t\t\t<\/div>\n\t\t\t\t<\/div>\n\t\t\t\t<\/div>","protected":false},"excerpt":{"rendered":"<p>Se trata de un beneficio obligatorio en Colombia para los trabajadores formales. Toda la informaci\u00f3n para que pueda calcular cu\u00e1nto recibir\u00e1. Se acerca\u00a0diciembre\u00a0y todos los\u00a0empleados registrados de Colombia esperan\u00a0la prima de servicios,\u00a0un pago obligatorio equivalente a un mes de salario proporcional al tiempo trabajado durante el semestre que representa un alivio econ\u00f3mico clave para millones [&hellip;]<\/p>","protected":false},"author":4,"featured_media":33292,"comment_status":"open","ping_status":"open","sticky":false,"template":"","format":"standard","meta":{"_joinchat":[],"footnotes":""},"categories":[36,34,27],"tags":[],"class_list":["post-33291","post","type-post","status-publish","format-standard","has-post-thumbnail","hentry","category-contabilidad","category-laboral","category-noticias-acl"],"_links":{"self":[{"href":"https:\/\/aclco.co\/en\/wp-json\/wp\/v2\/posts\/33291","targetHints":{"allow":["GET"]}}],"collection":[{"href":"https:\/\/aclco.co\/en\/wp-json\/wp\/v2\/posts"}],"about":[{"href":"https:\/\/aclco.co\/en\/wp-json\/wp\/v2\/types\/post"}],"author":[{"embeddable":true,"href":"https:\/\/aclco.co\/en\/wp-json\/wp\/v2\/users\/4"}],"replies":[{"embeddable":true,"href":"https:\/\/aclco.co\/en\/wp-json\/wp\/v2\/comments?post=33291"}],"version-history":[{"count":4,"href":"https:\/\/aclco.co\/en\/wp-json\/wp\/v2\/posts\/33291\/revisions"}],"predecessor-version":[{"id":33297,"href":"https:\/\/aclco.co\/en\/wp-json\/wp\/v2\/posts\/33291\/revisions\/33297"}],"wp:featuredmedia":[{"embeddable":true,"href":"https:\/\/aclco.co\/en\/wp-json\/wp\/v2\/media\/33292"}],"wp:attachment":[{"href":"https:\/\/aclco.co\/en\/wp-json\/wp\/v2\/media?parent=33291"}],"wp:term":[{"taxonomy":"category","embeddable":true,"href":"https:\/\/aclco.co\/en\/wp-json\/wp\/v2\/categories?post=33291"},{"taxonomy":"post_tag","embeddable":true,"href":"https:\/\/aclco.co\/en\/wp-json\/wp\/v2\/tags?post=33291"}],"curies":[{"name":"wp","href":"https:\/\/api.w.org\/{rel}","templated":true}]}}