{"id":33298,"date":"2024-11-20T17:07:38","date_gmt":"2024-11-20T22:07:38","guid":{"rendered":"https:\/\/darkgoldenrod-ibex-179495.hostingersite.com\/?p=33298"},"modified":"2024-11-20T17:18:49","modified_gmt":"2024-11-20T22:18:49","slug":"estas-son-las-fechas-clave-para-definir-el-alza-del","status":"publish","type":"post","link":"https:\/\/aclco.co\/en\/estas-son-las-fechas-clave-para-definir-el-alza-del\/","title":{"rendered":"Estas son las fechas clave para definir el alza del salario m\u00ednimo para el pr\u00f3ximo a\u00f1o"},"content":{"rendered":"<div data-elementor-type=\"wp-post\" data-elementor-id=\"33298\" class=\"elementor elementor-33298\" data-elementor-post-type=\"post\">\n\t\t\t\t<div class=\"elementor-element elementor-element-4fb1ef3 e-flex e-con-boxed e-con e-parent\" data-id=\"4fb1ef3\" data-element_type=\"container\" data-e-type=\"container\">\n\t\t\t\t\t<div class=\"e-con-inner\">\n\t\t\t\t<div class=\"elementor-element elementor-element-e2d721e elementor-widget elementor-widget-text-editor\" data-id=\"e2d721e\" data-element_type=\"widget\" data-e-type=\"widget\" data-widget_type=\"text-editor.default\">\n\t\t\t\t\t\t\t\t\t<div class=\"article-top container_col\"><div class=\"article-top container_col\"><div class=\"lead\"><div class=\"news economiaSect\"><div class=\"html-content\"><div class=\"lead\"><div class=\"lead\"><div class=\"RelatedLinks\"><div class=\"Article-Widget Article-Widget_related\"><div class=\"lazyload-wrapper\"><div id=\"articulocontenido\" class=\"article-content\"><div class=\"article-top container_col\"><div class=\"article-top container_col\"><div class=\"article-top container_col\"><div id=\"p617275-m933-11-934\" class=\"captioned-image\"><div class=\"article-top container_col\"><h5><strong>En la reuni\u00f3n de este martes, estuvieron presentes gremios como la Andi y Asobancaria; as\u00ed como centrales obreras como la CUT<\/strong><\/h5><p>La mesa de concertaci\u00f3n salarial defini\u00f3 este martes el calendario para\u00a0definir el incremento del <a href=\"https:\/\/darkgoldenrod-ibex-179495.hostingersite.com\/salario-minimo-2025-empresarios-piden-que-sea-coherente\/\" target=\"_blank\" rel=\"noopener\">salario m\u00ednimo<\/a> para el pr\u00f3ximo a\u00f1o 2025.<\/p><p>El cronograma estableci\u00f3\u00a0que los d\u00edas 3 y 4 de diciembre se discutir\u00e1n las cifras de productividad que presentar\u00e1 el Departamento Administrativo Nacional de Estad\u00edstica, Dane.\u00a0Adem\u00e1s, el d\u00eda 9 de este mismo mes se conocer\u00e1n las cifras del mercado laboral de octubre, el m\u00e1s cercano a la fecha.<\/p><p>Desde el d\u00eda 11 de diciembre hasta el 15 se presentar\u00e1n y discutir\u00e1n las propuestas de incremento, y\u00a0se espera que en esa misma quincena quede definido cu\u00e1l ser\u00e1 el monto del incremento para el salario m\u00ednimo.<\/p><p>La ministra del Trabajo, Gloria In\u00e9s Ram\u00edrez, confirm\u00f3 que hasta el 15 de diciembre hay plazo para llegar a un acuerdo.\u00a0Si no se llega a un acuerdo, se seguir\u00e1n las sesiones para estudiar las salvedades con las partes, esto para que el 30 de diciembre se pueda publicar el decreto con el salario m\u00ednimo.<\/p><p>La sesi\u00f3n de este martes estuvo encabezada por Gloria In\u00e9s Ram\u00edrez, ministra de Trabajo, y\u00a0cont\u00f3 con la participaci\u00f3n de gremios como Fenalco, Andi, Acopi, SAC y Asobancaria. Adem\u00e1s, del lado de las centrales obreras estuvieron la CUT y la CGT, entre otras.<\/p><p>Por otro lado, por parte del Gobierno Nacional\u00a0asistieron representantes del\u00a0Ministerio de Agricultura, del Ministerio de Hacienda, del Ministerio de Comercio, del Dane, del DNP y del Banco de la Rep\u00fablica.<\/p><p>Seg\u00fan explic\u00f3 Fabio Arias, presidente de la Central Unitaria de Trabajadores, CUT, los l\u00edderes del sector privado \u00abest\u00e1 en contra\u00bb de un incremento mayor de dos d\u00edgitos del salario m\u00ednimo para el pr\u00f3ximo a\u00f1o.<\/p><p>Sin embargo, la ministra manifest\u00f3 que todas las partes est\u00e1n con la disposici\u00f3n de dialogar.\u00a0Tanto el empresariado, como los sindicatos y el Gobierno quieren llegar a un acuerdo en la cifra del salario m\u00ednimo.<\/p><p>Es importante resaltar que, previo a esta discusi\u00f3n,\u00a0el sector privado ya hab\u00eda avisado de cu\u00e1nto ser\u00eda su propuesta de incremento para 2025, acerc\u00e1ndose m\u00e1s a un nivel entre 5% y 6%.<\/p><\/div><div class=\"visual__image\"><picture><source srcset=\"https:\/\/www.infobae.com\/resizer\/v2\/5AMKAZDYLNBGPOVTKGVI76FSQY.jpg?auth=2a9f481e0fc9f65273f23d3d52fd22c5da9289a913de0d9037df2746d08474f1&amp;smart=true&amp;width=992&amp;height=606&amp;quality=85\" media=\"(min-width: 1000px)\" \/><source srcset=\"https:\/\/www.infobae.com\/resizer\/v2\/5AMKAZDYLNBGPOVTKGVI76FSQY.jpg?auth=2a9f481e0fc9f65273f23d3d52fd22c5da9289a913de0d9037df2746d08474f1&amp;smart=true&amp;width=768&amp;height=469&amp;quality=85\" media=\"(min-width: 768px)\" \/><source srcset=\"https:\/\/www.infobae.com\/resizer\/v2\/5AMKAZDYLNBGPOVTKGVI76FSQY.jpg?auth=2a9f481e0fc9f65273f23d3d52fd22c5da9289a913de0d9037df2746d08474f1&amp;smart=true&amp;width=577&amp;height=353&amp;quality=85\" media=\"(min-width: 580px)\" \/><source srcset=\"https:\/\/www.infobae.com\/resizer\/v2\/5AMKAZDYLNBGPOVTKGVI76FSQY.jpg?auth=2a9f481e0fc9f65273f23d3d52fd22c5da9289a913de0d9037df2746d08474f1&amp;smart=true&amp;width=420&amp;height=257&amp;quality=85\" media=\"(min-width: 350px)\" \/><source srcset=\"https:\/\/www.infobae.com\/resizer\/v2\/5AMKAZDYLNBGPOVTKGVI76FSQY.jpg?auth=2a9f481e0fc9f65273f23d3d52fd22c5da9289a913de0d9037df2746d08474f1&amp;smart=true&amp;width=350&amp;height=214&amp;quality=85\" media=\"(min-width: 80px)\" \/><\/picture><\/div><div class=\"visual__image\"><picture><source srcset=\"https:\/\/www.infobae.com\/resizer\/v2\/2AWOQ7KJSZGLHNYYRLHCSJCHUU.jpg?auth=bb7bdb1910cd588715327585a728f266c91763cd12378545423b4e3b9b36ca04&amp;smart=true&amp;width=992&amp;height=558&amp;quality=85\" media=\"(min-width: 1000px)\" \/><source srcset=\"https:\/\/www.infobae.com\/resizer\/v2\/2AWOQ7KJSZGLHNYYRLHCSJCHUU.jpg?auth=bb7bdb1910cd588715327585a728f266c91763cd12378545423b4e3b9b36ca04&amp;smart=true&amp;width=768&amp;height=432&amp;quality=85\" media=\"(min-width: 768px)\" \/><source srcset=\"https:\/\/www.infobae.com\/resizer\/v2\/2AWOQ7KJSZGLHNYYRLHCSJCHUU.jpg?auth=bb7bdb1910cd588715327585a728f266c91763cd12378545423b4e3b9b36ca04&amp;smart=true&amp;width=577&amp;height=325&amp;quality=85\" media=\"(min-width: 580px)\" \/><source srcset=\"https:\/\/www.infobae.com\/resizer\/v2\/2AWOQ7KJSZGLHNYYRLHCSJCHUU.jpg?auth=bb7bdb1910cd588715327585a728f266c91763cd12378545423b4e3b9b36ca04&amp;smart=true&amp;width=420&amp;height=236&amp;quality=85\" media=\"(min-width: 350px)\" \/><source srcset=\"https:\/\/www.infobae.com\/resizer\/v2\/2AWOQ7KJSZGLHNYYRLHCSJCHUU.jpg?auth=bb7bdb1910cd588715327585a728f266c91763cd12378545423b4e3b9b36ca04&amp;smart=true&amp;width=350&amp;height=197&amp;quality=85\" media=\"(min-width: 80px)\" \/><\/picture><\/div><p class=\"paragraph\" data-mrf-recirculation=\"Links inline\"><picture><source srcset=\"https:\/\/www.infobae.com\/resizer\/v2\/QAU5DKG7C5GOTKMSC4RJJWC73Q.jpeg?auth=34afbce3099b96041da5ca422e4edfc5155ee8db07f6d63fbe725cfface35389&amp;smart=true&amp;width=992&amp;height=661&amp;quality=85\" media=\"(min-width: 1000px)\" \/><source srcset=\"https:\/\/www.infobae.com\/resizer\/v2\/QAU5DKG7C5GOTKMSC4RJJWC73Q.jpeg?auth=34afbce3099b96041da5ca422e4edfc5155ee8db07f6d63fbe725cfface35389&amp;smart=true&amp;width=768&amp;height=512&amp;quality=85\" media=\"(min-width: 768px)\" \/><source srcset=\"https:\/\/www.infobae.com\/resizer\/v2\/QAU5DKG7C5GOTKMSC4RJJWC73Q.jpeg?auth=34afbce3099b96041da5ca422e4edfc5155ee8db07f6d63fbe725cfface35389&amp;smart=true&amp;width=577&amp;height=385&amp;quality=85\" media=\"(min-width: 580px)\" \/><source srcset=\"https:\/\/www.infobae.com\/resizer\/v2\/QAU5DKG7C5GOTKMSC4RJJWC73Q.jpeg?auth=34afbce3099b96041da5ca422e4edfc5155ee8db07f6d63fbe725cfface35389&amp;smart=true&amp;width=420&amp;height=280&amp;quality=85\" media=\"(min-width: 350px)\" \/><source srcset=\"https:\/\/www.infobae.com\/resizer\/v2\/QAU5DKG7C5GOTKMSC4RJJWC73Q.jpeg?auth=34afbce3099b96041da5ca422e4edfc5155ee8db07f6d63fbe725cfface35389&amp;smart=true&amp;width=350&amp;height=233&amp;quality=85\" media=\"(min-width: 80px)\" \/><\/picture><\/p><\/div><\/div><\/div><\/div><p><strong>Fuente: <a href=\"https:\/\/www.larepublica.co\/\" target=\"_blank\" rel=\"noopener\">La Rep\u00fablica<\/a><\/strong><\/p><\/div><\/div><\/div><\/div><\/div><\/div><\/div><\/div><\/div><\/div><\/div>\t\t\t\t\t\t\t\t<\/div>\n\t\t\t\t\t<\/div>\n\t\t\t\t<\/div>\n\t\t\t\t<\/div>","protected":false},"excerpt":{"rendered":"<p>En la reuni\u00f3n de este martes, estuvieron presentes gremios como la Andi y Asobancaria; as\u00ed como centrales obreras como la CUT La mesa de concertaci\u00f3n salarial defini\u00f3 este martes el calendario para\u00a0definir el incremento del salario m\u00ednimo para el pr\u00f3ximo a\u00f1o 2025. El cronograma estableci\u00f3\u00a0que los d\u00edas 3 y 4 de diciembre se discutir\u00e1n las [&hellip;]<\/p>","protected":false},"author":4,"featured_media":33299,"comment_status":"open","ping_status":"open","sticky":false,"template":"","format":"standard","meta":{"_joinchat":[],"footnotes":""},"categories":[36,34,27],"tags":[],"class_list":["post-33298","post","type-post","status-publish","format-standard","has-post-thumbnail","hentry","category-contabilidad","category-laboral","category-noticias-acl"],"_links":{"self":[{"href":"https:\/\/aclco.co\/en\/wp-json\/wp\/v2\/posts\/33298","targetHints":{"allow":["GET"]}}],"collection":[{"href":"https:\/\/aclco.co\/en\/wp-json\/wp\/v2\/posts"}],"about":[{"href":"https:\/\/aclco.co\/en\/wp-json\/wp\/v2\/types\/post"}],"author":[{"embeddable":true,"href":"https:\/\/aclco.co\/en\/wp-json\/wp\/v2\/users\/4"}],"replies":[{"embeddable":true,"href":"https:\/\/aclco.co\/en\/wp-json\/wp\/v2\/comments?post=33298"}],"version-history":[{"count":4,"href":"https:\/\/aclco.co\/en\/wp-json\/wp\/v2\/posts\/33298\/revisions"}],"predecessor-version":[{"id":33304,"href":"https:\/\/aclco.co\/en\/wp-json\/wp\/v2\/posts\/33298\/revisions\/33304"}],"wp:featuredmedia":[{"embeddable":true,"href":"https:\/\/aclco.co\/en\/wp-json\/wp\/v2\/media\/33299"}],"wp:attachment":[{"href":"https:\/\/aclco.co\/en\/wp-json\/wp\/v2\/media?parent=33298"}],"wp:term":[{"taxonomy":"category","embeddable":true,"href":"https:\/\/aclco.co\/en\/wp-json\/wp\/v2\/categories?post=33298"},{"taxonomy":"post_tag","embeddable":true,"href":"https:\/\/aclco.co\/en\/wp-json\/wp\/v2\/tags?post=33298"}],"curies":[{"name":"wp","href":"https:\/\/api.w.org\/{rel}","templated":true}]}}