{"id":33328,"date":"2024-11-26T12:15:09","date_gmt":"2024-11-26T17:15:09","guid":{"rendered":"https:\/\/darkgoldenrod-ibex-179495.hostingersite.com\/?p=33328"},"modified":"2024-11-26T12:22:56","modified_gmt":"2024-11-26T17:22:56","slug":"sin-prima-por-salario-integral-o-incapacidad-mayor-a-180","status":"publish","type":"post","link":"https:\/\/aclco.co\/en\/sin-prima-por-salario-integral-o-incapacidad-mayor-a-180\/","title":{"rendered":"Sin prima por salario integral o incapacidad mayor a 180 d\u00edas"},"content":{"rendered":"<div data-elementor-type=\"wp-post\" data-elementor-id=\"33328\" class=\"elementor elementor-33328\" data-elementor-post-type=\"post\">\n\t\t\t\t<div class=\"elementor-element elementor-element-4fb1ef3 e-flex e-con-boxed e-con e-parent\" data-id=\"4fb1ef3\" data-element_type=\"container\" data-e-type=\"container\">\n\t\t\t\t\t<div class=\"e-con-inner\">\n\t\t\t\t<div class=\"elementor-element elementor-element-e2d721e elementor-widget elementor-widget-text-editor\" data-id=\"e2d721e\" data-element_type=\"widget\" data-e-type=\"widget\" data-widget_type=\"text-editor.default\">\n\t\t\t\t\t\t\t\t\t<div class=\"article-top container_col\"><div class=\"article-top container_col\"><div class=\"lead\"><div class=\"news economiaSect\"><div class=\"html-content\"><div class=\"lead\"><div class=\"lead\"><div class=\"RelatedLinks\"><div class=\"Article-Widget Article-Widget_related\"><div class=\"lazyload-wrapper\"><div id=\"articulocontenido\" class=\"article-content\"><div class=\"article-top container_col\"><div class=\"article-top container_col\"><div class=\"article-top container_col\"><div id=\"p617275-m933-11-934\" class=\"captioned-image\"><div class=\"article-top container_col\"><div class=\"article-top container_col\"><section class=\"block-mas-noticias\"><div class=\"mas-noticias-header\"><div id=\"articulocontenido\" class=\"article-content\"><h5 id=\"p617875-m821-27-822\" class=\"parrafo\"><strong>La <a href=\"https:\/\/darkgoldenrod-ibex-179495.hostingersite.com\/de-cuanto-es-la-prima-de-diciembre-de-2024-en-colombia\/\" target=\"_blank\" rel=\"noopener\">prima<\/a> siempre es un pago esperado por los trabajadores, sin embargo, hay cuatro razones por las cuales podr\u00eda no llegarle<\/strong><\/h5><p>Se acerca diciembre, y con el \u00faltimo mes del a\u00f1o, llega la magia de la temporada navide\u00f1a, los planes en familia y el cierre de un a\u00f1o m\u00e1s.\u00a0Pero no solo trae celebraciones y prop\u00f3sitos, tambi\u00e9n llega uno de los momentos m\u00e1s esperados por muchos: la prima navide\u00f1a.Ese ingreso adicional que se convierte en un alivio financiero\u00a0para cerrar 2024 con tranquilidad y cumplir algunos de los sue\u00f1os pendientes.<\/p><p>Sin embargo, debe saber que hay algunas excepciones\u00a0para recibir este alivio econ\u00f3mico:\u00a0personas que reciban un salario integral, que tengan un contrato de prestaci\u00f3n de servicios o quienes tengan una incapacidad superior a 180 d\u00edas, puede que no vean la prima este diciembre.<\/p><p>Juan Antonio Padilla, explic\u00f3 que \u201caquellos trabajadores cuya remuneraci\u00f3n est\u00e1 pactada bajo la figura de salario integral no reciben cada semestre un valor espec\u00edfico por este concepto, ya que esta prestaci\u00f3n est\u00e1 incluida en su remuneraci\u00f3n mensual\u201d. El salario integral es una suma globalizada que est\u00e1 compuesta de un factor salarial, esto es, 70% del valor total, y un factor prestacional, esto es, 30% restante del valor total de la remuneraci\u00f3n.<\/p><p>Por tanto, el art\u00edculo 132 del C\u00f3digo Sustantivo del Trabajo establece que el factor prestacional reconoce de antemano\u00a0los valores correspondientes a prestaciones sociales, dentro de las cuales se encuentra la prima de servicios.<\/p><p>Adem\u00e1s, Eliana Trivi\u00f1o, directora de asuntos laborales en Riveros Victoria Abogados, agreg\u00f3 que no hay lugar al pago cuando el trabajador cuenta con una incapacidad superior a los 180 d\u00edas.<\/p><p>Como tercera excepci\u00f3n, los trabajadores con contratos de prestaci\u00f3n de servicios,\u00a0es decir, las personas independientes; y, por \u00faltimo, los practicantes que est\u00e1n vinculados con un contrato de aprendizaje, tampoco recibir\u00e1n el pago.<\/p><h5><strong>Multas por no pagar la prima<\/strong><\/h5><p>Felipe Quintero Garc\u00eda, explic\u00f3 que al tratarse de una regulaci\u00f3n del mundo del trabajo, el Ministerio de Trabajo puede imponer sanciones a los responsables de violaci\u00f3n de una norma.\u00a0\u201cLas multas pueden ir desde uno hasta 5.000 veces el salario m\u00ednimo mensual vigente seg\u00fan la gravedad de la infracci\u00f3n\u201d, agreg\u00f3.<\/p><p>Adicionalmente, en caso de que se produzca la terminaci\u00f3n del contrato de trabajo y el empleador no pague al trabajador lo correspondiente a salarios y prestaciones sociales,\u00a0el trabajador puede reclamar el pago de la indemnizaci\u00f3n contemplada en el art\u00edculo 65 del C\u00f3digo Sustantivo del Trabajo.<\/p><p>Este pago corresponde a un d\u00eda de salario por cada d\u00eda de retardo hasta por 24 meses o hasta cuando se verifique el pago y\u00a0luego de transcurridos los 24 meses, intereses moratorios a la tasa m\u00e1xima de cr\u00e9ditos de libre asignaci\u00f3n hasta que el pago se efect\u00fae.<\/p><div class=\"news finanzasSect\"><div class=\"html-content\"><h5><strong>Podr\u00e1n pagarla hasta el 20 de diciembre<\/strong><\/h5><p>El art\u00edculo 306 del C\u00f3digo Sustantivo del Trabajo especifica que la prima de servicios corresponde a 30 d\u00edas de salario por a\u00f1o laborado,\u00a0el cual se reconocer\u00e1 en dos pagos as\u00ed: la mitad m\u00e1ximo el 30 de junio y la otra mitad, a m\u00e1s tardar los primeros 20 d\u00edas de diciembre.<\/p><p>Para calcularla debe\u00a0\u201ctomar en consideraci\u00f3n el salario devengado mensualmente por el trabajador, el cual se multiplica por el n\u00famero de d\u00edas trabajados y posteriormente se divide entre 360\u201d, explic\u00f3 el asesor Felipe Quintero Garc\u00eda.<\/p><\/div><\/div><\/div><\/div><\/section><\/div><\/div><div class=\"visual__image\"><picture><source srcset=\"https:\/\/www.infobae.com\/resizer\/v2\/5AMKAZDYLNBGPOVTKGVI76FSQY.jpg?auth=2a9f481e0fc9f65273f23d3d52fd22c5da9289a913de0d9037df2746d08474f1&amp;smart=true&amp;width=992&amp;height=606&amp;quality=85\" media=\"(min-width: 1000px)\" \/><source srcset=\"https:\/\/www.infobae.com\/resizer\/v2\/5AMKAZDYLNBGPOVTKGVI76FSQY.jpg?auth=2a9f481e0fc9f65273f23d3d52fd22c5da9289a913de0d9037df2746d08474f1&amp;smart=true&amp;width=768&amp;height=469&amp;quality=85\" media=\"(min-width: 768px)\" \/><source srcset=\"https:\/\/www.infobae.com\/resizer\/v2\/5AMKAZDYLNBGPOVTKGVI76FSQY.jpg?auth=2a9f481e0fc9f65273f23d3d52fd22c5da9289a913de0d9037df2746d08474f1&amp;smart=true&amp;width=577&amp;height=353&amp;quality=85\" media=\"(min-width: 580px)\" \/><source srcset=\"https:\/\/www.infobae.com\/resizer\/v2\/5AMKAZDYLNBGPOVTKGVI76FSQY.jpg?auth=2a9f481e0fc9f65273f23d3d52fd22c5da9289a913de0d9037df2746d08474f1&amp;smart=true&amp;width=420&amp;height=257&amp;quality=85\" media=\"(min-width: 350px)\" \/><source srcset=\"https:\/\/www.infobae.com\/resizer\/v2\/5AMKAZDYLNBGPOVTKGVI76FSQY.jpg?auth=2a9f481e0fc9f65273f23d3d52fd22c5da9289a913de0d9037df2746d08474f1&amp;smart=true&amp;width=350&amp;height=214&amp;quality=85\" media=\"(min-width: 80px)\" \/><\/picture><\/div><div class=\"visual__image\"><picture><source srcset=\"https:\/\/www.infobae.com\/resizer\/v2\/2AWOQ7KJSZGLHNYYRLHCSJCHUU.jpg?auth=bb7bdb1910cd588715327585a728f266c91763cd12378545423b4e3b9b36ca04&amp;smart=true&amp;width=992&amp;height=558&amp;quality=85\" media=\"(min-width: 1000px)\" \/><source srcset=\"https:\/\/www.infobae.com\/resizer\/v2\/2AWOQ7KJSZGLHNYYRLHCSJCHUU.jpg?auth=bb7bdb1910cd588715327585a728f266c91763cd12378545423b4e3b9b36ca04&amp;smart=true&amp;width=768&amp;height=432&amp;quality=85\" media=\"(min-width: 768px)\" \/><source srcset=\"https:\/\/www.infobae.com\/resizer\/v2\/2AWOQ7KJSZGLHNYYRLHCSJCHUU.jpg?auth=bb7bdb1910cd588715327585a728f266c91763cd12378545423b4e3b9b36ca04&amp;smart=true&amp;width=577&amp;height=325&amp;quality=85\" media=\"(min-width: 580px)\" \/><source srcset=\"https:\/\/www.infobae.com\/resizer\/v2\/2AWOQ7KJSZGLHNYYRLHCSJCHUU.jpg?auth=bb7bdb1910cd588715327585a728f266c91763cd12378545423b4e3b9b36ca04&amp;smart=true&amp;width=420&amp;height=236&amp;quality=85\" media=\"(min-width: 350px)\" \/><source srcset=\"https:\/\/www.infobae.com\/resizer\/v2\/2AWOQ7KJSZGLHNYYRLHCSJCHUU.jpg?auth=bb7bdb1910cd588715327585a728f266c91763cd12378545423b4e3b9b36ca04&amp;smart=true&amp;width=350&amp;height=197&amp;quality=85\" media=\"(min-width: 80px)\" \/><\/picture><\/div><p class=\"paragraph\" data-mrf-recirculation=\"Links inline\"><picture><source srcset=\"https:\/\/www.infobae.com\/resizer\/v2\/QAU5DKG7C5GOTKMSC4RJJWC73Q.jpeg?auth=34afbce3099b96041da5ca422e4edfc5155ee8db07f6d63fbe725cfface35389&amp;smart=true&amp;width=992&amp;height=661&amp;quality=85\" media=\"(min-width: 1000px)\" \/><source srcset=\"https:\/\/www.infobae.com\/resizer\/v2\/QAU5DKG7C5GOTKMSC4RJJWC73Q.jpeg?auth=34afbce3099b96041da5ca422e4edfc5155ee8db07f6d63fbe725cfface35389&amp;smart=true&amp;width=768&amp;height=512&amp;quality=85\" media=\"(min-width: 768px)\" \/><source srcset=\"https:\/\/www.infobae.com\/resizer\/v2\/QAU5DKG7C5GOTKMSC4RJJWC73Q.jpeg?auth=34afbce3099b96041da5ca422e4edfc5155ee8db07f6d63fbe725cfface35389&amp;smart=true&amp;width=577&amp;height=385&amp;quality=85\" media=\"(min-width: 580px)\" \/><source srcset=\"https:\/\/www.infobae.com\/resizer\/v2\/QAU5DKG7C5GOTKMSC4RJJWC73Q.jpeg?auth=34afbce3099b96041da5ca422e4edfc5155ee8db07f6d63fbe725cfface35389&amp;smart=true&amp;width=420&amp;height=280&amp;quality=85\" media=\"(min-width: 350px)\" \/><source srcset=\"https:\/\/www.infobae.com\/resizer\/v2\/QAU5DKG7C5GOTKMSC4RJJWC73Q.jpeg?auth=34afbce3099b96041da5ca422e4edfc5155ee8db07f6d63fbe725cfface35389&amp;smart=true&amp;width=350&amp;height=233&amp;quality=85\" media=\"(min-width: 80px)\" \/><\/picture><\/p><\/div><\/div><\/div><\/div><p><strong>Fuente: <a href=\"https:\/\/www.larepublica.co\/\" target=\"_blank\" rel=\"noopener\">La Rep\u00fablica<\/a><\/strong><\/p><\/div><\/div><\/div><\/div><\/div><\/div><\/div><\/div><\/div><\/div><\/div>\t\t\t\t\t\t\t\t<\/div>\n\t\t\t\t\t<\/div>\n\t\t\t\t<\/div>\n\t\t\t\t<\/div>","protected":false},"excerpt":{"rendered":"<p>La prima siempre es un pago esperado por los trabajadores, sin embargo, hay cuatro razones por las cuales podr\u00eda no llegarle Se acerca diciembre, y con el \u00faltimo mes del a\u00f1o, llega la magia de la temporada navide\u00f1a, los planes en familia y el cierre de un a\u00f1o m\u00e1s.\u00a0Pero no solo trae celebraciones y prop\u00f3sitos, [&hellip;]<\/p>","protected":false},"author":4,"featured_media":33329,"comment_status":"open","ping_status":"open","sticky":false,"template":"","format":"standard","meta":{"_joinchat":[],"footnotes":""},"categories":[36,34,27],"tags":[],"class_list":["post-33328","post","type-post","status-publish","format-standard","has-post-thumbnail","hentry","category-contabilidad","category-laboral","category-noticias-acl"],"_links":{"self":[{"href":"https:\/\/aclco.co\/en\/wp-json\/wp\/v2\/posts\/33328","targetHints":{"allow":["GET"]}}],"collection":[{"href":"https:\/\/aclco.co\/en\/wp-json\/wp\/v2\/posts"}],"about":[{"href":"https:\/\/aclco.co\/en\/wp-json\/wp\/v2\/types\/post"}],"author":[{"embeddable":true,"href":"https:\/\/aclco.co\/en\/wp-json\/wp\/v2\/users\/4"}],"replies":[{"embeddable":true,"href":"https:\/\/aclco.co\/en\/wp-json\/wp\/v2\/comments?post=33328"}],"version-history":[{"count":4,"href":"https:\/\/aclco.co\/en\/wp-json\/wp\/v2\/posts\/33328\/revisions"}],"predecessor-version":[{"id":33333,"href":"https:\/\/aclco.co\/en\/wp-json\/wp\/v2\/posts\/33328\/revisions\/33333"}],"wp:featuredmedia":[{"embeddable":true,"href":"https:\/\/aclco.co\/en\/wp-json\/wp\/v2\/media\/33329"}],"wp:attachment":[{"href":"https:\/\/aclco.co\/en\/wp-json\/wp\/v2\/media?parent=33328"}],"wp:term":[{"taxonomy":"category","embeddable":true,"href":"https:\/\/aclco.co\/en\/wp-json\/wp\/v2\/categories?post=33328"},{"taxonomy":"post_tag","embeddable":true,"href":"https:\/\/aclco.co\/en\/wp-json\/wp\/v2\/tags?post=33328"}],"curies":[{"name":"wp","href":"https:\/\/api.w.org\/{rel}","templated":true}]}}