{"id":33353,"date":"2024-12-02T16:49:57","date_gmt":"2024-12-02T21:49:57","guid":{"rendered":"https:\/\/darkgoldenrod-ibex-179495.hostingersite.com\/?p=33353"},"modified":"2024-12-02T16:58:52","modified_gmt":"2024-12-02T21:58:52","slug":"nueva-propuesta-para-el-alza-del-salario-minimo-de-2025","status":"publish","type":"post","link":"https:\/\/aclco.co\/en\/nueva-propuesta-para-el-alza-del-salario-minimo-de-2025\/","title":{"rendered":"Nueva propuesta para el alza del salario m\u00ednimo de 2025: que el aumento sea del 6%"},"content":{"rendered":"<div data-elementor-type=\"wp-post\" data-elementor-id=\"33353\" class=\"elementor elementor-33353\" data-elementor-post-type=\"post\">\n\t\t\t\t<div class=\"elementor-element elementor-element-4fb1ef3 e-flex e-con-boxed e-con e-parent\" data-id=\"4fb1ef3\" data-element_type=\"container\" data-e-type=\"container\">\n\t\t\t\t\t<div class=\"e-con-inner\">\n\t\t\t\t<div class=\"elementor-element elementor-element-e2d721e elementor-widget elementor-widget-text-editor\" data-id=\"e2d721e\" data-element_type=\"widget\" data-e-type=\"widget\" data-widget_type=\"text-editor.default\">\n\t\t\t\t\t\t\t\t\t<div class=\"article-top container_col\"><div class=\"article-top container_col\"><div class=\"lead\"><div class=\"news economiaSect\"><div class=\"html-content\"><div class=\"lead\"><div class=\"lead\"><div class=\"RelatedLinks\"><div class=\"Article-Widget Article-Widget_related\"><div class=\"lazyload-wrapper\"><div id=\"articulocontenido\" class=\"article-content\"><div class=\"article-top container_col\"><div class=\"article-top container_col\"><div class=\"article-top container_col\"><div id=\"p617275-m933-11-934\" class=\"captioned-image\"><div class=\"article-top container_col\"><div class=\"article-top container_col\"><section class=\"block-mas-noticias\"><div class=\"mas-noticias-header\"><div id=\"articulocontenido\" class=\"article-content\"><div class=\"news finanzasSect\"><div class=\"html-content\"><div class=\"article-top container_col\"><div id=\"articulocontenido\" class=\"article-content\"><div class=\"article-top container_col\"><h5 id=\"pnull-m138-1-139\" class=\"epigraph regular_lead1\"><strong>La idea la lanz\u00f3 Anif, argumentando que &#8216;esto evitar\u00eda seguir ampliando la brecha entre los trabajadores formales y los informales&#8217;.<\/strong><\/h5><p>La decisi\u00f3n del aumento del\u00a0salario m\u00ednimo para el 2025 en Colombia\u00a0entra en su recta final y siguen apareciendo propuestas y recomendaciones para el aumento desde diferentes entidades. Esta vez el turno fue para la\u00a0Asociaci\u00f3n Nacional de Instituciones Financieras (Anif),\u00a0que asegur\u00f3 que el incremento deber\u00eda ser del 6%.<\/p><p id=\"pnull-m200-3-201\" class=\"parrafo\" spellcheck=\"false\" data-lt-tmp-id=\"lt-13603\" data-gramm=\"false\">Para el centro de estudios, el salario m\u00ednimo en el pa\u00eds, en los \u00faltimos a\u00f1os,\u00a0se ha visto impactado por\u00a0factores pol\u00edticos m\u00e1s all\u00e1 de los t\u00e9cnicos, lo que ha hecho que\u00a0\u00abcrezca consistentemente por encima de la inflaci\u00f3n y la productividad\u00bb.\u00a0<\/p><p id=\"pnull-m252-3-253\" class=\"parrafo\" spellcheck=\"false\" data-lt-tmp-id=\"lt-272219\" data-gramm=\"false\">Argument\u00f3 que \u00aben 2023, el 54,7% de los trabajadores percibi\u00f3 ingresos de hasta un salario m\u00ednimo, superior a lo observado en a\u00f1os anteriores, lo que evidencia una creciente concentraci\u00f3n en niveles salariales bajos\u00bb y que \u00ablos aumentos del m\u00ednimo est\u00e1n afectando\u00a0desproporcionadamente a empresas peque\u00f1as, que soportan una mayor carga de costos laborales en comparaci\u00f3n con empresas grandes\u00bb.<\/p><p class=\"parrafo\" spellcheck=\"false\" data-lt-tmp-id=\"lt-272219\" data-gramm=\"false\">Sobre el 2024, record\u00f3 que el 56 % de las personas ocupadas se encuentran en la informalidad laboral, \u00abquedando excluidos de los beneficios de las negociaciones del salario m\u00ednimo\u00bb y que\u00a0un\u00a0an\u00e1lisis econom\u00e9trico revel\u00f3 que la desfavorabilidad presidencial est\u00e1 correlacionada\u00a0\u00abcon aumentos salariales superiores a los determinados por los fundamentales econ\u00f3micos\u00bb.<\/p><p id=\"pnull-m252-3-253\" class=\"parrafo\" spellcheck=\"false\" data-lt-tmp-id=\"lt-272219\" data-gramm=\"false\">As\u00ed las cosas, para Anif,\u00a0el incremento del m\u00ednimo debe ser de m\u00e1ximo 6%, bas\u00e1ndose en proyecciones de inflaci\u00f3n para todo el 2024 de 5% y de un crecimiento de productividad en el a\u00f1o actual de 0,78%.<\/p><p class=\"parrafo\" spellcheck=\"false\" data-lt-tmp-id=\"lt-272219\" data-gramm=\"false\">\u00abEsto evitar\u00eda seguir ampliando la brecha entre los trabajadores formales\u00a0y los informales\u00bb, argument\u00f3.<\/p><p id=\"pnull-m265-4-266\" class=\"parrafo\" spellcheck=\"false\" data-lt-tmp-id=\"lt-146096\" data-gramm=\"false\">Si el m\u00ednimo se sube el 6% que propone Anif,\u00a0se tratar\u00eda de un aumento de 78.000 pesos y este salario quedar\u00eda en 1\u00b4378.000 para 2025.\u00a0\u00a0<\/p><p id=\"pnull-m272-5-273\" class=\"parrafo\" spellcheck=\"false\" data-lt-tmp-id=\"lt-871750\" data-gramm=\"false\">Empresarios y gremios han asegurado que el incremento deber\u00eda estar entre 5% y 7%, los sindicatos est\u00e1n pidiendo que est\u00e9 por encima de dos d\u00edgitos, es decir, de 10% para arriba, y desde el Gobierno han comentado que la decisi\u00f3n deber\u00eda estar entre el 6,2% y el 6,5%.\u00a0<\/p><div id=\"pnull-m286-6-287\" class=\"highlighted\"><h5 id=\"m291-290-292\" class=\"tiemposBold3\" spellcheck=\"false\" data-lt-tmp-id=\"lt-61150\" data-gramm=\"false\"><strong>Las fechas a tener en cuenta<\/strong><\/h5><\/div><p id=\"pnull-m279-6-280\" class=\"parrafo\" spellcheck=\"false\" data-lt-tmp-id=\"lt-73143\" data-gramm=\"false\">Esta es la agenda que debe tener en cuenta sobre la negociaci\u00f3n del m\u00ednimo:<\/p><ul><li class=\"parrafo\" spellcheck=\"false\" data-lt-tmp-id=\"lt-73143\" data-gramm=\"false\"><strong>Martes 3 de diciembre:<\/strong> se discuten cifras de productividad que entregar\u00e1 el Departamento Administrativo Nacional de Estad\u00edstica (Dane).<\/li><li class=\"parrafo\" spellcheck=\"false\" data-lt-tmp-id=\"lt-73143\" data-gramm=\"false\"><strong>Mi\u00e9rcoles 4 de diciembre:<\/strong> se discuten cifras del PIB.<\/li><li class=\"parrafo\" spellcheck=\"false\" data-lt-tmp-id=\"lt-73143\" data-gramm=\"false\"><strong>Viernes 6 de diciembre:<\/strong> se analiza la cifra de la inflaci\u00f3n.<\/li><li class=\"parrafo\" spellcheck=\"false\" data-lt-tmp-id=\"lt-73143\" data-gramm=\"false\"><strong>Lunes 9 de diciembre:<\/strong> ser\u00e1 momento de evaluar las cifras de desempleo de octubre, las m\u00e1s cercanas para la discusi\u00f3n del m\u00ednimo.<\/li><li class=\"parrafo\" spellcheck=\"false\" data-lt-tmp-id=\"lt-73143\" data-gramm=\"false\"><strong>Mi\u00e9rcoles 11 de diciembre:<\/strong> se reciben, oficialmente, las propuestas para el aumento del salario m\u00ednimo para el 2025.<\/li><li class=\"parrafo\" spellcheck=\"false\" data-lt-tmp-id=\"lt-73143\" data-gramm=\"false\"><strong>Jueves 12 y viernes 13 de diciembre:<\/strong> se dar\u00e1n las discusiones para llegar a un acuerdo.<\/li><li class=\"parrafo\" spellcheck=\"false\" data-lt-tmp-id=\"lt-73143\" data-gramm=\"false\"><strong>Domingo 15 de diciembre:<\/strong> primer vencimiento legal para la concertaci\u00f3n del m\u00ednimo.<\/li><li class=\"parrafo\" spellcheck=\"false\" data-lt-tmp-id=\"lt-73143\" data-gramm=\"false\"><strong>Lunes 16 de diciembre:<\/strong> presentaci\u00f3n de escritos de salvedades de cada parte involucrada en la negociaci\u00f3n (sindicatos, representantes de empresas).<\/li><li class=\"parrafo\" spellcheck=\"false\" data-lt-tmp-id=\"lt-73143\" data-gramm=\"false\"><strong>Jueves 19 de diciembre:<\/strong> sesi\u00f3n para estudiar las salvedades.<\/li><li class=\"parrafo\" spellcheck=\"false\" data-lt-tmp-id=\"lt-73143\" data-gramm=\"false\"><strong>Martes 24, mi\u00e9rcoles 25, jueves 26 y viernes 27 de diciembre:<\/strong> jornadas de concertaci\u00f3n del m\u00ednimo extraordinarias.<\/li><li class=\"parrafo\" spellcheck=\"false\" data-lt-tmp-id=\"lt-73143\" data-gramm=\"false\"><strong>Lunes 30 de diciembre:<\/strong> fecha l\u00edmite de expedici\u00f3n del salario m\u00ednimo.<\/li><\/ul><\/div><\/div><\/div><\/div><\/div><\/div><\/div><\/section><\/div><\/div><div class=\"visual__image\"><picture><source srcset=\"https:\/\/www.infobae.com\/resizer\/v2\/5AMKAZDYLNBGPOVTKGVI76FSQY.jpg?auth=2a9f481e0fc9f65273f23d3d52fd22c5da9289a913de0d9037df2746d08474f1&amp;smart=true&amp;width=992&amp;height=606&amp;quality=85\" media=\"(min-width: 1000px)\" \/><source srcset=\"https:\/\/www.infobae.com\/resizer\/v2\/5AMKAZDYLNBGPOVTKGVI76FSQY.jpg?auth=2a9f481e0fc9f65273f23d3d52fd22c5da9289a913de0d9037df2746d08474f1&amp;smart=true&amp;width=768&amp;height=469&amp;quality=85\" media=\"(min-width: 768px)\" \/><source srcset=\"https:\/\/www.infobae.com\/resizer\/v2\/5AMKAZDYLNBGPOVTKGVI76FSQY.jpg?auth=2a9f481e0fc9f65273f23d3d52fd22c5da9289a913de0d9037df2746d08474f1&amp;smart=true&amp;width=577&amp;height=353&amp;quality=85\" media=\"(min-width: 580px)\" \/><source srcset=\"https:\/\/www.infobae.com\/resizer\/v2\/5AMKAZDYLNBGPOVTKGVI76FSQY.jpg?auth=2a9f481e0fc9f65273f23d3d52fd22c5da9289a913de0d9037df2746d08474f1&amp;smart=true&amp;width=420&amp;height=257&amp;quality=85\" media=\"(min-width: 350px)\" \/><source srcset=\"https:\/\/www.infobae.com\/resizer\/v2\/5AMKAZDYLNBGPOVTKGVI76FSQY.jpg?auth=2a9f481e0fc9f65273f23d3d52fd22c5da9289a913de0d9037df2746d08474f1&amp;smart=true&amp;width=350&amp;height=214&amp;quality=85\" media=\"(min-width: 80px)\" \/><\/picture><\/div><div class=\"visual__image\"><picture><source srcset=\"https:\/\/www.infobae.com\/resizer\/v2\/2AWOQ7KJSZGLHNYYRLHCSJCHUU.jpg?auth=bb7bdb1910cd588715327585a728f266c91763cd12378545423b4e3b9b36ca04&amp;smart=true&amp;width=992&amp;height=558&amp;quality=85\" media=\"(min-width: 1000px)\" \/><source srcset=\"https:\/\/www.infobae.com\/resizer\/v2\/2AWOQ7KJSZGLHNYYRLHCSJCHUU.jpg?auth=bb7bdb1910cd588715327585a728f266c91763cd12378545423b4e3b9b36ca04&amp;smart=true&amp;width=768&amp;height=432&amp;quality=85\" media=\"(min-width: 768px)\" \/><source srcset=\"https:\/\/www.infobae.com\/resizer\/v2\/2AWOQ7KJSZGLHNYYRLHCSJCHUU.jpg?auth=bb7bdb1910cd588715327585a728f266c91763cd12378545423b4e3b9b36ca04&amp;smart=true&amp;width=577&amp;height=325&amp;quality=85\" media=\"(min-width: 580px)\" \/><source srcset=\"https:\/\/www.infobae.com\/resizer\/v2\/2AWOQ7KJSZGLHNYYRLHCSJCHUU.jpg?auth=bb7bdb1910cd588715327585a728f266c91763cd12378545423b4e3b9b36ca04&amp;smart=true&amp;width=420&amp;height=236&amp;quality=85\" media=\"(min-width: 350px)\" \/><source srcset=\"https:\/\/www.infobae.com\/resizer\/v2\/2AWOQ7KJSZGLHNYYRLHCSJCHUU.jpg?auth=bb7bdb1910cd588715327585a728f266c91763cd12378545423b4e3b9b36ca04&amp;smart=true&amp;width=350&amp;height=197&amp;quality=85\" media=\"(min-width: 80px)\" \/><\/picture><\/div><p class=\"paragraph\" data-mrf-recirculation=\"Links inline\"><picture><source srcset=\"https:\/\/www.infobae.com\/resizer\/v2\/QAU5DKG7C5GOTKMSC4RJJWC73Q.jpeg?auth=34afbce3099b96041da5ca422e4edfc5155ee8db07f6d63fbe725cfface35389&amp;smart=true&amp;width=992&amp;height=661&amp;quality=85\" media=\"(min-width: 1000px)\" \/><source srcset=\"https:\/\/www.infobae.com\/resizer\/v2\/QAU5DKG7C5GOTKMSC4RJJWC73Q.jpeg?auth=34afbce3099b96041da5ca422e4edfc5155ee8db07f6d63fbe725cfface35389&amp;smart=true&amp;width=768&amp;height=512&amp;quality=85\" media=\"(min-width: 768px)\" \/><source srcset=\"https:\/\/www.infobae.com\/resizer\/v2\/QAU5DKG7C5GOTKMSC4RJJWC73Q.jpeg?auth=34afbce3099b96041da5ca422e4edfc5155ee8db07f6d63fbe725cfface35389&amp;smart=true&amp;width=577&amp;height=385&amp;quality=85\" media=\"(min-width: 580px)\" \/><source srcset=\"https:\/\/www.infobae.com\/resizer\/v2\/QAU5DKG7C5GOTKMSC4RJJWC73Q.jpeg?auth=34afbce3099b96041da5ca422e4edfc5155ee8db07f6d63fbe725cfface35389&amp;smart=true&amp;width=420&amp;height=280&amp;quality=85\" media=\"(min-width: 350px)\" \/><source srcset=\"https:\/\/www.infobae.com\/resizer\/v2\/QAU5DKG7C5GOTKMSC4RJJWC73Q.jpeg?auth=34afbce3099b96041da5ca422e4edfc5155ee8db07f6d63fbe725cfface35389&amp;smart=true&amp;width=350&amp;height=233&amp;quality=85\" media=\"(min-width: 80px)\" \/><\/picture><\/p><\/div><\/div><\/div><\/div><p><strong>Fuente: <a href=\"https:\/\/www.portafolio.co\/\" target=\"_blank\" rel=\"noopener\">Portafolio<\/a><\/strong><\/p><\/div><\/div><\/div><\/div><\/div><\/div><\/div><\/div><\/div><\/div><\/div>\t\t\t\t\t\t\t\t<\/div>\n\t\t\t\t\t<\/div>\n\t\t\t\t<\/div>\n\t\t\t\t<\/div>","protected":false},"excerpt":{"rendered":"<p>La idea la lanz\u00f3 Anif, argumentando que &#8216;esto evitar\u00eda seguir ampliando la brecha entre los trabajadores formales y los informales&#8217;. La decisi\u00f3n del aumento del\u00a0salario m\u00ednimo para el 2025 en Colombia\u00a0entra en su recta final y siguen apareciendo propuestas y recomendaciones para el aumento desde diferentes entidades. Esta vez el turno fue para la\u00a0Asociaci\u00f3n Nacional [&hellip;]<\/p>","protected":false},"author":4,"featured_media":33354,"comment_status":"open","ping_status":"open","sticky":false,"template":"","format":"standard","meta":{"_joinchat":[],"footnotes":""},"categories":[36,34,27,29],"tags":[],"class_list":["post-33353","post","type-post","status-publish","format-standard","has-post-thumbnail","hentry","category-contabilidad","category-laboral","category-noticias-acl","category-tributario"],"_links":{"self":[{"href":"https:\/\/aclco.co\/en\/wp-json\/wp\/v2\/posts\/33353","targetHints":{"allow":["GET"]}}],"collection":[{"href":"https:\/\/aclco.co\/en\/wp-json\/wp\/v2\/posts"}],"about":[{"href":"https:\/\/aclco.co\/en\/wp-json\/wp\/v2\/types\/post"}],"author":[{"embeddable":true,"href":"https:\/\/aclco.co\/en\/wp-json\/wp\/v2\/users\/4"}],"replies":[{"embeddable":true,"href":"https:\/\/aclco.co\/en\/wp-json\/wp\/v2\/comments?post=33353"}],"version-history":[{"count":4,"href":"https:\/\/aclco.co\/en\/wp-json\/wp\/v2\/posts\/33353\/revisions"}],"predecessor-version":[{"id":33358,"href":"https:\/\/aclco.co\/en\/wp-json\/wp\/v2\/posts\/33353\/revisions\/33358"}],"wp:featuredmedia":[{"embeddable":true,"href":"https:\/\/aclco.co\/en\/wp-json\/wp\/v2\/media\/33354"}],"wp:attachment":[{"href":"https:\/\/aclco.co\/en\/wp-json\/wp\/v2\/media?parent=33353"}],"wp:term":[{"taxonomy":"category","embeddable":true,"href":"https:\/\/aclco.co\/en\/wp-json\/wp\/v2\/categories?post=33353"},{"taxonomy":"post_tag","embeddable":true,"href":"https:\/\/aclco.co\/en\/wp-json\/wp\/v2\/tags?post=33353"}],"curies":[{"name":"wp","href":"https:\/\/api.w.org\/{rel}","templated":true}]}}