{"id":33417,"date":"2024-12-16T10:39:58","date_gmt":"2024-12-16T15:39:58","guid":{"rendered":"https:\/\/darkgoldenrod-ibex-179495.hostingersite.com\/?p=33417"},"modified":"2024-12-16T10:49:17","modified_gmt":"2024-12-16T15:49:17","slug":"salario-minimo-2025-que-trabajadores-no-lo-recibiran","status":"publish","type":"post","link":"https:\/\/aclco.co\/en\/salario-minimo-2025-que-trabajadores-no-lo-recibiran\/","title":{"rendered":"Salario m\u00ednimo 2025: \u00bfqu\u00e9 trabajadores no lo recibir\u00e1n en Colombia?"},"content":{"rendered":"<div data-elementor-type=\"wp-post\" data-elementor-id=\"33417\" class=\"elementor elementor-33417\" data-elementor-post-type=\"post\">\n\t\t\t\t<div class=\"elementor-element elementor-element-4fb1ef3 e-flex e-con-boxed e-con e-parent\" data-id=\"4fb1ef3\" data-element_type=\"container\" data-e-type=\"container\">\n\t\t\t\t\t<div class=\"e-con-inner\">\n\t\t\t\t<div class=\"elementor-element elementor-element-e2d721e elementor-widget elementor-widget-text-editor\" data-id=\"e2d721e\" data-element_type=\"widget\" data-e-type=\"widget\" data-widget_type=\"text-editor.default\">\n\t\t\t\t\t\t\t\t\t<div class=\"article-top container_col\"><div class=\"article-top container_col\"><div class=\"lead\"><div class=\"news economiaSect\"><div class=\"html-content\"><div class=\"lead\"><div class=\"lead\"><div class=\"RelatedLinks\"><div class=\"Article-Widget Article-Widget_related\"><div class=\"lazyload-wrapper\"><div id=\"articulocontenido\" class=\"article-content\"><div class=\"article-top container_col\"><div class=\"article-top container_col\"><div class=\"article-top container_col\"><div id=\"p617275-m933-11-934\" class=\"captioned-image\"><div class=\"article-top container_col\"><div class=\"article-top container_col\"><section class=\"block-mas-noticias\"><div class=\"mas-noticias-header\"><div id=\"articulocontenido\" class=\"article-content\"><div class=\"news finanzasSect\"><div class=\"html-content\"><div class=\"article-top container_col\"><div id=\"articulocontenido\" class=\"article-content\"><div class=\"article-top container_col\"><div class=\"article-top container_col\"><div class=\"article-top container_col\"><div class=\"article-top container_col\"><div class=\"article-top container_col\"><div class=\"article-top container_col\"><div class=\"article-top container_col\"><h5 id=\"p619704-m190-1-191\" class=\"epigraph regular_lead1\"><strong>Tenga en cuenta el grupo de empleados que no tendr\u00e1n ninguna incidencia en sus ganancias mensuales.<\/strong><\/h5><p>En los \u00faltimos d\u00edas se han mantenido conversaciones relacionadas con el valor que tendr\u00e1 el <a href=\"https:\/\/darkgoldenrod-ibex-179495.hostingersite.com\/nueva-propuesta-para-el-alza-del-salario-minimo-de-2025\/\" target=\"_blank\" rel=\"noopener\">salario m\u00ednimo<\/a>\u00a0para el a\u00f1o 2025 y su resoluci\u00f3n se podr\u00eda llegar a dar en las pr\u00f3ximas horas.\u00a0\u00bfQu\u00e9 clase de trabajadores no percibir\u00e1n esta actualizaci\u00f3n y por qu\u00e9 razones?<\/p><p id=\"p619704-m202-2-203\" class=\"parrafo\" spellcheck=\"false\" data-lt-tmp-id=\"lt-684375\" data-gramm=\"false\">Seg\u00fan lo ha informado El Tiempo, desde el jueves 12 de diciembre se present\u00f3 la propuesta de Acopi que rondar\u00eda el incremento de un 5,2% frente a un 12% planteado por la Central Unitaria de Trabajadores.\u00a0En caso de no llegar a un acuerdo con el Gobierno,\u00a0este aumento se establecer\u00e1 por decreto.<\/p><p id=\"p619704-m220-4-221\" class=\"parrafo\" spellcheck=\"false\" data-lt-tmp-id=\"lt-389596\" data-gramm=\"false\">En informaci\u00f3n suministrada en el sitio oficial de la Presidencia de la Rep\u00fablica se menciona que El DANE ha revelado que en la actualidad \u201cm\u00e1s de 3 millones 700 mil personas ganan en Colombia un salario m\u00ednimo\u201d,\u00a0indican.<\/p><p spellcheck=\"false\" data-lt-tmp-id=\"lt-389596\" data-gramm=\"false\">En este sentido, desde\u00a0el Tiempo\u00a0han precisado que aquellos trabajadores que est\u00e1n vinculados con una empresa bajo la modalidad de prestaci\u00f3n de servicios y empleados independientes no tendr\u00e1n un aumento en sus remuneraciones\u00a0debido a que el cobro de sus funciones se basa en una cantidad de horas trabajadas.<\/p><p id=\"p619704-m220-4-221\" class=\"parrafo\" spellcheck=\"false\" data-lt-tmp-id=\"lt-389596\" data-gramm=\"false\">Tampoco tendr\u00e1n incidencias en sus recibos de sueldo, aquellas personas que ganen m\u00e1s de un salario m\u00ednimo. Se aclara que los pagos son a criterio de cada empleador y por supuesto las competencias del mismo. Los ajustes se determinar\u00e1n teniendo en consideraci\u00f3n una de las variables econ\u00f3micas como pueden ser la inflaci\u00f3n.<\/p><div id=\"p619704-m277-4-278\" class=\"highlighted\"><h5 id=\"m282-281-283\" class=\"tiemposBold3\" spellcheck=\"false\" data-lt-tmp-id=\"lt-905756\" data-gramm=\"false\"><strong>Salario m\u00ednimo 2025: qu\u00e9 sucede con los trabajadores del Estado<\/strong><\/h5><p>Adem\u00e1s, el aumento tampoco aplicar\u00e1 para quienes\u00a0ganen m\u00e1s de un salario m\u00ednimo y cuyos pagos no est\u00e9n vinculados a este.\u00a0En estos casos, la remuneraci\u00f3n depende del criterio del empleador, basado en las competencias del trabajador.\u00a0En esta situaci\u00f3n los ajustes salariales suelen alinearse con la inflaci\u00f3n.<\/p><p>El \u00faltimo grupo de trabajadores\u00a0son los empleados del Estado, cuyos salarios no tienen incidencia y son determinados por los acuerdos realizados entre los sindicatos y funcionarios del gobierno que conduce en la actualidad Gustavo Petro.<\/p><\/div><\/div><\/div><\/div><\/div><\/div><\/div><\/div><\/div><\/div><\/div><\/div><\/div><\/div><\/section><\/div><\/div><div class=\"visual__image\"><picture><source srcset=\"https:\/\/www.infobae.com\/resizer\/v2\/5AMKAZDYLNBGPOVTKGVI76FSQY.jpg?auth=2a9f481e0fc9f65273f23d3d52fd22c5da9289a913de0d9037df2746d08474f1&amp;smart=true&amp;width=992&amp;height=606&amp;quality=85\" media=\"(min-width: 1000px)\" \/><source srcset=\"https:\/\/www.infobae.com\/resizer\/v2\/5AMKAZDYLNBGPOVTKGVI76FSQY.jpg?auth=2a9f481e0fc9f65273f23d3d52fd22c5da9289a913de0d9037df2746d08474f1&amp;smart=true&amp;width=768&amp;height=469&amp;quality=85\" media=\"(min-width: 768px)\" \/><source srcset=\"https:\/\/www.infobae.com\/resizer\/v2\/5AMKAZDYLNBGPOVTKGVI76FSQY.jpg?auth=2a9f481e0fc9f65273f23d3d52fd22c5da9289a913de0d9037df2746d08474f1&amp;smart=true&amp;width=577&amp;height=353&amp;quality=85\" media=\"(min-width: 580px)\" \/><source srcset=\"https:\/\/www.infobae.com\/resizer\/v2\/5AMKAZDYLNBGPOVTKGVI76FSQY.jpg?auth=2a9f481e0fc9f65273f23d3d52fd22c5da9289a913de0d9037df2746d08474f1&amp;smart=true&amp;width=420&amp;height=257&amp;quality=85\" media=\"(min-width: 350px)\" \/><source srcset=\"https:\/\/www.infobae.com\/resizer\/v2\/5AMKAZDYLNBGPOVTKGVI76FSQY.jpg?auth=2a9f481e0fc9f65273f23d3d52fd22c5da9289a913de0d9037df2746d08474f1&amp;smart=true&amp;width=350&amp;height=214&amp;quality=85\" media=\"(min-width: 80px)\" \/><\/picture><\/div><div class=\"visual__image\"><picture><source srcset=\"https:\/\/www.infobae.com\/resizer\/v2\/2AWOQ7KJSZGLHNYYRLHCSJCHUU.jpg?auth=bb7bdb1910cd588715327585a728f266c91763cd12378545423b4e3b9b36ca04&amp;smart=true&amp;width=992&amp;height=558&amp;quality=85\" media=\"(min-width: 1000px)\" \/><source srcset=\"https:\/\/www.infobae.com\/resizer\/v2\/2AWOQ7KJSZGLHNYYRLHCSJCHUU.jpg?auth=bb7bdb1910cd588715327585a728f266c91763cd12378545423b4e3b9b36ca04&amp;smart=true&amp;width=768&amp;height=432&amp;quality=85\" media=\"(min-width: 768px)\" \/><source srcset=\"https:\/\/www.infobae.com\/resizer\/v2\/2AWOQ7KJSZGLHNYYRLHCSJCHUU.jpg?auth=bb7bdb1910cd588715327585a728f266c91763cd12378545423b4e3b9b36ca04&amp;smart=true&amp;width=577&amp;height=325&amp;quality=85\" media=\"(min-width: 580px)\" \/><source srcset=\"https:\/\/www.infobae.com\/resizer\/v2\/2AWOQ7KJSZGLHNYYRLHCSJCHUU.jpg?auth=bb7bdb1910cd588715327585a728f266c91763cd12378545423b4e3b9b36ca04&amp;smart=true&amp;width=420&amp;height=236&amp;quality=85\" media=\"(min-width: 350px)\" \/><source srcset=\"https:\/\/www.infobae.com\/resizer\/v2\/2AWOQ7KJSZGLHNYYRLHCSJCHUU.jpg?auth=bb7bdb1910cd588715327585a728f266c91763cd12378545423b4e3b9b36ca04&amp;smart=true&amp;width=350&amp;height=197&amp;quality=85\" media=\"(min-width: 80px)\" \/><\/picture><\/div><p class=\"paragraph\" data-mrf-recirculation=\"Links inline\"><picture><source srcset=\"https:\/\/www.infobae.com\/resizer\/v2\/QAU5DKG7C5GOTKMSC4RJJWC73Q.jpeg?auth=34afbce3099b96041da5ca422e4edfc5155ee8db07f6d63fbe725cfface35389&amp;smart=true&amp;width=992&amp;height=661&amp;quality=85\" media=\"(min-width: 1000px)\" \/><source srcset=\"https:\/\/www.infobae.com\/resizer\/v2\/QAU5DKG7C5GOTKMSC4RJJWC73Q.jpeg?auth=34afbce3099b96041da5ca422e4edfc5155ee8db07f6d63fbe725cfface35389&amp;smart=true&amp;width=768&amp;height=512&amp;quality=85\" media=\"(min-width: 768px)\" \/><source srcset=\"https:\/\/www.infobae.com\/resizer\/v2\/QAU5DKG7C5GOTKMSC4RJJWC73Q.jpeg?auth=34afbce3099b96041da5ca422e4edfc5155ee8db07f6d63fbe725cfface35389&amp;smart=true&amp;width=577&amp;height=385&amp;quality=85\" media=\"(min-width: 580px)\" \/><source srcset=\"https:\/\/www.infobae.com\/resizer\/v2\/QAU5DKG7C5GOTKMSC4RJJWC73Q.jpeg?auth=34afbce3099b96041da5ca422e4edfc5155ee8db07f6d63fbe725cfface35389&amp;smart=true&amp;width=420&amp;height=280&amp;quality=85\" media=\"(min-width: 350px)\" \/><source srcset=\"https:\/\/www.infobae.com\/resizer\/v2\/QAU5DKG7C5GOTKMSC4RJJWC73Q.jpeg?auth=34afbce3099b96041da5ca422e4edfc5155ee8db07f6d63fbe725cfface35389&amp;smart=true&amp;width=350&amp;height=233&amp;quality=85\" media=\"(min-width: 80px)\" \/><\/picture><\/p><\/div><\/div><\/div><\/div><p><strong>Fuente: <a href=\"https:\/\/www.portafolio.co\/\" target=\"_blank\" rel=\"noopener\">Portafolio<\/a><\/strong><\/p><\/div><\/div><\/div><\/div><\/div><\/div><\/div><\/div><\/div><\/div><\/div>\t\t\t\t\t\t\t\t<\/div>\n\t\t\t\t\t<\/div>\n\t\t\t\t<\/div>\n\t\t\t\t<\/div>","protected":false},"excerpt":{"rendered":"<p>Tenga en cuenta el grupo de empleados que no tendr\u00e1n ninguna incidencia en sus ganancias mensuales. En los \u00faltimos d\u00edas se han mantenido conversaciones relacionadas con el valor que tendr\u00e1 el salario m\u00ednimo\u00a0para el a\u00f1o 2025 y su resoluci\u00f3n se podr\u00eda llegar a dar en las pr\u00f3ximas horas.\u00a0\u00bfQu\u00e9 clase de trabajadores no percibir\u00e1n esta actualizaci\u00f3n [&hellip;]<\/p>","protected":false},"author":4,"featured_media":33418,"comment_status":"open","ping_status":"open","sticky":false,"template":"","format":"standard","meta":{"_joinchat":[],"footnotes":""},"categories":[36,34,27],"tags":[],"class_list":["post-33417","post","type-post","status-publish","format-standard","has-post-thumbnail","hentry","category-contabilidad","category-laboral","category-noticias-acl"],"_links":{"self":[{"href":"https:\/\/aclco.co\/en\/wp-json\/wp\/v2\/posts\/33417","targetHints":{"allow":["GET"]}}],"collection":[{"href":"https:\/\/aclco.co\/en\/wp-json\/wp\/v2\/posts"}],"about":[{"href":"https:\/\/aclco.co\/en\/wp-json\/wp\/v2\/types\/post"}],"author":[{"embeddable":true,"href":"https:\/\/aclco.co\/en\/wp-json\/wp\/v2\/users\/4"}],"replies":[{"embeddable":true,"href":"https:\/\/aclco.co\/en\/wp-json\/wp\/v2\/comments?post=33417"}],"version-history":[{"count":4,"href":"https:\/\/aclco.co\/en\/wp-json\/wp\/v2\/posts\/33417\/revisions"}],"predecessor-version":[{"id":33423,"href":"https:\/\/aclco.co\/en\/wp-json\/wp\/v2\/posts\/33417\/revisions\/33423"}],"wp:featuredmedia":[{"embeddable":true,"href":"https:\/\/aclco.co\/en\/wp-json\/wp\/v2\/media\/33418"}],"wp:attachment":[{"href":"https:\/\/aclco.co\/en\/wp-json\/wp\/v2\/media?parent=33417"}],"wp:term":[{"taxonomy":"category","embeddable":true,"href":"https:\/\/aclco.co\/en\/wp-json\/wp\/v2\/categories?post=33417"},{"taxonomy":"post_tag","embeddable":true,"href":"https:\/\/aclco.co\/en\/wp-json\/wp\/v2\/tags?post=33417"}],"curies":[{"name":"wp","href":"https:\/\/api.w.org\/{rel}","templated":true}]}}