{"id":33439,"date":"2024-12-27T12:19:46","date_gmt":"2024-12-27T17:19:46","guid":{"rendered":"https:\/\/darkgoldenrod-ibex-179495.hostingersite.com\/?p=33439"},"modified":"2024-12-27T12:20:19","modified_gmt":"2024-12-27T17:20:19","slug":"salario-minimo-sindicatos-dicen-que-empresarios-no-tienen","status":"publish","type":"post","link":"https:\/\/aclco.co\/en\/salario-minimo-sindicatos-dicen-que-empresarios-no-tienen\/","title":{"rendered":"Salario m\u00ednimo: sindicatos dicen que empresarios no tienen disposici\u00f3n de concertar"},"content":{"rendered":"<div data-elementor-type=\"wp-post\" data-elementor-id=\"33439\" class=\"elementor elementor-33439\" data-elementor-post-type=\"post\">\n\t\t\t\t<div class=\"elementor-element elementor-element-4fb1ef3 e-flex e-con-boxed e-con e-parent\" data-id=\"4fb1ef3\" data-element_type=\"container\" data-e-type=\"container\">\n\t\t\t\t\t<div class=\"e-con-inner\">\n\t\t\t\t<div class=\"elementor-element elementor-element-e2d721e elementor-widget elementor-widget-text-editor\" data-id=\"e2d721e\" data-element_type=\"widget\" data-e-type=\"widget\" data-widget_type=\"text-editor.default\">\n\t\t\t\t\t\t\t\t\t<div class=\"article-top container_col\"><div id=\"p619554-m392-4-393\" class=\"highlighted\"><div class=\"article-top container_col\"><div class=\"article-top container_col\"><h5 id=\"p619960-m789-1-790\" class=\"epigraph regular_lead1\"><strong>Las centrales obreras ratificaron su propuesta de un incremento del 12% y aseguran que se sienten pesimistas de alcanzar un acuerdo.<\/strong><\/h5><p>La ministra de Trabajo, Gloria In\u00e9s Ram\u00edrez, anunci\u00f3 este mi\u00e9rcoles 18 de diciembre que seguir\u00e1 buscando una concertaci\u00f3n en la mesa de negociaci\u00f3n del <a href=\"https:\/\/darkgoldenrod-ibex-179495.hostingersite.com\/salario-minimo-2025-que-trabajadores-no-lo-recibiran\/\" target=\"_blank\" rel=\"noopener\">salario m\u00ednimo<\/a> para 2025 y dijo que tanto los\u00a0 empresarios como los trabajadores han mostrado voluntad para continuar con el di\u00e1logo.<\/p><p id=\"p619960-m813-3-814\" class=\"parrafo\">\u201cTodav\u00eda nos queda una posibilidad de seguir avanzando, hay movimientos tanto del sector de los trabajadores, como del grupo empresarial, pero hay inter\u00e9s en seguir construyendo una cifra para lo que ser\u00e1 el aumento del salario m\u00ednimo para 2025\u201d, sostuvo la ministra Ram\u00edrez, al culminar un nuevo encuentro tripartito de la Comisi\u00f3n de Concertaci\u00f3n de Pol\u00edticas Salariales y Laborales.<\/p><p id=\"p619960-m819-4-820\" class=\"parrafo\">Sin embargo,\u00a0los sindicatos aseguran que se sienten pesimistas de llegar a un acuerdo debido a que los empresarios no han mostrado disposici\u00f3n por concertar.\u00a0<\/p><p id=\"p619960-m825-5-826\" class=\"parrafo\">\u00abNi siquiera han querido aceptar las cifras que present\u00f3 el Departamento Administrativo Nacional de Estad\u00edstica (Dane) sobre productividad\u00bb, asegur\u00f3 el presidente de la CUT, Fabio Arias, este mi\u00e9rcoles.<\/p><p id=\"p619960-m837-7-838\" class=\"parrafo\">El l\u00edder sindical agreg\u00f3 que, por su parte,\u00a0las centrales obreras ratificaron su propuesta de un incremento del 12% y que se estableci\u00f3 continuar con los ejercicios en busca de lograr un acuerdo antes de que el ajuste sea decidido por decreto.\u00a0<\/p><p id=\"p619960-m843-8-844\" class=\"parrafo\">A m\u00e1s tardar el 30 de diciembre se deben expedir los decretos del incremento de salario m\u00ednimo, concertado o no y el de auxilio de transporte.\u00a0<\/p><p id=\"p619960-m849-9-850\" class=\"parrafo\">Al t\u00e9rmino de las reuniones la ministra Ram\u00edrez dijo tambi\u00e9n que los integrantes de la Comisi\u00f3n le solicitaron realizar unas\u00a0sesiones extraordinarias que incluyen hablar con el Ministro de Hacienda,\u00a0entre otros, para seguir trabajando, con el fin de estructurar una cifra y que tendr\u00eda como l\u00edmite para conocerse el 30 de diciembre.<\/p><p>Finalmente, la Ministra hizo claridad en que Acopi ha colocado la cifra del 5,2 % m\u00e1s la PTF que es de 1,73 % y\u00a0\u201csobre esa base estamos hablando de 6,83 %, la cual estamos trabajando para ver si podemos acercarla con los dem\u00e1s integrantes de la mesa, y lo mismo los trabajadores han hecho un planteamiento importante donde han justificado su 12 %. Reiter\u00f3 que la cifra de los empresarios contin\u00faa siendo confidencial\u201d.<\/p><\/div><\/div><\/div><\/div><p><b>Fuente: <a href=\"https:\/\/www.portafolio.co\/\" target=\"_blank\" rel=\"noopener\">Portafolio<\/a><\/b><\/p>\t\t\t\t\t\t\t\t<\/div>\n\t\t\t\t\t<\/div>\n\t\t\t\t<\/div>\n\t\t\t\t<\/div>","protected":false},"excerpt":{"rendered":"<p>Las centrales obreras ratificaron su propuesta de un incremento del 12% y aseguran que se sienten pesimistas de alcanzar un acuerdo. La ministra de Trabajo, Gloria In\u00e9s Ram\u00edrez, anunci\u00f3 este mi\u00e9rcoles 18 de diciembre que seguir\u00e1 buscando una concertaci\u00f3n en la mesa de negociaci\u00f3n del salario m\u00ednimo para 2025 y dijo que tanto los\u00a0 empresarios [&hellip;]<\/p>","protected":false},"author":4,"featured_media":33440,"comment_status":"open","ping_status":"open","sticky":false,"template":"","format":"standard","meta":{"_joinchat":[],"footnotes":""},"categories":[36,35,34,27],"tags":[],"class_list":["post-33439","post","type-post","status-publish","format-standard","has-post-thumbnail","hentry","category-contabilidad","category-economia-finanzas","category-laboral","category-noticias-acl"],"_links":{"self":[{"href":"https:\/\/aclco.co\/en\/wp-json\/wp\/v2\/posts\/33439","targetHints":{"allow":["GET"]}}],"collection":[{"href":"https:\/\/aclco.co\/en\/wp-json\/wp\/v2\/posts"}],"about":[{"href":"https:\/\/aclco.co\/en\/wp-json\/wp\/v2\/types\/post"}],"author":[{"embeddable":true,"href":"https:\/\/aclco.co\/en\/wp-json\/wp\/v2\/users\/4"}],"replies":[{"embeddable":true,"href":"https:\/\/aclco.co\/en\/wp-json\/wp\/v2\/comments?post=33439"}],"version-history":[{"count":5,"href":"https:\/\/aclco.co\/en\/wp-json\/wp\/v2\/posts\/33439\/revisions"}],"predecessor-version":[{"id":33445,"href":"https:\/\/aclco.co\/en\/wp-json\/wp\/v2\/posts\/33439\/revisions\/33445"}],"wp:featuredmedia":[{"embeddable":true,"href":"https:\/\/aclco.co\/en\/wp-json\/wp\/v2\/media\/33440"}],"wp:attachment":[{"href":"https:\/\/aclco.co\/en\/wp-json\/wp\/v2\/media?parent=33439"}],"wp:term":[{"taxonomy":"category","embeddable":true,"href":"https:\/\/aclco.co\/en\/wp-json\/wp\/v2\/categories?post=33439"},{"taxonomy":"post_tag","embeddable":true,"href":"https:\/\/aclco.co\/en\/wp-json\/wp\/v2\/tags?post=33439"}],"curies":[{"name":"wp","href":"https:\/\/api.w.org\/{rel}","templated":true}]}}