{"id":33446,"date":"2024-12-27T14:35:03","date_gmt":"2024-12-27T19:35:03","guid":{"rendered":"https:\/\/darkgoldenrod-ibex-179495.hostingersite.com\/?p=33446"},"modified":"2024-12-27T15:18:08","modified_gmt":"2024-12-27T20:18:08","slug":"por-que-colombia-no-se-ha-apagado-en-tres-decadas","status":"publish","type":"post","link":"https:\/\/aclco.co\/en\/por-que-colombia-no-se-ha-apagado-en-tres-decadas\/","title":{"rendered":"\u00bfPor qu\u00e9 Colombia no se ha apagado en tres d\u00e9cadas?"},"content":{"rendered":"<div data-elementor-type=\"wp-post\" data-elementor-id=\"33446\" class=\"elementor elementor-33446\" data-elementor-post-type=\"post\">\n\t\t\t\t<div class=\"elementor-element elementor-element-4fb1ef3 e-flex e-con-boxed e-con e-parent\" data-id=\"4fb1ef3\" data-element_type=\"container\" data-e-type=\"container\">\n\t\t\t\t\t<div class=\"e-con-inner\">\n\t\t\t\t<div class=\"elementor-element elementor-element-e2d721e elementor-widget elementor-widget-text-editor\" data-id=\"e2d721e\" data-element_type=\"widget\" data-e-type=\"widget\" data-widget_type=\"text-editor.default\">\n\t\t\t\t\t\t\t\t\t<div class=\"article-top container_col\">\n<div id=\"p619554-m392-4-393\" class=\"highlighted\">\n<div class=\"article-top container_col\">\n<div class=\"article-top container_col\">\n<h5><strong>El hist\u00f3rico de apagones en A. Latina muestra que <a href=\"https:\/\/darkgoldenrod-ibex-179495.hostingersite.com\/salario-minimo-2025-que-trabajadores-no-lo-recibiran\/\" target=\"_blank\" rel=\"noopener\">Colombia<\/a> aprendi\u00f3 la lecci\u00f3n de 1992, que tiene ventaja en fuentes de generaci\u00f3n de energ\u00eda y que no debe confiarse porque su balance entre oferta y demanda de energ\u00eda est\u00e1 ajustado.<\/strong><\/h5>\n<p class=\"font--secondary\">Sin ir muy lejos, en los \u00faltimos dos a\u00f1os pa\u00edses como Venezuela, Argentina, Ecuador, Brasil y M\u00e9xico se han quedado sin energ\u00eda. Las razones son varias: las sequ\u00edas, a ra\u00edz de la crisis clim\u00e1tica; la falta de inversi\u00f3n y mantenimiento de redes y plantas de generaci\u00f3n, y la migraci\u00f3n a matrices m\u00e1s limpias de manera acelerada, as\u00ed como una demanda que va en aumento.<\/p>\n<p class=\"font--secondary\">Expertos en la materia, incluso, han hablado de una \u201ccrisis energ\u00e9tica\u201d que golpea a la regi\u00f3n, lo que ha hecho que Colombia tambi\u00e9n revise con cuidado su propia situaci\u00f3n, pese a que el pa\u00eds no se apaga hace m\u00e1s de tres d\u00e9cadas. El \u00faltimo apag\u00f3n que tuvo Colombia se dio entre 1992 y 1993. Estuvo relacionado con factores similares a los que se han visto en la regi\u00f3n: problemas financieros de las empresas el\u00e9ctricas, retrasos en la construcci\u00f3n de nuevos proyectos hidroel\u00e9ctricos, sobreestimaci\u00f3n de la capacidad e infraestructura del sector y, s\u00ed, una contingencia clim\u00e1tica extrema.<\/p>\n<p>El fen\u00f3meno de El Ni\u00f1o afect\u00f3 los embalses de manera intensa en aquel momento y el pa\u00eds no pod\u00eda contar con el parque t\u00e9rmico para atender la demanda de energ\u00eda. Por eso tuvo que vivir racionamiento de energ\u00eda en horario nocturno (inicialmente entre las 5 p.m. y las 9 p.m.), crear un plan de mejoramiento del parque t\u00e9rmico e incluso cambios en la hora oficial. Quienes lo vivieron habr\u00e1n de recordarlo por la expresi\u00f3n coloquial La \u201cHora Gaviria\u201d, que fue como se conoci\u00f3 informalmente a la decisi\u00f3n del Gobierno de C\u00e9sar Gaviria (1990-1994) de adelantar una hora los relojes en el pa\u00eds.<\/p>\n<p class=\"font--secondary\">Juan Manuel Santos, en ese entonces ministro de Comercio Exterior, le propuso el cambio de hora al presidente C\u00e9sar Gaviria y al Congreso, y al final el superintendente de Industria y Comercio, Jorge Orlando Montealegre, emiti\u00f3 la respectiva resoluci\u00f3n. Fue as\u00ed como, el 2 de mayo de 1992, Santos se encarg\u00f3 de ajustar los dos relojes oficiales que se encontraban en la sede del Instituto Colombiano de Normas T\u00e9cnicas (Icontec), y el pa\u00eds salt\u00f3, en un parpadeo, de las 12 p.m. a la 1 a.m.<\/p>\n<p class=\"font--secondary\">La medida pretend\u00eda que las operaciones comerciales iniciaran m\u00e1s temprano y se redujera el consumo de energ\u00eda al aprovechar una hora m\u00e1s de la luz del d\u00eda. Para esa misma \u00e9poca tambi\u00e9n se presentaron racionamientos en Venezuela y Ecuador, pa\u00edses que revivieron la cr\u00edtica situaci\u00f3n hace apenas un a\u00f1o y que en las \u00faltimas tres d\u00e9cadas suman 12 y nueve apagones, respectivamente.<\/p>\n<p class=\"font--secondary\">Pero, \u00bfpor qu\u00e9 Colombia no ha tenido que vivir de nuevo una experiencia semejante? Milton Montoya, director del Departamento de Derecho Minero- Energ\u00e9tico de la Universidad Externado, explica que el pa\u00eds ha logrado que su parque de generaci\u00f3n vaya creciendo conforme aumenta la demanda y que lo ha hecho a partir de se\u00f1ales regulatorias y de pol\u00edtica p\u00fablica. \u201cDesde la Constituci\u00f3n de 1991, y las leyes 142 y 143 de 1994, se defini\u00f3 un modelo en el cual hay una separaci\u00f3n de actividades como la generaci\u00f3n, la distribuci\u00f3n, la transmisi\u00f3n y la comercializaci\u00f3n (\u2026). Colombia ha sido capaz de diversificar su matriz energ\u00e9tica, de forma en que es una matriz de generaci\u00f3n muy limpia, aunque no lo suficiente a\u00fan\u201d, comenta Montoya.<\/p>\n<p class=\"font--secondary\">\u00bfEstamos del otro lado? Si bien el sistema depende en buena parte del nivel de los embalses, cuando estos bajan hay alternativas de d\u00f3nde apoyarse. Montoya explica que, por ejemplo, se produce electricidad con un 69 % con fundamento en recurso h\u00eddrico y casi 30 % con generaci\u00f3n t\u00e9rmica basada en gas natural y carbono. \u201cTodav\u00eda la participaci\u00f3n de las energ\u00edas alternativas o no convencionales, como la fotovoltaica o la e\u00f3lica, es marginal, aunque la primera ha tenido un crecimiento muy importante este a\u00f1o y se espera que lo siga haciendo los pr\u00f3ximos a\u00f1os\u201d, a\u00f1ade.<\/p>\n<p class=\"font--secondary\">Este incremento est\u00e1 respaldado por el desarrollo de proyectos renovables enfocados en la tecnolog\u00eda solar. Pero &#8211; aun con esos ajustes- Colombia no est\u00e1 del todo exenta del riesgo de racionamientos o apagones como los de reciente aparici\u00f3n en otros pa\u00edses latinos.<\/p>\n<p class=\"font--secondary\">\u201cNuestro balance energ\u00e9tico est\u00e1 demasiado ajustado, la oferta de generaci\u00f3n est\u00e1 muy justa con la demanda que estamos teniendo y con la que va a haber en los siguientes dos o tres a\u00f1os. En los \u00faltimos dos no hemos sido capaces de que entren en Colombia proyectos de generaci\u00f3n importantes que puedan aumentar nuestra capacidad efectiva de generaci\u00f3n, y no hemos desarrollado proyectos que le brinden al pa\u00eds confiabilidad que nos puede dar, por ejemplo, la energ\u00eda t\u00e9rmica. Adicionalmente, no hemos expandido nuestra capacidad en hidroel\u00e9ctricas de mediano o gran tama\u00f1o desde Hidroituango\u201d, explica Montoya.<\/p>\n<p class=\"font--secondary\">Seg\u00fan cifras de XM, el pa\u00eds cuenta con una capacidad efectiva neta de 21,337 megavatios (MW), de los cuales 13,207 vienen de la energ\u00eda hidr\u00e1ulica y el resto corresponde a energ\u00eda t\u00e9rmica, solar y cogenerador.<\/p>\n<p class=\"font--secondary\">Amylkar Acosta, exministro de Minas y Energ\u00eda, va por una l\u00ednea similar, al se\u00f1alar que la posibilidad de enfrentarnos a nuevos racionamientos responder\u00eda, m\u00e1s all\u00e1 de las consecuencias del fen\u00f3meno de El Ni\u00f1o, \u201cque el pa\u00eds ha podido soportar\u201d, a la crisis financiera de las empresas comercializadoras de la energ\u00eda por la deuda que tiene con ellas la naci\u00f3n (por los subsidios de energ\u00eda y opci\u00f3n tarifaria), la escasez de gas natural y, reitera, la estrechez de la oferta (240 GW h\/ d\u00eda ) y la demanda (226 GW h\/d\u00eda ).<\/p>\n<p class=\"font--secondary\">Por eso destaca que, pese a que el sector energ\u00e9tico colombiano puede verse a la fecha como un caso de \u00e9xito, si se tiene en cuenta que pa\u00edses como Brasil, M\u00e9xico y Chile han sufrido siete, seis y tres apagones, respectivamente, \u201cel atraso en la marcha de los proyectos, tanto de generaci\u00f3n como transmisi\u00f3n, tienen al sistema en el m\u00e1s alto grado de estr\u00e9s\u201d.<\/p>\n<p class=\"font--secondary\">Al respecto, la Asociaci\u00f3n Colombiana de Generadores de Energ\u00eda El\u00e9ctrica (Acolg\u00e9n) considera que, para afrontar este panorama, es necesario un plan de acci\u00f3n en el que se desarrolle una nueva subasta de expansi\u00f3n, pues las subastas de reconfiguraci\u00f3n buscan cubrir el d\u00e9ficit hasta 2027, pero se necesitar\u00e1n m\u00e1s a partir de 2028. Asimismo, que se den se\u00f1ales de pol\u00edtica p\u00fablica estables para atraer mayor inversi\u00f3n y reducir la incertidumbre que, explican, se ha generado por intentos intervencionistas del sector.<\/p>\n<p class=\"font--secondary\">\u201cEs clave que se tomen medidas para que puedan entrar en operaci\u00f3n los proyectos que se encuentran atrasados por problemas ajenos a las empresas. Para esto es importante contar con acompa\u00f1amiento constante del Gobierno Nacional, considerando las dificultades que se presentan en t\u00e9rminos de conflictividad social, consultas previas y licenciamiento ambiental\u201d, a\u00f1ade Natalia Guti\u00e9rrez, presidenta de Acolg\u00e9n.<\/p>\n<p class=\"font--secondary\">Atravesar una crisis energ\u00e9tica como la que conocieron los colombianos en 1992 y 1993 no solo pondr\u00eda en apuros el parque energ\u00e9tico de Colombia que, hasta el momento, se ha mostrado por encima de otros en la regi\u00f3n y que, incluso, se ubic\u00f3 d\u00e9cimo entre 126 pa\u00edses destacados por el desempe\u00f1o de su arquitectura energ\u00e9tica en un reporte del Foro Econ\u00f3mico Mundial.<\/p>\n<p class=\"font--secondary\">Tambi\u00e9n representar\u00eda un impacto estimado de m\u00e1s de $200.000 millones la hora, si se da entre las 6 p.m. y las 12 m., $1,1 billones diarios o $35 billones al mes, seg\u00fan un estudio realizado por Investigaciones Econ\u00f3micas del Banco de Bogot\u00e1.<\/p>\n<h5 class=\"font--primary\"><strong>Creg ha ejecutado un 77,5 % del presupuesto<\/strong><\/h5>\n<p class=\"font--secondary\">La Comisi\u00f3n de Regulaci\u00f3n de Energ\u00eda y Gas (CREG) hizo su rendici\u00f3n de cuentas para 2024. Durante el a\u00f1o cont\u00f3 con un presupuesto aproximado de $47.700 millones. De ese total, $32.900 millones fueron destinados a gastos de funcionamiento y $14.700 millones a inversi\u00f3n. Con corte a noviembre ejecut\u00f3 un 77,5 % del presupuesto; el monto de inversi\u00f3n se habr\u00eda destinado a la modernizaci\u00f3n del marco regulatorio, el fortalecimiento de la gobernanza de las tecnolog\u00edas y el desempe\u00f1o institucional.<\/p>\n<h5 class=\"font--primary\"><b>Tarifa de energ\u00eda lleg\u00f3 a hist\u00f3ricos en 2024<\/b><\/h5>\n<p class=\"font--secondary\">La Asociaci\u00f3n Colombiana de Grandes Consumidores de Energ\u00edas Industriales y Comerciales (Asoenerg\u00eda) alert\u00f3 que el pa\u00eds termina 2024 con las tarifas de energ\u00eda m\u00e1s altas de los \u00faltimos 30 a\u00f1os, por lo que pidi\u00f3 una pol\u00edtica clara para la gesti\u00f3n del marco legal y regulatorio, que garantice tarifas eficientes para el sector y los usuarios.<\/p>\n<p class=\"font--secondary\">\u201cLa subida de los precios de la energ\u00eda no es sostenible para los usuarios, impactando gravemente los precios de los contratos tanto para la demanda regulada como para la demanda no regulada, y finalmente las tarifas y los productos finales de consumo (\u2026). No es aceptable seguir escuchando anuncios de los proveedores anunciando mayores tarifas energ\u00e9ticas, y al Gobierno haciendo esfuerzos no reflejados en los resultados materiales\u201d, coment\u00f3 Sandra Fonseca, directora ejecutiva de Asoenerg\u00eda.<\/p>\n<p class=\"font--secondary\">Entre las medidas que ha anunciado el Gobierno est\u00e1 la fijaci\u00f3n de un tope tarifario a los precios de la electricidad que se negocian en la bolsa del mercado de energ\u00eda colombiano.<\/p>\n<\/div>\n<\/div>\n<\/div>\n<\/div>\n<p><b>Fuente: <a href=\"https:\/\/www.elespectador.com\/\" target=\"_blank\" rel=\"noopener\">El Espectador<\/a><\/b><\/p>\t\t\t\t\t\t\t\t<\/div>\n\t\t\t\t\t<\/div>\n\t\t\t\t<\/div>\n\t\t\t\t<\/div>","protected":false},"excerpt":{"rendered":"<p>El hist\u00f3rico de apagones en A. Latina muestra que Colombia aprendi\u00f3 la lecci\u00f3n de 1992, que tiene ventaja en fuentes de generaci\u00f3n de energ\u00eda y que no debe confiarse porque su balance entre oferta y demanda de energ\u00eda est\u00e1 ajustado. Sin ir muy lejos, en los \u00faltimos dos a\u00f1os pa\u00edses como Venezuela, Argentina, Ecuador, Brasil [&hellip;]<\/p>","protected":false},"author":4,"featured_media":33449,"comment_status":"open","ping_status":"open","sticky":false,"template":"","format":"standard","meta":{"_joinchat":[],"footnotes":""},"categories":[36,35,27],"tags":[],"class_list":["post-33446","post","type-post","status-publish","format-standard","has-post-thumbnail","hentry","category-contabilidad","category-economia-finanzas","category-noticias-acl"],"_links":{"self":[{"href":"https:\/\/aclco.co\/en\/wp-json\/wp\/v2\/posts\/33446","targetHints":{"allow":["GET"]}}],"collection":[{"href":"https:\/\/aclco.co\/en\/wp-json\/wp\/v2\/posts"}],"about":[{"href":"https:\/\/aclco.co\/en\/wp-json\/wp\/v2\/types\/post"}],"author":[{"embeddable":true,"href":"https:\/\/aclco.co\/en\/wp-json\/wp\/v2\/users\/4"}],"replies":[{"embeddable":true,"href":"https:\/\/aclco.co\/en\/wp-json\/wp\/v2\/comments?post=33446"}],"version-history":[{"count":4,"href":"https:\/\/aclco.co\/en\/wp-json\/wp\/v2\/posts\/33446\/revisions"}],"predecessor-version":[{"id":33454,"href":"https:\/\/aclco.co\/en\/wp-json\/wp\/v2\/posts\/33446\/revisions\/33454"}],"wp:featuredmedia":[{"embeddable":true,"href":"https:\/\/aclco.co\/en\/wp-json\/wp\/v2\/media\/33449"}],"wp:attachment":[{"href":"https:\/\/aclco.co\/en\/wp-json\/wp\/v2\/media?parent=33446"}],"wp:term":[{"taxonomy":"category","embeddable":true,"href":"https:\/\/aclco.co\/en\/wp-json\/wp\/v2\/categories?post=33446"},{"taxonomy":"post_tag","embeddable":true,"href":"https:\/\/aclco.co\/en\/wp-json\/wp\/v2\/tags?post=33446"}],"curies":[{"name":"wp","href":"https:\/\/api.w.org\/{rel}","templated":true}]}}