{"id":33492,"date":"2025-01-03T08:34:19","date_gmt":"2025-01-03T13:34:19","guid":{"rendered":"https:\/\/darkgoldenrod-ibex-179495.hostingersite.com\/?p=33492"},"modified":"2025-01-03T08:39:42","modified_gmt":"2025-01-03T13:39:42","slug":"el-listado-de-alzas-con-las-que-inicia-el-2025-y-las-que","status":"publish","type":"post","link":"https:\/\/aclco.co\/en\/el-listado-de-alzas-con-las-que-inicia-el-2025-y-las-que\/","title":{"rendered":"El listado de alzas con las que inicia el 2025 y las que est\u00e1n por venir"},"content":{"rendered":"<div data-elementor-type=\"wp-post\" data-elementor-id=\"33492\" class=\"elementor elementor-33492\" data-elementor-post-type=\"post\">\n\t\t\t\t<div class=\"elementor-element elementor-element-4fb1ef3 e-flex e-con-boxed e-con e-parent\" data-id=\"4fb1ef3\" data-element_type=\"container\" data-e-type=\"container\">\n\t\t\t\t\t<div class=\"e-con-inner\">\n\t\t\t\t<div class=\"elementor-element elementor-element-e2d721e elementor-widget elementor-widget-text-editor\" data-id=\"e2d721e\" data-element_type=\"widget\" data-e-type=\"widget\" data-widget_type=\"text-editor.default\">\n\t\t\t\t\t\t\t\t\t<div class=\"article-top container_col\"><div id=\"p619554-m392-4-393\" class=\"highlighted\"><div class=\"article-top container_col\"><div class=\"article-top container_col\"><div class=\"article-top container_col\"><div class=\"article-top container_col\"><div class=\"article-top container_col\"><h5 id=\"p620816-m514-1-515\" class=\"epigraph regular_lead1\"><strong>Enero llega con algunos ajustes en los precios de los combustibles, los servicios de salud, entre otros.<\/strong><\/h5><p>Con la llegada de un nuevo a\u00f1o, tambi\u00e9n llegan los ajustes de precios. Como es costumbre, enero es el mes en el que se empiezan a hacerse presentes esos incrementos, que en su mayor\u00eda est\u00e1n ligados con el salario m\u00ednimo, la inflaci\u00f3n y la Unidad de Valor Tributario (UVT).<\/p><p id=\"p620816-m526-2-527\" class=\"parrafo\">Este 2025 no es la excepci\u00f3n a la regla e inici\u00f3 con la entrada en vigencia de algunos aumentos. Para que pueda planificar mejor sus finanzas, a continuaci\u00f3n le presentamos un compilado con las alzas que ya comenzaron a regir y las que se avecinan.\u00a0<\/p><div id=\"p620816-m532-3-533\" class=\"highlighted\"><h5 id=\"m537-536-538\" class=\"tiemposBold3\"><strong>Primeros aumentos<\/strong><\/h5><\/div><p id=\"p620816-m544-4-545\" class=\"parrafo\">En cumplimiento con lo acordado entre el <a href=\"https:\/\/darkgoldenrod-ibex-179495.hostingersite.com\/reforma-tributaria-gobierno-quema-sus-ultimos-cartuchos\/\" target=\"_blank\" rel=\"noopener\">Gobierno Nacional<\/a> y las bases del transporte de carga y pasajeros de Colombia, el primero de enero de 2025 se puso en marcha el ajuste al precio del di\u00e9sel (ACPM) en Colombia.\u00a0En total, se aplic\u00f3 un incremento de $169, lo que ubica el valor del gal\u00f3n en\u00a0$10.725.\u00a0<\/p><p id=\"p620816-m551-5-552\" class=\"parrafo\">El alza tuvo en consideraci\u00f3n\u00a0que en el primer mes del a\u00f1o se presentan indexaciones de algunos componentes de la estructura de precios, incluyendo la sobretasa al ACPM, las tarifas de transporte de poliductos y de biocombustibles.\u00a0\u00a0<\/p><p id=\"p620816-m557-6-558\" class=\"parrafo\">Sin embargo, este no fue el \u00fanico combustible que present\u00f3 cambios en su valor. El Gobierno Nacional tambi\u00e9n inform\u00f3 que el precio de la gasolina en el territorio nacional tendr\u00eda un incremento de $91, es decir,\u00a0el costo promedio de este combustible\u00a0ser\u00e1 de $16.085.\u00a0<\/p><p id=\"p620816-m563-7-564\" class=\"parrafo\">Otro de los ajustes relacionados con el sector de movilidad y transporte se relaciona con las tarifas de los peajes.\u00a0<\/p><p id=\"p620816-m569-8-570\" class=\"parrafo\">Como parte de su plan para normalizar los precios de estas estaciones, el Ministerio de Transporte inform\u00f3 que en el 2025 se realizar\u00e1n tres incrementos.\u00a0La primera de estas alzas se materializ\u00f3 al iniciar el a\u00f1o y es igual a un 2,7%, cifra que corresponde al\u00a060% del valor pendiente por aplicar de la inflaci\u00f3n del 2023.\u00a0<\/p><p id=\"p620816-m576-9-577\" class=\"parrafo\">Por otro lado, la Superintendencia Financiera de Colombia defini\u00f3 las nuevas tarifas m\u00e1ximas del Seguro Obligatorio de Accidentes de Tr\u00e1nsito (Soat) para el 2025. La entidad inform\u00f3 que algunos de los precios m\u00e1ximos presentaron una reducci\u00f3n en el 8,68%, adem\u00e1s de que se mantiene el descuento del 50% en las categor\u00edas de rango diferencial.<\/p><div id=\"p620816-m620-13-621\" class=\"highlighted\"><h5 id=\"m625-624-626\" class=\"tiemposBold3\"><strong>Otras alzas<\/strong><\/h5><\/div><p id=\"p620816-m632-14-633\" class=\"parrafo\">A partir del 18 de enero de 2025, la tarifa de TransMilenio pasar\u00e1 de los $2.950 a los\u00a0$3.200. Este valor aplicar\u00e1 tanto en los buses troncales y zonales, como para hacer uso del TransMiCable.\u00a0<\/p><p id=\"p620816-m638-15-639\" class=\"parrafo\">Seg\u00fan se\u00f1al\u00f3 la Alcald\u00eda de Bogot\u00e1, este incremento busca garantizar la sostenibilidad del sistema,\u00a0atender los costos operativos y mantener el equilibrio entre oferta y demanda,\u00a0siguiendo criterios establecidos en el Plan Distrital de Desarrollo de la capital.\u00a0<\/p><p id=\"p620816-m645-16-646\" class=\"parrafo\">En temas de salud, los cambios llegan para\u00a0las cuotas moderadoras que se pagan a las Entidades Prestadoras de Salud (EPS). Este a\u00f1o, las personas que ganan menos de dos salarios m\u00ednimos mensuales deber\u00e1n cancelar $4.700, los que reciben entre dos y cinco tendr\u00e1n que hacer un aporte de $19.200, y los que cobran m\u00e1s de cinco salarios m\u00ednimos pagar\u00e1n $50.300.\u00a0\u00a0<\/p><p id=\"p620816-m651-17-652\" class=\"parrafo\">Otros de los rubros que se ven impactados por la inflaci\u00f3n y otros factores incluyen las cuotas de administraci\u00f3n, servicios p\u00fablicos, los precios de matr\u00edculas, los alimentos y los costos en hoteles y restaurantes.<\/p><h5 id=\"p620816-m683-19-684\" class=\"parrafo\"><strong>El arriendo tambi\u00e9n es uno de los servicios que presentar\u00e1 ajustes.\u00a0<\/strong><\/h5><p id=\"p620816-m690-20-691\" class=\"parrafo\">De acuerdo con la normativa, el alza que se le llegue a aplicar al precio mensual del arriendo no puede ser superior al 100 % de la cifra del \u00cdndice de Precios al Consumidor (IPC) del a\u00f1o anterior a aquel en el que se efectuar\u00e1 el reajuste.<\/p><p class=\"parrafo\">Es decir, en el caso del 2025, el arrendador tendr\u00e1 que aumentar el valor del alquiler de su predio, tomando como referencia el dato de inflaci\u00f3n del a\u00f1o anterior y no podr\u00e1 subir m\u00e1s de ese porcentaje. El dato del IPC correspondiente al 2024 se dar\u00e1 a conocer el pr\u00f3ximo 9 de enero.<\/p><\/div><\/div><\/div><\/div><\/div><\/div><\/div><p><b>Fuente: <a href=\"https:\/\/www.portafolio.co\/\" target=\"_blank\" rel=\"noopener\">Portafolio<\/a><\/b><\/p>\t\t\t\t\t\t\t\t<\/div>\n\t\t\t\t\t<\/div>\n\t\t\t\t<\/div>\n\t\t\t\t<\/div>","protected":false},"excerpt":{"rendered":"<p>Enero llega con algunos ajustes en los precios de los combustibles, los servicios de salud, entre otros. Con la llegada de un nuevo a\u00f1o, tambi\u00e9n llegan los ajustes de precios. Como es costumbre, enero es el mes en el que se empiezan a hacerse presentes esos incrementos, que en su mayor\u00eda est\u00e1n ligados con el [&hellip;]<\/p>","protected":false},"author":4,"featured_media":33493,"comment_status":"open","ping_status":"open","sticky":false,"template":"","format":"standard","meta":{"_joinchat":[],"footnotes":""},"categories":[36,35,27],"tags":[],"class_list":["post-33492","post","type-post","status-publish","format-standard","has-post-thumbnail","hentry","category-contabilidad","category-economia-finanzas","category-noticias-acl"],"_links":{"self":[{"href":"https:\/\/aclco.co\/en\/wp-json\/wp\/v2\/posts\/33492","targetHints":{"allow":["GET"]}}],"collection":[{"href":"https:\/\/aclco.co\/en\/wp-json\/wp\/v2\/posts"}],"about":[{"href":"https:\/\/aclco.co\/en\/wp-json\/wp\/v2\/types\/post"}],"author":[{"embeddable":true,"href":"https:\/\/aclco.co\/en\/wp-json\/wp\/v2\/users\/4"}],"replies":[{"embeddable":true,"href":"https:\/\/aclco.co\/en\/wp-json\/wp\/v2\/comments?post=33492"}],"version-history":[{"count":4,"href":"https:\/\/aclco.co\/en\/wp-json\/wp\/v2\/posts\/33492\/revisions"}],"predecessor-version":[{"id":33497,"href":"https:\/\/aclco.co\/en\/wp-json\/wp\/v2\/posts\/33492\/revisions\/33497"}],"wp:featuredmedia":[{"embeddable":true,"href":"https:\/\/aclco.co\/en\/wp-json\/wp\/v2\/media\/33493"}],"wp:attachment":[{"href":"https:\/\/aclco.co\/en\/wp-json\/wp\/v2\/media?parent=33492"}],"wp:term":[{"taxonomy":"category","embeddable":true,"href":"https:\/\/aclco.co\/en\/wp-json\/wp\/v2\/categories?post=33492"},{"taxonomy":"post_tag","embeddable":true,"href":"https:\/\/aclco.co\/en\/wp-json\/wp\/v2\/tags?post=33492"}],"curies":[{"name":"wp","href":"https:\/\/api.w.org\/{rel}","templated":true}]}}