{"id":33523,"date":"2025-01-09T06:00:00","date_gmt":"2025-01-09T11:00:00","guid":{"rendered":"https:\/\/darkgoldenrod-ibex-179495.hostingersite.com\/?p=33523"},"modified":"2025-01-08T14:44:04","modified_gmt":"2025-01-08T19:44:04","slug":"una-reforma-tributaria-se-quedaria-corta-para-tapar-el","status":"publish","type":"post","link":"https:\/\/aclco.co\/en\/una-reforma-tributaria-se-quedaria-corta-para-tapar-el\/","title":{"rendered":"Una reforma tributaria se quedar\u00eda corta para tapar el hueco presupuestal del 2025"},"content":{"rendered":"<div data-elementor-type=\"wp-post\" data-elementor-id=\"33523\" class=\"elementor elementor-33523\" data-elementor-post-type=\"post\">\n\t\t\t\t<div class=\"elementor-element elementor-element-4fb1ef3 e-flex e-con-boxed e-con e-parent\" data-id=\"4fb1ef3\" data-element_type=\"container\" data-e-type=\"container\">\n\t\t\t\t\t<div class=\"e-con-inner\">\n\t\t\t\t<div class=\"elementor-element elementor-element-e2d721e elementor-widget elementor-widget-text-editor\" data-id=\"e2d721e\" data-element_type=\"widget\" data-e-type=\"widget\" data-widget_type=\"text-editor.default\">\n\t\t\t\t\t\t\t\t\t<div class=\"article-top container_col\"><div id=\"p619554-m392-4-393\" class=\"highlighted\"><div class=\"article-top container_col\"><div class=\"article-top container_col\"><div class=\"article-top container_col\"><div class=\"article-top container_col\"><div class=\"article-top container_col\"><div class=\"article-top container_col\"><div class=\"article-top container_col\"><div class=\"article-top container_col\"><div class=\"article-top container_col\"><h5 id=\"p620964-m218-1-219\" class=\"epigraph regular_lead1\">El Gobierno revisa alternativas para recoger la plata que falta, mientras que expertos instan a combinar el ahorro en el gasto con posibles fuentes.<\/h5><p>Con la olla raspada y la necesidad de recaudar al menos los $12 billones que se le cayeron con el hundimiento de la <a href=\"https:\/\/darkgoldenrod-ibex-179495.hostingersite.com\/reforma-tributaria-gobierno-quema-sus-ultimos-cartuchos\/\" target=\"_blank\" rel=\"noopener\">reforma tributaria<\/a>, el gobierno del presidente Gustavo Petro arranc\u00f3 el a\u00f1o revisando los diferentes caminos que tiene para superar el apret\u00f3n fiscal\u00a0que vive el pa\u00eds desde hace meses, mientras la mayor\u00eda de los expertos piden gastar menos.<\/p><p>Prueba de esto son las recientes declaraciones del director del Departamento Nacional de Planeaci\u00f3n, Alexander L\u00f3pez, quien dej\u00f3 claro que no habr\u00e1 recorte del gasto y que el rubro faltante se aplazar\u00e1 y no se recortar\u00e1,\u00a0a la espera de que las cosas mejoren y que se la jugar\u00e1n por una nueva reforma tributaria.<\/p><p id=\"p620964-m254-5-255\" class=\"parrafo\">\u201cLos recursos son insuficientes y nosotros vamos a insistir en que el Congreso debe aprobar o una ley de financiamiento o una nueva reforma tributaria en donde los que tienen m\u00e1s, en donde los que han sido protegidos por el propio Congreso, pues paguen los impuestos que tienen que pagar para que definitivamente los sectores m\u00e1s vulnerables puedan recibir el apoyo del Estado y puedan recibir los recursos que se requieren\u201d, sentenci\u00f3.<\/p><p id=\"p620964-m260-6-261\" class=\"parrafo\">De esta forma y aunque las relaciones con el Senado y la C\u00e1mara\u00a0no son los mejores, tanto en Planeaci\u00f3n Nacional como en el Ministerio de Hacienda reiteraron que la alternativa m\u00e1s viable para ellos es hacer un nuevo ajuste al esquema tributario, el segundo desde que el presidente Petro lleg\u00f3 al poder hace poco m\u00e1s de dos a\u00f1os.<\/p><div id=\"p620964-m292-8-293\" class=\"highlighted\"><h5 id=\"m297-296-298\" class=\"tiemposBold3\"><strong>Efectos lentos<\/strong><\/h5><\/div><p id=\"p620964-m304-9-305\" class=\"parrafo\">Con el fin de conocer si esta medida es viable para los intereses del Gobierno, Portafolio habl\u00f3 con varios analistas y expertos tributarios, quienes se\u00f1alaron, en primer lugar, que a menos de que se toquen rubros como el IVA, el gravamen a movimientos financieros o el impuesto al consumo, no habr\u00e1 el efecto deseado y los recursos llegar\u00edan muy tarde.<\/p><p id=\"p620964-m310-10-311\" class=\"parrafo\">Este es el caso de Mauricio Pi\u00f1eros, socio director de G\u00f3mez-Pinz\u00f3n Abogados, quien explic\u00f3 que los efectos de los impuestos suelen ser anuales y que por tanto, cualquier cambio empezar\u00eda a regir el a\u00f1o\u00a0entrante y en algunos casos los dineros se tendr\u00edan hasta el 2027, generando un efecto indeseado.<\/p><p id=\"p620964-m316-11-317\" class=\"parrafo\">\u201cUna reforma tributaria s\u00ed es una medida que le permitir\u00eda al Gobierno recaudar fondos para financiar los gastos. Sin embargo para poder recaudar fondos este mismo a\u00f1o 2025 en el cual se aprobar\u00eda la reforma, deben incrementarse impuestos de per\u00edodos cortos como el IVA o de causaci\u00f3n instant\u00e1nea como el GMF, o los impuestos al consumo como los impuestos a pl\u00e1sticos de un solo uso o a alimentos ultra procesados\u201d, explic\u00f3.<\/p><p id=\"p620964-m328-13-329\" class=\"parrafo\">Este analista agreg\u00f3 que sin conocer el texto de una reforma es imposible\u00a0saber cu\u00e1les ser\u00edan los sectores m\u00e1s afectados, pero advierte que \u201csi el camino no es el ajuste de las normas tributarias podr\u00eda pensarse en privatizaci\u00f3n de activos del Estado, lo cual no ser\u00eda una pol\u00edtica acorde con este gobierno, o una reducci\u00f3n mayor del gasto\u201d.<\/p><p id=\"p620964-m334-14-335\" class=\"parrafo\">Si bien para el Ministerio de Hacienda y el Departamento de Planeaci\u00f3n Nacional, el faltante en las cuentas es de apenas $12 billones, ya que el Presupuesto General de la Naci\u00f3n fija ingresos por $511 billones y gastos por $523, no hay que pasar por alto que las proyecciones de otros centros ubican este hueco entre los $28 billones y los $52 billones para la vigencia que reci\u00e9n empieza.<\/p><p id=\"p620964-m366-16-367\" class=\"parrafo\">Debido a esto, Lisandro Junco, exdirector de la Dian, manifiesta que este camino \u201c no es acertado, no es t\u00e9cnico, ni es adecuado, porque el presupuesto no est\u00e1 desfinanciado por $12 billones, est\u00e1 desfinanciado por much\u00edsimo m\u00e1s. Entonces, el punto es que ese dinero que buscan es insuficiente si ellos\u00a0quisieran m\u00e1s recursos para poder financiar su presupuesto general de la Naci\u00f3n\u201d.<\/p><p id=\"p620964-m372-17-373\" class=\"parrafo\">\u201cAlternativas tienen y no han entendido que es trabajando y no pidiendo. Ac\u00e1 el Gobierno Nacional se ha puesto de limosnero del Congreso de la Rep\u00fablica para que les apruebe una reforma tributaria y se han lamentado cuando tienen $48 billones, con corte a septiembre, en cartera de la Dian y adicionalmente pueden vender activos de la SAE, la Sociedad de Activos Especiales, no regalarlos, hacer una correcta gesti\u00f3n para poder buscar nuevos ingresos\u201d, explic\u00f3.<br \/>\u200b<\/p><div id=\"p620964-m378-18-379\" class=\"highlighted\"><h5 id=\"m383-382-384\" class=\"tiemposBold3\"><strong>Sin de d\u00f3nde sacar<\/strong><\/h5><\/div><p id=\"p620964-m390-19-391\" class=\"parrafo\">M\u00e1s all\u00e1 de insistir en un camino que parece no tener salida,\u00a0los expertos que hablaron con Portafolio se\u00f1alaron que hay que mirar otras alternativas, que si bien no son muchas, pueden constituirse en una decisi\u00f3n que aumente la tranquilidad de los mercados y reitere el compromiso de Colombia con el cumplimiento de la regla fiscal.<\/p><p id=\"p620964-m396-20-397\" class=\"parrafo\">Para Horacio Ayala, tambi\u00e9n exdirector de la Dian, en este momento son pocos los sectores que pueden aportar m\u00e1s a renglones como el impuesto de renta, mientras que desde su concepto no se justifica tocar el IVA.<\/p><p id=\"p620964-m408-22-409\" class=\"parrafo\">\u201cYo echar\u00eda una mirada, por ejemplo, al caso de las zonas francas que no han sido tocadas lo suficiente con el objeto de hacer un an\u00e1lisis para establecer si efectivamente el sacrificio que est\u00e1 haciendo el Estado con los beneficios otorgados a estas entidades se justifican o por el contrario no tienen raz\u00f3n de ser, en la medida en que\u00a0no ha habido un incremento sustancial de las exportaciones como resultado de esta medida\u201d, indic\u00f3.<\/p><p id=\"p620964-m414-23-415\" class=\"parrafo\">Adicionalmente, se une a las voces que dicen que \u201cel Gobierno deber\u00eda tomar medidas por el otro lado, es decir, ahorrar, no malgastar el dinero como est\u00e1 haciendo, por ejemplo, con la creaci\u00f3n de oficinas de representaci\u00f3n colombianas en el exterior, que no se justifican porque muchas veces se abren en pa\u00edses que no tienen posibilidades de beneficios para Colombia en materia de importaciones, por ejemplo\u201d.<\/p><p id=\"p620964-m446-25-447\" class=\"parrafo\">Por \u00faltimo, Juan Camilo Riveira, socio de Holland &amp; Knight,\u00a0explic\u00f3 que antes de decir si la medida funcionar\u00eda o no, es necesario conocer con detalle los sectores o cambios que se buscar\u00eda hacer en un eventual proyecto, aunque deja claro que el mismo no deber\u00eda tener un enfoque confiscatorio.<\/p><p id=\"p620964-m452-26-453\" class=\"parrafo\">\u201cTratar de implementar una nueva reforma tributaria, en el a\u00f1o fiscal 2025, podr\u00eda llegar a ser contraproducente, ya que desincentivar\u00eda la econom\u00eda del pa\u00eds, bloqueando el crecimiento de las empresas y los inversionistas en Colombia, y afectando a la seguridad jur\u00eddica de los contribuyentes\u201d, dijo Riveira.<\/p><p id=\"p620964-m458-27-459\" class=\"parrafo\">Este experto cerr\u00f3 diciendo hay que aprender de los errores del pasado y aceptar que una verdadera gerencia del gasto del Estado y la mesura en el mismo, sin dejar de lado las medidas que busquen reactivar la econom\u00eda dirigida\u00a0a los sectores que m\u00e1s se han visto afectados en los \u00faltimos a\u00f1os, ser\u00eda un paso fundamental.<\/p><\/div><\/div><\/div><\/div><\/div><\/div><\/div><\/div><\/div><\/div><\/div><p><b>Fuente: <a href=\"https:\/\/www.portafolio.co\/\" target=\"_blank\" rel=\"noopener\">Portafolio<\/a><\/b><\/p>\t\t\t\t\t\t\t\t<\/div>\n\t\t\t\t\t<\/div>\n\t\t\t\t<\/div>\n\t\t\t\t<\/div>","protected":false},"excerpt":{"rendered":"<p>El Gobierno revisa alternativas para recoger la plata que falta, mientras que expertos instan a combinar el ahorro en el gasto con posibles fuentes. Con la olla raspada y la necesidad de recaudar al menos los $12 billones que se le cayeron con el hundimiento de la reforma tributaria, el gobierno del presidente Gustavo Petro [&hellip;]<\/p>","protected":false},"author":4,"featured_media":33524,"comment_status":"open","ping_status":"open","sticky":false,"template":"","format":"standard","meta":{"_joinchat":[],"footnotes":""},"categories":[36,27,29],"tags":[],"class_list":["post-33523","post","type-post","status-publish","format-standard","has-post-thumbnail","hentry","category-contabilidad","category-noticias-acl","category-tributario"],"_links":{"self":[{"href":"https:\/\/aclco.co\/en\/wp-json\/wp\/v2\/posts\/33523","targetHints":{"allow":["GET"]}}],"collection":[{"href":"https:\/\/aclco.co\/en\/wp-json\/wp\/v2\/posts"}],"about":[{"href":"https:\/\/aclco.co\/en\/wp-json\/wp\/v2\/types\/post"}],"author":[{"embeddable":true,"href":"https:\/\/aclco.co\/en\/wp-json\/wp\/v2\/users\/4"}],"replies":[{"embeddable":true,"href":"https:\/\/aclco.co\/en\/wp-json\/wp\/v2\/comments?post=33523"}],"version-history":[{"count":4,"href":"https:\/\/aclco.co\/en\/wp-json\/wp\/v2\/posts\/33523\/revisions"}],"predecessor-version":[{"id":33529,"href":"https:\/\/aclco.co\/en\/wp-json\/wp\/v2\/posts\/33523\/revisions\/33529"}],"wp:featuredmedia":[{"embeddable":true,"href":"https:\/\/aclco.co\/en\/wp-json\/wp\/v2\/media\/33524"}],"wp:attachment":[{"href":"https:\/\/aclco.co\/en\/wp-json\/wp\/v2\/media?parent=33523"}],"wp:term":[{"taxonomy":"category","embeddable":true,"href":"https:\/\/aclco.co\/en\/wp-json\/wp\/v2\/categories?post=33523"},{"taxonomy":"post_tag","embeddable":true,"href":"https:\/\/aclco.co\/en\/wp-json\/wp\/v2\/tags?post=33523"}],"curies":[{"name":"wp","href":"https:\/\/api.w.org\/{rel}","templated":true}]}}