{"id":33536,"date":"2025-01-13T10:34:54","date_gmt":"2025-01-13T15:34:54","guid":{"rendered":"https:\/\/darkgoldenrod-ibex-179495.hostingersite.com\/?p=33536"},"modified":"2025-01-13T10:44:13","modified_gmt":"2025-01-13T15:44:13","slug":"que-dicen-las-minutas-de-la-fed-sobre-el-futuro-de","status":"publish","type":"post","link":"https:\/\/aclco.co\/en\/que-dicen-las-minutas-de-la-fed-sobre-el-futuro-de\/","title":{"rendered":"\u00bfQu\u00e9 dicen las minutas de la Fed sobre el futuro de sus tasas de inter\u00e9s?"},"content":{"rendered":"<div data-elementor-type=\"wp-post\" data-elementor-id=\"33536\" class=\"elementor elementor-33536\" data-elementor-post-type=\"post\">\n\t\t\t\t<div class=\"elementor-element elementor-element-4fb1ef3 e-flex e-con-boxed e-con e-parent\" data-id=\"4fb1ef3\" data-element_type=\"container\" data-e-type=\"container\">\n\t\t\t\t\t<div class=\"e-con-inner\">\n\t\t\t\t<div class=\"elementor-element elementor-element-e2d721e elementor-widget elementor-widget-text-editor\" data-id=\"e2d721e\" data-element_type=\"widget\" data-e-type=\"widget\" data-widget_type=\"text-editor.default\">\n\t\t\t\t\t\t\t\t\t<div class=\"article-top container_col\"><div id=\"p619554-m392-4-393\" class=\"highlighted\"><div class=\"article-top container_col\"><div class=\"article-top container_col\"><div class=\"article-top container_col\"><div class=\"article-top container_col\"><div class=\"article-top container_col\"><div class=\"article-top container_col\"><div class=\"article-top container_col\"><div class=\"article-top container_col\"><div class=\"article-top container_col\"><h5><strong>Seg\u00fan las minutas, publicadas este mi\u00e9rcoles en Washington, entre los temas mencionados estuvieron el repunte de la inflaci\u00f3n, la fortaleza del gasto y la reducci\u00f3n de los riesgos a la baja en las perspectivas del mercado laboral y la actividad econ\u00f3mica.<\/strong><\/h5><p class=\"font--secondary\">Los funcionarios de la Reserva Federal adoptaron una nueva postura sobre el recorte de tasas en medio de elevados riesgos de <a href=\"https:\/\/darkgoldenrod-ibex-179495.hostingersite.com\/inflacion-en-octubre-bajaria-hasta-573-y-preven\/\" target=\"_blank\" rel=\"noopener\">inflaci\u00f3n<\/a>, por lo que decidieron avanzar m\u00e1s lentamente en los pr\u00f3ximos meses.<\/p><p class=\"font--secondary\">\u201cLos participantes indicaron que el Comit\u00e9 estaba en o cerca del punto en el que ser\u00eda apropiado ralentizar el ritmo de flexibilizaci\u00f3n de la pol\u00edtica\u201d, seg\u00fan las actas de la reuni\u00f3n del Comit\u00e9 Federal de Mercado Abierto (FOMC, por sus siglas en ingl\u00e9s) del 17 y 18 de diciembre. \u201cMuchos participantes sugirieron que una variedad de factores subrayaban la necesidad de un enfoque cuidadoso para las decisiones de pol\u00edtica monetaria en los pr\u00f3ximos trimestres\u201d.<\/p><p>Seg\u00fan las minutas, publicadas este mi\u00e9rcoles en Washington, entre los temas mencionados estuvieron el repunte de la inflaci\u00f3n, la fortaleza del gasto y la reducci\u00f3n de los riesgos a la baja en las perspectivas del mercado laboral y la actividad econ\u00f3mica.<\/p><p class=\"font--secondary\">El personal de la Fed incorpor\u00f3 \u201csupuestos provisionales\u201d sobre posibles cambios de pol\u00edtica bajo el mandato del presidente estadounidense entrante, Donald Trump, lo que result\u00f3 en un pron\u00f3stico de crecimiento econ\u00f3mico ligeramente m\u00e1s lento, y tambi\u00e9n se prev\u00e9 que la inflaci\u00f3n se mantenga firme.<\/p><p class=\"font--secondary\">Las actas mostraron que \u201cvarios\u201d responsables de la pol\u00edtica monetaria indicaron que tambi\u00e9n incluyeron supuestos de marcadores de posici\u00f3n en sus proyecciones econ\u00f3micas actualizadas.<\/p><p class=\"font--secondary\">\u201cCasi todos los participantes consideraron que los riesgos al alza para las perspectivas de inflaci\u00f3n hab\u00edan aumentado\u201d, se\u00f1alan las actas.<\/p><p class=\"font--secondary\">En la reuni\u00f3n, los banqueros centrales estadounidenses recortaron su tasa de inter\u00e9s de referencia en un cuarto de punto, hasta situarla en un rango de 4,25 % a 4,5 %, lo que marca un punto porcentual completo en reducciones desde septiembre. El r\u00e1pido ritmo produjo un voto discrepante en septiembre y otro en diciembre, cada uno de ellos una rareza bajo la presidencia de Jerome Powell.<\/p><p class=\"font--secondary\">El l\u00edder de la Fed se\u00f1al\u00f3 en su conferencia de prensa posterior a la reuni\u00f3n que el recorte de diciembre fue una \u201cdecisi\u00f3n m\u00e1s re\u00f1ida\u201d que las reducciones anteriores. La presidenta de la Fed de Cleveland, Beth Hammack, disinti\u00f3, prefiriendo mantener las tasas estables, mientas que las previsiones actualizadas mostraron que otros tres funcionarios estaban de acuerdo. La gobernadora Michelle Bowman vot\u00f3 en contra del recorte de medio punto de septiembre, inclin\u00e1ndose por una reducci\u00f3n menor.<\/p><p class=\"font--secondary\">\u201cAlgunos participantes afirmaron que era conveniente mantener sin cambios el rango objetivo de la tasa de los fondos federales\u201d, se\u00f1alan las actas.<\/p><p class=\"font--secondary\">Las nuevas previsiones publicadas tras la reuni\u00f3n de diciembre mostraron una estimaci\u00f3n media de dos recortes de tasas en 2025, frente a los cuatro previstos por los responsables de la pol\u00edtica monetaria en septiembre. El cambio reflej\u00f3 las renovadas preocupaciones en el Comit\u00e9 sobre los riesgos al alza de la inflaci\u00f3n.<\/p><\/div><\/div><\/div><\/div><\/div><\/div><\/div><\/div><\/div><\/div><\/div><p><b>Fuente: <a href=\"https:\/\/www.elespectador.com\/\" target=\"_blank\" rel=\"noopener\">El Espectador<\/a><\/b><\/p>\t\t\t\t\t\t\t\t<\/div>\n\t\t\t\t\t<\/div>\n\t\t\t\t<\/div>\n\t\t\t\t<\/div>","protected":false},"excerpt":{"rendered":"<p>Seg\u00fan las minutas, publicadas este mi\u00e9rcoles en Washington, entre los temas mencionados estuvieron el repunte de la inflaci\u00f3n, la fortaleza del gasto y la reducci\u00f3n de los riesgos a la baja en las perspectivas del mercado laboral y la actividad econ\u00f3mica. Los funcionarios de la Reserva Federal adoptaron una nueva postura sobre el recorte de [&hellip;]<\/p>","protected":false},"author":4,"featured_media":33537,"comment_status":"open","ping_status":"open","sticky":false,"template":"","format":"standard","meta":{"_joinchat":[],"footnotes":""},"categories":[36,35,27],"tags":[],"class_list":["post-33536","post","type-post","status-publish","format-standard","has-post-thumbnail","hentry","category-contabilidad","category-economia-finanzas","category-noticias-acl"],"_links":{"self":[{"href":"https:\/\/aclco.co\/en\/wp-json\/wp\/v2\/posts\/33536","targetHints":{"allow":["GET"]}}],"collection":[{"href":"https:\/\/aclco.co\/en\/wp-json\/wp\/v2\/posts"}],"about":[{"href":"https:\/\/aclco.co\/en\/wp-json\/wp\/v2\/types\/post"}],"author":[{"embeddable":true,"href":"https:\/\/aclco.co\/en\/wp-json\/wp\/v2\/users\/4"}],"replies":[{"embeddable":true,"href":"https:\/\/aclco.co\/en\/wp-json\/wp\/v2\/comments?post=33536"}],"version-history":[{"count":7,"href":"https:\/\/aclco.co\/en\/wp-json\/wp\/v2\/posts\/33536\/revisions"}],"predecessor-version":[{"id":33544,"href":"https:\/\/aclco.co\/en\/wp-json\/wp\/v2\/posts\/33536\/revisions\/33544"}],"wp:featuredmedia":[{"embeddable":true,"href":"https:\/\/aclco.co\/en\/wp-json\/wp\/v2\/media\/33537"}],"wp:attachment":[{"href":"https:\/\/aclco.co\/en\/wp-json\/wp\/v2\/media?parent=33536"}],"wp:term":[{"taxonomy":"category","embeddable":true,"href":"https:\/\/aclco.co\/en\/wp-json\/wp\/v2\/categories?post=33536"},{"taxonomy":"post_tag","embeddable":true,"href":"https:\/\/aclco.co\/en\/wp-json\/wp\/v2\/tags?post=33536"}],"curies":[{"name":"wp","href":"https:\/\/api.w.org\/{rel}","templated":true}]}}