{"id":33545,"date":"2025-01-14T11:53:51","date_gmt":"2025-01-14T16:53:51","guid":{"rendered":"https:\/\/darkgoldenrod-ibex-179495.hostingersite.com\/?p=33545"},"modified":"2025-01-14T12:05:31","modified_gmt":"2025-01-14T17:05:31","slug":"sugieren-a-colombia-crear-tributo-a-la-riqueza-en-el","status":"publish","type":"post","link":"https:\/\/aclco.co\/en\/sugieren-a-colombia-crear-tributo-a-la-riqueza-en-el\/","title":{"rendered":"Sugieren a Colombia crear tributo a la riqueza en el exterior no declarada"},"content":{"rendered":"<div data-elementor-type=\"wp-post\" data-elementor-id=\"33545\" class=\"elementor elementor-33545\" data-elementor-post-type=\"post\">\n\t\t\t\t<div class=\"elementor-element elementor-element-4fb1ef3 e-flex e-con-boxed e-con e-parent\" data-id=\"4fb1ef3\" data-element_type=\"container\" data-e-type=\"container\">\n\t\t\t\t\t<div class=\"e-con-inner\">\n\t\t\t\t<div class=\"elementor-element elementor-element-e2d721e elementor-widget elementor-widget-text-editor\" data-id=\"e2d721e\" data-element_type=\"widget\" data-e-type=\"widget\" data-widget_type=\"text-editor.default\">\n\t\t\t\t\t\t\t\t\t<div class=\"article-top container_col\"><div id=\"p619554-m392-4-393\" class=\"highlighted\"><div class=\"article-top container_col\"><div class=\"article-top container_col\"><div class=\"article-top container_col\"><div class=\"article-top container_col\"><div class=\"article-top container_col\"><div class=\"article-top container_col\"><div class=\"article-top container_col\"><div class=\"article-top container_col\"><div class=\"article-top container_col\"><div class=\"article-top container_col\"><h5 id=\"p621581-m519-1-520\" class=\"epigraph regular_lead1\"><strong>Adem\u00e1s, Oxfam tambi\u00e9n propone que el pa\u00eds haga un ajuste profundo que reduzca a la mitad los incentivos tributarios para las grandes corporaciones.<\/strong><\/h5><p>La organizaci\u00f3n internacional Oxfam sugiri\u00f3 un conjunto de\u00a0\u201cmedidas fiscales justas\u201d\u00a0para cerrar las brechas de desigualdad en <a href=\"https:\/\/darkgoldenrod-ibex-179495.hostingersite.com\/colombia-recibio-un-reconocimiento-de-la-ocde\/\" target=\"_blank\" rel=\"noopener\">Colombia<\/a>, entre las que figura\u00a0\u00abestablecer un impuesto a la riqueza extraterritorial no declarada de los hogares m\u00e1s ricos\u00bb\u00a0del pa\u00eds.<\/p><p id=\"p621581-m543-3-544\" class=\"parrafo\">As\u00ed lo se\u00f1ala el documento\u00a0\u2018Econonuestra: informe de desigualdad en Colombia\u2019, en el que Oxfam se\u00f1ala que el pa\u00eds ocup\u00f3 el cuarto lugar en Am\u00e9rica Latina en concentraci\u00f3n de riqueza del 1 % de la poblaci\u00f3n con el 33,4 % de los recursos, por detr\u00e1s de Chile (49,8 %), Brasil (48,7 %) y M\u00e9xico (47,9 %).<\/p><p id=\"p621581-m549-4-550\" class=\"parrafo\">Por esa raz\u00f3n, la organizaci\u00f3n insta a las autoridades colombianas no solo a establecer el impuesto a la riqueza en el exterior no declarada de los hogares m\u00e1s ricos, sino tambi\u00e9n a\u00a0hacer un ajuste profundo que reduzca a la mitad los incentivos tributarios para las grandes corporaciones.<\/p><p id=\"p621581-m561-6-562\" class=\"parrafo\">Tambi\u00e9n hizo un llamado a constituir tarifas marginales a la renta corporativa para peque\u00f1as y medianas empresas, adem\u00e1s de reducir las p\u00e9rdidas tributarias resultantes del uso de guaridas fiscales.<\/p><p id=\"p621581-m567-7-568\" class=\"parrafo\">\u201cLa generaci\u00f3n de nuevos impuestos que promuevan la progresividad y promuevan el alcance de mayores recursos debe estar orientada al grupo social y sector econ\u00f3mico que mayores ingresos tiene\u201d, explic\u00f3 la directora de influencia de Oxfam Colombia, Sandra Patricia Mojica. Considera que si esto sucede,\u00a0\u00abel Estado ser\u00e1 garante de la justicia fiscal, sostenibilidad econ\u00f3mica y financiera del pa\u00eds\u00bb.<\/p><div id=\"p621581-m599-9-600\" class=\"highlighted\"><h5 id=\"m604-603-605\" class=\"tiemposBold3\"><strong>Desigualdades sociales<\/strong><\/h5><\/div><p id=\"p621581-m611-10-612\" class=\"parrafo\">El informe de Oxfam advierte que 16,7 millones de personas, de una poblaci\u00f3n de m\u00e1s de 50 millones de colombianos, estaban en la pobreza en 2023, debido a problemas como\u00a0\u00abla dependencia excesiva del sector primario, la informalidad en el mercado laboral y las profundas desigualdades sociales a\u00fan persisten\u00bb.<\/p><p id=\"p621581-m617-11-618\" class=\"parrafo\">A estas dificultades se suman los desaf\u00edos provocados por la pandemia de covid-19, como la p\u00e9rdida de empleos y la presi\u00f3n sobre los sistemas de salud y educaci\u00f3n, as\u00ed como la crisis clim\u00e1tica y la\u00a0\u00abtransici\u00f3n demogr\u00e1fica\u00bb, que afectan m\u00e1s a ciertos grupos de poblaci\u00f3n como las mujeres, los ind\u00edgenas y la poblaci\u00f3n negra, palenquera, afrodescendiente.<\/p><p id=\"p621581-m629-13-630\" class=\"parrafo\">\u00abCuando consideramos factores como ser mujer, vivir en zonas rurales o ser afrodescendiente o ind\u00edgena, notamos que la pobreza y la extrema pobreza aumentan\u00bb, explic\u00f3 la directora ejecutiva de Oxfam Colombia, Marcela Prieto.<\/p><p id=\"p621581-m635-14-636\" class=\"parrafo\">Seg\u00fan Prieto,\u00a0\u00abciertos grupos enfrentan mayores dificultades econ\u00f3micas y sociales debido a las condiciones de discriminaci\u00f3n hist\u00f3rica que ha sufrido esta poblaci\u00f3n\u00bb.<\/p><div id=\"p621581-m641-15-642\" class=\"highlighted\"><h5 id=\"m646-645-647\" class=\"tiemposBold3\"><strong>Cifras oficiales<\/strong><\/h5><\/div><p id=\"p621581-m653-16-654\" class=\"parrafo\">La pobreza monetaria en Colombia disminuy\u00f3 3,6 puntos porcentuales en 2023, seg\u00fan cifras del Departamento Administrativo Nacional de Estad\u00edstica (Dane), pues ese indicador fue de 36,6 % en 2022 y en 2023 cay\u00f3 al 33 %.<\/p><p id=\"p621581-m659-17-660\" class=\"parrafo\">Eso significa que,\u00a0entre 2022 y 2023, m\u00e1s de 1,6 millones de personas en Colombia salieron de la pobreza monetaria.<\/p><p id=\"p621581-m665-18-666\" class=\"parrafo\">\u00abEn 2023, en el total nacional, 16.708.153 personas estaban en situaci\u00f3n de pobreza monetaria y en 2022 hab\u00eda 18.331.941 personas en esta situaci\u00f3n. Lo anterior significa que 1.623.788 personas salieron de esta condici\u00f3n\u00bb, asegur\u00f3 en julio pasado el Dane.<\/p><\/div><\/div><\/div><\/div><\/div><\/div><\/div><\/div><\/div><\/div><\/div><\/div><p><b>Fuente: <a href=\"https:\/\/www.portafolio.co\/\" target=\"_blank\" rel=\"noopener\">Portafolio<\/a><\/b><\/p>\t\t\t\t\t\t\t\t<\/div>\n\t\t\t\t\t<\/div>\n\t\t\t\t<\/div>\n\t\t\t\t<\/div>","protected":false},"excerpt":{"rendered":"<p>Adem\u00e1s, Oxfam tambi\u00e9n propone que el pa\u00eds haga un ajuste profundo que reduzca a la mitad los incentivos tributarios para las grandes corporaciones. La organizaci\u00f3n internacional Oxfam sugiri\u00f3 un conjunto de\u00a0\u201cmedidas fiscales justas\u201d\u00a0para cerrar las brechas de desigualdad en Colombia, entre las que figura\u00a0\u00abestablecer un impuesto a la riqueza extraterritorial no declarada de los hogares [&hellip;]<\/p>","protected":false},"author":4,"featured_media":33546,"comment_status":"open","ping_status":"open","sticky":false,"template":"","format":"standard","meta":{"_joinchat":[],"footnotes":""},"categories":[36,35,27,29],"tags":[],"class_list":["post-33545","post","type-post","status-publish","format-standard","has-post-thumbnail","hentry","category-contabilidad","category-economia-finanzas","category-noticias-acl","category-tributario"],"_links":{"self":[{"href":"https:\/\/aclco.co\/en\/wp-json\/wp\/v2\/posts\/33545","targetHints":{"allow":["GET"]}}],"collection":[{"href":"https:\/\/aclco.co\/en\/wp-json\/wp\/v2\/posts"}],"about":[{"href":"https:\/\/aclco.co\/en\/wp-json\/wp\/v2\/types\/post"}],"author":[{"embeddable":true,"href":"https:\/\/aclco.co\/en\/wp-json\/wp\/v2\/users\/4"}],"replies":[{"embeddable":true,"href":"https:\/\/aclco.co\/en\/wp-json\/wp\/v2\/comments?post=33545"}],"version-history":[{"count":8,"href":"https:\/\/aclco.co\/en\/wp-json\/wp\/v2\/posts\/33545\/revisions"}],"predecessor-version":[{"id":33555,"href":"https:\/\/aclco.co\/en\/wp-json\/wp\/v2\/posts\/33545\/revisions\/33555"}],"wp:featuredmedia":[{"embeddable":true,"href":"https:\/\/aclco.co\/en\/wp-json\/wp\/v2\/media\/33546"}],"wp:attachment":[{"href":"https:\/\/aclco.co\/en\/wp-json\/wp\/v2\/media?parent=33545"}],"wp:term":[{"taxonomy":"category","embeddable":true,"href":"https:\/\/aclco.co\/en\/wp-json\/wp\/v2\/categories?post=33545"},{"taxonomy":"post_tag","embeddable":true,"href":"https:\/\/aclco.co\/en\/wp-json\/wp\/v2\/tags?post=33545"}],"curies":[{"name":"wp","href":"https:\/\/api.w.org\/{rel}","templated":true}]}}