{"id":33565,"date":"2025-01-16T09:56:25","date_gmt":"2025-01-16T14:56:25","guid":{"rendered":"https:\/\/darkgoldenrod-ibex-179495.hostingersite.com\/?p=33565"},"modified":"2025-01-16T10:40:20","modified_gmt":"2025-01-16T15:40:20","slug":"nuevo-regimen-tarifario-para-servicios-registrales","status":"publish","type":"post","link":"https:\/\/aclco.co\/en\/nuevo-regimen-tarifario-para-servicios-registrales\/","title":{"rendered":"Nuevo r\u00e9gimen tarifario para servicios registrales de las c\u00e1maras de comercio"},"content":{"rendered":"<div data-elementor-type=\"wp-post\" data-elementor-id=\"33565\" class=\"elementor elementor-33565\" data-elementor-post-type=\"post\">\n\t\t\t\t<div class=\"elementor-element elementor-element-4fb1ef3 e-flex e-con-boxed e-con e-parent\" data-id=\"4fb1ef3\" data-element_type=\"container\" data-e-type=\"container\">\n\t\t\t\t\t<div class=\"e-con-inner\">\n\t\t\t\t<div class=\"elementor-element elementor-element-e2d721e elementor-widget elementor-widget-text-editor\" data-id=\"e2d721e\" data-element_type=\"widget\" data-e-type=\"widget\" data-widget_type=\"text-editor.default\">\n\t\t\t\t\t\t\t\t\t<div class=\"article-top container_col\"><div id=\"p619554-m392-4-393\" class=\"highlighted\"><div class=\"article-top container_col\"><div class=\"article-top container_col\"><div class=\"article-top container_col\"><div class=\"article-top container_col\"><div class=\"article-top container_col\"><div class=\"article-top container_col\"><div class=\"article-top container_col\"><div class=\"article-top container_col\"><div class=\"article-top container_col\"><div class=\"article-top container_col\"><p><span data-ogsc=\"black\">A partir del 1 de enero de 2025 entr\u00f3 en vigencia el Decreto 045 de 2024 expedido por el Ministerio de Comercio, Industria y Turismo, que establece un nuevo r\u00e9gimen tarifario para los servicios registrales ofrecidos por las C\u00e1maras de Comercio.<\/span><\/p><h5><span data-ogsc=\"black\"><br \/><strong>\u00bfPor qu\u00e9 este cambio?<\/strong><\/span><\/h5><p><span data-ogsc=\"black\">De acuerdo con el Decreto, el cambio busca mayor equidad en las tasas al aplicar criterios objetivos de progresividad, razonabilidad y proporcionalidad, beneficiando de esta forma a los peque\u00f1os comerciantes que poseen menos activos.<\/span><\/p><h5><strong>\u00bfQu\u00e9 debes saber?<\/strong><\/h5><ul><li><span data-ogsc=\"black\">Existe un nuevo modelo de estructura tarifaria para la matr\u00edcula y las renovaciones en seis (6) rangos, en funci\u00f3n del tama\u00f1o de los activos de las empresas.<\/span><\/li><li>Las tarifas se expresan en Unidades de Valor B\u00e1sico (UVB) de acuerdo con lo establecido en el Plan Nacional de Desarrollo 2022-2026.<\/li><li>El \u00a0valor de la UVB para el a\u00f1o 2025 es de $11.552 seg\u00fan Resoluci\u00f3n 3914 de 2024 del <a href=\"https:\/\/darkgoldenrod-ibex-179495.hostingersite.com\/ministerio-de-hacienda-preve-que-el-salario-minimo-para\/\" target=\"_blank\" rel=\"noopener\">Ministerio de Hacienda<\/a> y Cr\u00e9dito P\u00fablico.<\/li><li>La tarifa de los establecimientos de comercio queda estructurada en siete (7) rangos, calculada teniendo en cuenta los activos totales del propietario.<\/li><li>Ligero incremento en las tarifas de los certificados, inscripci\u00f3n de actos y documentos, mutaciones, cancelaciones y formularios.<\/li><\/ul><p><span data-ogsc=\"black\"><strong>Conozca m\u00e1s sobre el Decreto 045 de 2024 y sus implicaciones:<\/strong><\/span><\/p><p style=\"text-align: center;\"><strong><a href=\"https:\/\/aclco.co\/wp-content\/uploads\/2025\/01\/NUEVO-REGIMEN-TARIFARIO-PARA-SERVICIOS-REGISTRALES-DE-LAS-CAMARAS-DE-COMERCIO.pdf\">Desc\u00e1rguelo aqu\u00ed<\/a><\/strong><\/p><\/div><\/div><\/div><\/div><\/div><\/div><\/div><\/div><\/div><\/div><\/div><\/div><p><b>Fuente: <a href=\"https:\/\/www.camaradirecta.com\/\" target=\"_blank\" rel=\"noopener\">Camara de Comercio de Bucaramanga<\/a><\/b><\/p>\t\t\t\t\t\t\t\t<\/div>\n\t\t\t\t\t<\/div>\n\t\t\t\t<\/div>\n\t\t\t\t<\/div>","protected":false},"excerpt":{"rendered":"<p>A partir del 1 de enero de 2025 entr\u00f3 en vigencia el Decreto 045 de 2024 expedido por el Ministerio de Comercio, Industria y Turismo, que establece un nuevo r\u00e9gimen tarifario para los servicios registrales ofrecidos por las C\u00e1maras de Comercio. \u00bfPor qu\u00e9 este cambio? De acuerdo con el Decreto, el cambio busca mayor equidad [&hellip;]<\/p>","protected":false},"author":4,"featured_media":33566,"comment_status":"open","ping_status":"open","sticky":false,"template":"","format":"standard","meta":{"_joinchat":[],"footnotes":""},"categories":[36,27,29],"tags":[],"class_list":["post-33565","post","type-post","status-publish","format-standard","has-post-thumbnail","hentry","category-contabilidad","category-noticias-acl","category-tributario"],"_links":{"self":[{"href":"https:\/\/aclco.co\/en\/wp-json\/wp\/v2\/posts\/33565","targetHints":{"allow":["GET"]}}],"collection":[{"href":"https:\/\/aclco.co\/en\/wp-json\/wp\/v2\/posts"}],"about":[{"href":"https:\/\/aclco.co\/en\/wp-json\/wp\/v2\/types\/post"}],"author":[{"embeddable":true,"href":"https:\/\/aclco.co\/en\/wp-json\/wp\/v2\/users\/4"}],"replies":[{"embeddable":true,"href":"https:\/\/aclco.co\/en\/wp-json\/wp\/v2\/comments?post=33565"}],"version-history":[{"count":4,"href":"https:\/\/aclco.co\/en\/wp-json\/wp\/v2\/posts\/33565\/revisions"}],"predecessor-version":[{"id":33572,"href":"https:\/\/aclco.co\/en\/wp-json\/wp\/v2\/posts\/33565\/revisions\/33572"}],"wp:featuredmedia":[{"embeddable":true,"href":"https:\/\/aclco.co\/en\/wp-json\/wp\/v2\/media\/33566"}],"wp:attachment":[{"href":"https:\/\/aclco.co\/en\/wp-json\/wp\/v2\/media?parent=33565"}],"wp:term":[{"taxonomy":"category","embeddable":true,"href":"https:\/\/aclco.co\/en\/wp-json\/wp\/v2\/categories?post=33565"},{"taxonomy":"post_tag","embeddable":true,"href":"https:\/\/aclco.co\/en\/wp-json\/wp\/v2\/tags?post=33565"}],"curies":[{"name":"wp","href":"https:\/\/api.w.org\/{rel}","templated":true}]}}