{"id":33604,"date":"2025-01-24T12:16:49","date_gmt":"2025-01-24T17:16:49","guid":{"rendered":"https:\/\/darkgoldenrod-ibex-179495.hostingersite.com\/?p=33604"},"modified":"2025-01-24T12:26:36","modified_gmt":"2025-01-24T17:26:36","slug":"costos-de-nomina-en-colombia-para-el-2025","status":"publish","type":"post","link":"https:\/\/aclco.co\/en\/costos-de-nomina-en-colombia-para-el-2025\/","title":{"rendered":"Costos de n\u00f3mina en Colombia para el 2025: Todo lo que debes saber"},"content":{"rendered":"<div data-elementor-type=\"wp-post\" data-elementor-id=\"33604\" class=\"elementor elementor-33604\" data-elementor-post-type=\"post\">\n\t\t\t\t<div class=\"elementor-element elementor-element-4fb1ef3 e-flex e-con-boxed e-con e-parent\" data-id=\"4fb1ef3\" data-element_type=\"container\" data-e-type=\"container\">\n\t\t\t\t\t<div class=\"e-con-inner\">\n\t\t\t\t<div class=\"elementor-element elementor-element-e2d721e elementor-widget elementor-widget-text-editor\" data-id=\"e2d721e\" data-element_type=\"widget\" data-e-type=\"widget\" data-widget_type=\"text-editor.default\">\n\t\t\t\t\t\t\t\t\t<div class=\"article-top container_col\"><div id=\"p619554-m392-4-393\" class=\"highlighted\"><div class=\"article-top container_col\"><div class=\"article-top container_col\"><div class=\"article-top container_col\"><div class=\"article-top container_col\"><div class=\"article-top container_col\"><div class=\"article-top container_col\"><div class=\"article-top container_col\"><div class=\"article-top container_col\"><div class=\"article-top container_col\"><div class=\"article-top container_col\"><div class=\"article-top container_col\"><header><p class=\"p1\">El panorama laboral en Colombia para 2025 trae cambios significativos con el incremento del Salario M\u00ednimo Mensual Legal Vigente (SMMLV) y el auxilio de transporte, seg\u00fan lo establecido en el Decreto 1572 de 2024. Estos ajustes impactan directamente los costos asociados a la contrataci\u00f3n de trabajadores.<\/p><p class=\"p1\">A continuaci\u00f3n, te explicamos los puntos clave:<\/p><h5 class=\"p3\"><b>Incremento del <a href=\"https:\/\/darkgoldenrod-ibex-179495.hostingersite.com\/salario-minimo-2025-que-trabajadores-no-lo-recibiran\/\" target=\"_blank\" rel=\"noopener\">salario m\u00ednimo<\/a> y auxilio de transporte<\/b><b><\/b><\/h5><p class=\"p1\">El salario m\u00ednimo para 2025 aument\u00f3 un 9,54%, lo que lo sit\u00faa en $1.423.500 mensuales. Por otro lado, el auxilio de transporte tambi\u00e9n tuvo un incremento, alcanzando un total de $200.000.<\/p><p class=\"p1\">Esto significa que el costo b\u00e1sico mensual para un empleado con salario m\u00ednimo, incluyendo el auxilio de transporte, asciende a $1.623.500.<\/p><h5 class=\"p3\"><b>Costos totales de contrataci\u00f3n<\/b><b><\/b><\/h5><p class=\"p1\">Sin embargo, este monto es solo una parte del total que debe asumir un empleador. Los costos adicionales incluyen aportes a salud, pensi\u00f3n, riesgos laborales, cesant\u00edas, y otros beneficios legales.<\/p><p class=\"p1\">En total, contratar a un trabajador con el salario m\u00ednimo tiene un costo mensual estimado de $2.417.403, distribuidos de la siguiente manera:<\/p><ul><li class=\"p4\"><b>Salud (8,5%)<\/b>: $120.998<\/li><li class=\"p4\"><b>Pensi\u00f3n (12%)<\/b>: $170.820<\/li><li class=\"p4\"><b>ARL (tarifa m\u00e1xima)<\/b>: $99.076<\/li><li class=\"p4\"><b>Prima de servicios<\/b>: $135.238<\/li><li class=\"p4\"><b>Cesant\u00edas<\/b>: $135.238<\/li><li class=\"p4\"><b>Intereses sobre cesant\u00edas<\/b>: $16.235<\/li><li class=\"p4\"><b>Parafiscales<\/b>: $56.943<\/li><li class=\"p4\"><b>Vacaciones<\/b>: $59.360<\/li><\/ul><h5 class=\"p3\"><b>Importancia de conocer los costos de n\u00f3mina<\/b><b><\/b><\/h5><p class=\"p1\">Este aumento no solo refleja un ajuste en los ingresos de los trabajadores, sino que tambi\u00e9n implica una mayor planeaci\u00f3n para las empresas, especialmente para peque\u00f1as y medianas empresas (PyMEs) que deben ajustar sus presupuestos a estos cambios.<\/p><p class=\"p1\">Conocer estos datos es clave para mantener la sostenibilidad financiera de las organizaciones y garantizar el cumplimiento de las normativas laborales, asegurando a su vez los derechos de los trabajadores.<\/p><p class=\"p3\"><b>Descarga el decreto 1572 de 2024<\/b><b><\/b><\/p><p class=\"p1\">Para mayor detalle sobre estas disposiciones y sus implicaciones, te invitamos a descargar el Decreto 1572 de 2024.<\/p><p class=\"p1\">Consulta la normativa completa <a href=\"https:\/\/aclco.co\/wp-content\/uploads\/2025\/01\/Decreto_1572_de_2024.pdf\">aqu\u00ed<\/a>.<\/p><p class=\"p1\"><b>\u00a1Prep\u00e1rate para un 2025 con decisiones informadas y estrat\u00e9gicas en tu empresa!<\/b><\/p><\/header><\/div><\/div><\/div><\/div><\/div><\/div><\/div><\/div><\/div><\/div><\/div><\/div><\/div><p><strong>Fuente: <a href=\"https:\/\/www.mintrabajo.gov.co\/\" target=\"_blank\" rel=\"noopener\">Ministerio de Trabajo<\/a><\/strong><\/p>\t\t\t\t\t\t\t\t<\/div>\n\t\t\t\t\t<\/div>\n\t\t\t\t<\/div>\n\t\t\t\t<\/div>","protected":false},"excerpt":{"rendered":"<p>El panorama laboral en Colombia para 2025 trae cambios significativos con el incremento del Salario M\u00ednimo Mensual Legal Vigente (SMMLV) y el auxilio de transporte, seg\u00fan lo establecido en el Decreto 1572 de 2024. Estos ajustes impactan directamente los costos asociados a la contrataci\u00f3n de trabajadores. A continuaci\u00f3n, te explicamos los puntos clave: Incremento del [&hellip;]<\/p>","protected":false},"author":4,"featured_media":33605,"comment_status":"open","ping_status":"open","sticky":false,"template":"","format":"standard","meta":{"_joinchat":[],"footnotes":""},"categories":[36,27,29],"tags":[],"class_list":["post-33604","post","type-post","status-publish","format-standard","has-post-thumbnail","hentry","category-contabilidad","category-noticias-acl","category-tributario"],"_links":{"self":[{"href":"https:\/\/aclco.co\/en\/wp-json\/wp\/v2\/posts\/33604","targetHints":{"allow":["GET"]}}],"collection":[{"href":"https:\/\/aclco.co\/en\/wp-json\/wp\/v2\/posts"}],"about":[{"href":"https:\/\/aclco.co\/en\/wp-json\/wp\/v2\/types\/post"}],"author":[{"embeddable":true,"href":"https:\/\/aclco.co\/en\/wp-json\/wp\/v2\/users\/4"}],"replies":[{"embeddable":true,"href":"https:\/\/aclco.co\/en\/wp-json\/wp\/v2\/comments?post=33604"}],"version-history":[{"count":4,"href":"https:\/\/aclco.co\/en\/wp-json\/wp\/v2\/posts\/33604\/revisions"}],"predecessor-version":[{"id":33611,"href":"https:\/\/aclco.co\/en\/wp-json\/wp\/v2\/posts\/33604\/revisions\/33611"}],"wp:featuredmedia":[{"embeddable":true,"href":"https:\/\/aclco.co\/en\/wp-json\/wp\/v2\/media\/33605"}],"wp:attachment":[{"href":"https:\/\/aclco.co\/en\/wp-json\/wp\/v2\/media?parent=33604"}],"wp:term":[{"taxonomy":"category","embeddable":true,"href":"https:\/\/aclco.co\/en\/wp-json\/wp\/v2\/categories?post=33604"},{"taxonomy":"post_tag","embeddable":true,"href":"https:\/\/aclco.co\/en\/wp-json\/wp\/v2\/tags?post=33604"}],"curies":[{"name":"wp","href":"https:\/\/api.w.org\/{rel}","templated":true}]}}