{"id":33612,"date":"2025-01-27T11:53:54","date_gmt":"2025-01-27T16:53:54","guid":{"rendered":"https:\/\/darkgoldenrod-ibex-179495.hostingersite.com\/?p=33612"},"modified":"2025-01-27T11:59:13","modified_gmt":"2025-01-27T16:59:13","slug":"dolar-en-colombia-sube-luego-del-impasse-con-eeuu","status":"publish","type":"post","link":"https:\/\/aclco.co\/en\/dolar-en-colombia-sube-luego-del-impasse-con-eeuu\/","title":{"rendered":"D\u00f3lar en Colombia sube luego del \u2018impasse\u2019 con EE. UU. y corta su racha bajista"},"content":{"rendered":"<div data-elementor-type=\"wp-post\" data-elementor-id=\"33612\" class=\"elementor elementor-33612\" data-elementor-post-type=\"post\">\n\t\t\t\t<div class=\"elementor-element elementor-element-4fb1ef3 e-flex e-con-boxed e-con e-parent\" data-id=\"4fb1ef3\" data-element_type=\"container\" data-e-type=\"container\">\n\t\t\t\t\t<div class=\"e-con-inner\">\n\t\t\t\t<div class=\"elementor-element elementor-element-e2d721e elementor-widget elementor-widget-text-editor\" data-id=\"e2d721e\" data-element_type=\"widget\" data-e-type=\"widget\" data-widget_type=\"text-editor.default\">\n\t\t\t\t\t\t\t\t\t<div class=\"article-top container_col\"><div id=\"p619554-m392-4-393\" class=\"highlighted\"><div class=\"article-top container_col\"><div class=\"article-top container_col\"><div class=\"article-top container_col\"><div class=\"article-top container_col\"><div class=\"article-top container_col\"><div class=\"article-top container_col\"><div class=\"article-top container_col\"><div class=\"article-top container_col\"><div class=\"article-top container_col\"><div class=\"article-top container_col\"><div class=\"article-top container_col\"><header><div class=\"article-top container_col\"><h5 id=\"p622510-m895-1-896\" class=\"epigraph regular_lead1\"><strong>La divisa estadounidense volvi\u00f3 a superar la barrera de los $4.200, luego de que terminara la semana pasada por debajo de este precio.<\/strong><\/h5><p>El d\u00f3lar en Colombia sube este lunes 27 de enero y rompe as\u00ed la racha bajista que hab\u00eda marcado la tendencia de su cotizaci\u00f3n\u00a0desde la posesi\u00f3n de <a href=\"https:\/\/darkgoldenrod-ibex-179495.hostingersite.com\/estos-son-los-desafios-que-tendra-colombia-tras-la\/\" target=\"_blank\" rel=\"noopener\">Donald Trump<\/a>, que llev\u00f3 al debilitamiento de la moneda estadounidense y al fortalecimiento del peso colombiano por una semana.<\/p><p id=\"p622510-m919-3-920\" class=\"parrafo\">Sin embargo, tras el\u00a0&#8216;impasse&#8217; diplom\u00e1tico entre Colombia y EE. UU. este fin de semana que llev\u00f3 a que el Gobierno de Estados Unidos impusiera sanciones despu\u00e9s de que el presidente Gustavo Petro se neg\u00f3 a recibir a un grupo de deportados, la divisa extranjera sube este lunes.<\/p><p id=\"p622510-m931-5-932\" class=\"parrafo\">Seg\u00fan los analistas,\u00a0el hecho de que\u00a0la Casa Blanca diera marcha atr\u00e1s a las medidas adoptadas, luego de que Bogot\u00e1 aceptara los t\u00e9rminos de su pol\u00edtica de deportaciones evit\u00f3 un aumento mayor en las cotizaciones del d\u00f3lar.\u00a0<\/p><p id=\"p622510-m937-6-938\" class=\"parrafo\">A\u00fan as\u00ed,\u00a0la divisa estadounidense se cotiza en un precio promedio de 4.225, lo que representa un incremento de 37 pesos frente a la TRM del d\u00eda que es de $4.188.<\/p><p>La moneda extranjera ven\u00eda en picada desde la investidura de Trump ante la incertidumbre que gener\u00f3 en los mercados por los anuncios de endurecimiento arancelario con varios socios comerciales.<\/p><\/div><\/header><\/div><\/div><\/div><\/div><\/div><\/div><\/div><\/div><\/div><\/div><\/div><\/div><\/div><p><strong>Fuente: <a href=\"https:\/\/www.portafolio.co\/\" target=\"_blank\" rel=\"noopener\">Portafolio<\/a><\/strong><\/p>\t\t\t\t\t\t\t\t<\/div>\n\t\t\t\t\t<\/div>\n\t\t\t\t<\/div>\n\t\t\t\t<\/div>","protected":false},"excerpt":{"rendered":"<p>La divisa estadounidense volvi\u00f3 a superar la barrera de los $4.200, luego de que terminara la semana pasada por debajo de este precio. El d\u00f3lar en Colombia sube este lunes 27 de enero y rompe as\u00ed la racha bajista que hab\u00eda marcado la tendencia de su cotizaci\u00f3n\u00a0desde la posesi\u00f3n de Donald Trump, que llev\u00f3 al [&hellip;]<\/p>","protected":false},"author":4,"featured_media":33613,"comment_status":"open","ping_status":"open","sticky":false,"template":"","format":"standard","meta":{"_joinchat":[],"footnotes":""},"categories":[36,35,27],"tags":[],"class_list":["post-33612","post","type-post","status-publish","format-standard","has-post-thumbnail","hentry","category-contabilidad","category-economia-finanzas","category-noticias-acl"],"_links":{"self":[{"href":"https:\/\/aclco.co\/en\/wp-json\/wp\/v2\/posts\/33612","targetHints":{"allow":["GET"]}}],"collection":[{"href":"https:\/\/aclco.co\/en\/wp-json\/wp\/v2\/posts"}],"about":[{"href":"https:\/\/aclco.co\/en\/wp-json\/wp\/v2\/types\/post"}],"author":[{"embeddable":true,"href":"https:\/\/aclco.co\/en\/wp-json\/wp\/v2\/users\/4"}],"replies":[{"embeddable":true,"href":"https:\/\/aclco.co\/en\/wp-json\/wp\/v2\/comments?post=33612"}],"version-history":[{"count":9,"href":"https:\/\/aclco.co\/en\/wp-json\/wp\/v2\/posts\/33612\/revisions"}],"predecessor-version":[{"id":33622,"href":"https:\/\/aclco.co\/en\/wp-json\/wp\/v2\/posts\/33612\/revisions\/33622"}],"wp:featuredmedia":[{"embeddable":true,"href":"https:\/\/aclco.co\/en\/wp-json\/wp\/v2\/media\/33613"}],"wp:attachment":[{"href":"https:\/\/aclco.co\/en\/wp-json\/wp\/v2\/media?parent=33612"}],"wp:term":[{"taxonomy":"category","embeddable":true,"href":"https:\/\/aclco.co\/en\/wp-json\/wp\/v2\/categories?post=33612"},{"taxonomy":"post_tag","embeddable":true,"href":"https:\/\/aclco.co\/en\/wp-json\/wp\/v2\/tags?post=33612"}],"curies":[{"name":"wp","href":"https:\/\/api.w.org\/{rel}","templated":true}]}}