{"id":33623,"date":"2025-01-28T12:21:54","date_gmt":"2025-01-28T17:21:54","guid":{"rendered":"https:\/\/darkgoldenrod-ibex-179495.hostingersite.com\/?p=33623"},"modified":"2025-01-28T12:28:09","modified_gmt":"2025-01-28T17:28:09","slug":"tras-superar-impasse-con-ee-uu-dolar-en-colombia-regresa-a-las-perdidas","status":"publish","type":"post","link":"https:\/\/aclco.co\/en\/tras-superar-impasse-con-ee-uu-dolar-en-colombia-regresa-a-las-perdidas\/","title":{"rendered":"Tras superar impasse con EE. UU., d\u00f3lar en Colombia regresa a las p\u00e9rdidas"},"content":{"rendered":"<div data-elementor-type=\"wp-post\" data-elementor-id=\"33623\" class=\"elementor elementor-33623\" data-elementor-post-type=\"post\">\n\t\t\t\t<div class=\"elementor-element elementor-element-4fb1ef3 e-flex e-con-boxed e-con e-parent\" data-id=\"4fb1ef3\" data-element_type=\"container\" data-e-type=\"container\">\n\t\t\t\t\t<div class=\"e-con-inner\">\n\t\t\t\t<div class=\"elementor-element elementor-element-e2d721e elementor-widget elementor-widget-text-editor\" data-id=\"e2d721e\" data-element_type=\"widget\" data-e-type=\"widget\" data-widget_type=\"text-editor.default\">\n\t\t\t\t\t\t\t\t\t<div class=\"article-top container_col\"><div id=\"p619554-m392-4-393\" class=\"highlighted\"><div class=\"article-top container_col\"><div class=\"article-top container_col\"><div class=\"article-top container_col\"><div class=\"article-top container_col\"><div class=\"article-top container_col\"><div class=\"article-top container_col\"><div class=\"article-top container_col\"><div class=\"article-top container_col\"><div class=\"article-top container_col\"><div class=\"article-top container_col\"><div class=\"article-top container_col\"><header><div class=\"article-top container_col\"><div class=\"article-top container_col\"><h5 id=\"p622592-m1762-1-1763\" class=\"epigraph regular_lead1\"><strong>La moneda estadounidense recorta las ganancias que obtuvo en la jornada anterior, tras la crisis diplom\u00e1tica entre Colombia y EE. UU.<\/strong><\/h5><p>El precio del d\u00f3lar se debilita frente al peso colombiano este martes 28 de enero de 2025, luego de que la jornada anterior la divisa estadounidense subiera con fuerza,\u00a0tras el <a href=\"https:\/\/darkgoldenrod-ibex-179495.hostingersite.com\/dolar-en-colombia-sube-luego-del-impasse-con-eeuu\/\" target=\"_blank\" rel=\"noopener\">impasse diplom\u00e1tico<\/a> entre Colombia y Estados Unidos que deriv\u00f3 en sanciones que finalmente no se ejecutaron.<\/p><p id=\"p622592-m1786-3-1787\" class=\"parrafo\">Tras superada la crisis, la moneda extranjera vuelve a ceder terreno y recorta las ganancias de la jornada del lunes.\u00a0<\/p><p id=\"p622592-m1792-4-1793\" class=\"parrafo\">Seg\u00fan la Bolsa de Valores de Valores (BVC),\u00a0el d\u00f3lar se negocia este martes en un precio promedio de\u00a0 $4.214, es decir, cede 6 pesos frente a la TRM del d\u00eda que es de $4.220.\u00a0<\/p><p id=\"p622592-m1798-5-1799\" class=\"parrafo\">El debilitamiento del d\u00f3lar tanto en Colombia como en los mercados globales se intensific\u00f3 con la llegada de Donald Trump a la presidencia de Estados Unidos.<\/p><p id=\"p622592-m1810-7-1811\" class=\"parrafo\">El regreso de Trump a la Casa Blanca ha estado marcado, entre otras cosas, por sus amenazas arancelarias, lo que, seg\u00fan algunos analistas, podr\u00eda acarrear un alza de la inflaci\u00f3n en la econom\u00eda estadounidense y un cambio restrictivo en la pol\u00edtica de tipos de inter\u00e9s de la Reserva Federal.<\/p><p id=\"p622592-m1816-8-1817\" class=\"parrafo\">De hecho,\u00a0los expertos coinciden en que los primeros pasos del nuevo presidente de Estados Unidos favorecieron, por ahora, un debilitamiento global del d\u00f3lar.<\/p><p id=\"p622592-m1822-9-1823\" class=\"parrafo\">\u00abLa percepci\u00f3n de que su pol\u00edtica m\u00e1s proteccionista (&#8230;) puede ocurrir, pero con limitaciones, acaba llevando a una p\u00e9rdida de fuerza relativa (aunque pueda ser temporal) de la moneda estadounidense\u00bb, dijo a la AFP Felipe Salto, economista jefe de Warren Inversiones.<\/p><\/div><\/div><\/header><\/div><\/div><\/div><\/div><\/div><\/div><\/div><\/div><\/div><\/div><\/div><\/div><\/div><p><strong>Fuente: <a href=\"https:\/\/www.portafolio.co\/\" target=\"_blank\" rel=\"noopener\">Portafolio<\/a><\/strong><\/p>\t\t\t\t\t\t\t\t<\/div>\n\t\t\t\t\t<\/div>\n\t\t\t\t<\/div>\n\t\t\t\t<\/div>","protected":false},"excerpt":{"rendered":"<p>La moneda estadounidense recorta las ganancias que obtuvo en la jornada anterior, tras la crisis diplom\u00e1tica entre Colombia y EE. UU. El precio del d\u00f3lar se debilita frente al peso colombiano este martes 28 de enero de 2025, luego de que la jornada anterior la divisa estadounidense subiera con fuerza,\u00a0tras el impasse diplom\u00e1tico entre Colombia [&hellip;]<\/p>","protected":false},"author":4,"featured_media":33624,"comment_status":"open","ping_status":"open","sticky":false,"template":"","format":"standard","meta":{"_joinchat":[],"footnotes":""},"categories":[36,35,27],"tags":[],"class_list":["post-33623","post","type-post","status-publish","format-standard","has-post-thumbnail","hentry","category-contabilidad","category-economia-finanzas","category-noticias-acl"],"_links":{"self":[{"href":"https:\/\/aclco.co\/en\/wp-json\/wp\/v2\/posts\/33623","targetHints":{"allow":["GET"]}}],"collection":[{"href":"https:\/\/aclco.co\/en\/wp-json\/wp\/v2\/posts"}],"about":[{"href":"https:\/\/aclco.co\/en\/wp-json\/wp\/v2\/types\/post"}],"author":[{"embeddable":true,"href":"https:\/\/aclco.co\/en\/wp-json\/wp\/v2\/users\/4"}],"replies":[{"embeddable":true,"href":"https:\/\/aclco.co\/en\/wp-json\/wp\/v2\/comments?post=33623"}],"version-history":[{"count":4,"href":"https:\/\/aclco.co\/en\/wp-json\/wp\/v2\/posts\/33623\/revisions"}],"predecessor-version":[{"id":33628,"href":"https:\/\/aclco.co\/en\/wp-json\/wp\/v2\/posts\/33623\/revisions\/33628"}],"wp:featuredmedia":[{"embeddable":true,"href":"https:\/\/aclco.co\/en\/wp-json\/wp\/v2\/media\/33624"}],"wp:attachment":[{"href":"https:\/\/aclco.co\/en\/wp-json\/wp\/v2\/media?parent=33623"}],"wp:term":[{"taxonomy":"category","embeddable":true,"href":"https:\/\/aclco.co\/en\/wp-json\/wp\/v2\/categories?post=33623"},{"taxonomy":"post_tag","embeddable":true,"href":"https:\/\/aclco.co\/en\/wp-json\/wp\/v2\/tags?post=33623"}],"curies":[{"name":"wp","href":"https:\/\/api.w.org\/{rel}","templated":true}]}}