{"id":33629,"date":"2025-01-29T09:36:19","date_gmt":"2025-01-29T14:36:19","guid":{"rendered":"https:\/\/darkgoldenrod-ibex-179495.hostingersite.com\/?p=33629"},"modified":"2025-01-29T09:41:14","modified_gmt":"2025-01-29T14:41:14","slug":"minhacienda-presento-decreto-de-aplazamiento-de-12-billones-del-presupuesto-2025","status":"publish","type":"post","link":"https:\/\/aclco.co\/en\/minhacienda-presento-decreto-de-aplazamiento-de-12-billones-del-presupuesto-2025\/","title":{"rendered":"MinHacienda present\u00f3 decreto de aplazamiento de $12 billones del presupuesto 2025"},"content":{"rendered":"<div data-elementor-type=\"wp-post\" data-elementor-id=\"33629\" class=\"elementor elementor-33629\" data-elementor-post-type=\"post\">\n\t\t\t\t<div class=\"elementor-element elementor-element-4fb1ef3 e-flex e-con-boxed e-con e-parent\" data-id=\"4fb1ef3\" data-element_type=\"container\" data-e-type=\"container\">\n\t\t\t\t\t<div class=\"e-con-inner\">\n\t\t\t\t<div class=\"elementor-element elementor-element-e2d721e elementor-widget elementor-widget-text-editor\" data-id=\"e2d721e\" data-element_type=\"widget\" data-e-type=\"widget\" data-widget_type=\"text-editor.default\">\n\t\t\t\t\t\t\t\t\t<div class=\"article-top container_col\"><div id=\"p619554-m392-4-393\" class=\"highlighted\"><div class=\"article-top container_col\"><div class=\"article-top container_col\"><div class=\"article-top container_col\"><div class=\"article-top container_col\"><div class=\"article-top container_col\"><div class=\"article-top container_col\"><div class=\"article-top container_col\"><div class=\"article-top container_col\"><div class=\"article-top container_col\"><div class=\"article-top container_col\"><div class=\"article-top container_col\"><header><div class=\"article-top container_col\"><div class=\"article-top container_col\"><h5 id=\"p622592-m1822-9-1823\" class=\"parrafo\"><strong>Se hab\u00edan tenido en cuenta $12 billones contingentes porque depend\u00edan de la aprobaci\u00f3n de la reforma tributaria el a\u00f1o pasado.<\/strong><\/h5><p>El <a href=\"https:\/\/darkgoldenrod-ibex-179495.hostingersite.com\/ministerio-de-hacienda-preve-que-el-salario-minimo-para\/\" target=\"_blank\" rel=\"noopener\">Ministerio de Hacienda<\/a> y Cr\u00e9dito P\u00fablico public\u00f3 el decreto de aplazamiento de $12 billones del Presupuesto de 2025 en raz\u00f3n del hundimiento de la reforma tributaria.\u00a0Con ello, el monto a aprobar para este a\u00f1o ser\u00e1 de $511 billones.<\/p><p>La cartera hab\u00eda propuesto un presupuesto de 2025 por $523 billones desde el a\u00f1o pasado.Se hab\u00edan tenido en cuenta $12 billones contingentes porque depend\u00edan de la aprobaci\u00f3n de la reforma tributaria\u00a0(ley de financiamiento) en 2024.<\/p><p>\u00abEvaluadas las proyecciones del presupuesto de rentas y recursos de capital para 2025 por parte del Ministerio de Hacienda y Cr\u00e9dito P\u00fablico,\u00a0los recaudos que se esperan percibir no son suficientes para financiar los gastos fijados en el decreto expedido para la vigencia fiscal 2025\u00bb, detall\u00f3 el ministerio.<\/p><p>Las carteras ministeriales que se tendr\u00e1n que acoger a este recorte presupuestal son el Ministerio de Hacienda con $3,6 billones, el Ministerio del Trabajo con $2,8 billones,\u00a0el Ministerio de Defensa con $0,7 billones y el Ministerio de la Igualdad con $0,66 billones.<\/p><p>La cartera de Trabajo ver\u00e1 el segundo recorte presupuestal m\u00e1s alto entre los ministros mientras que asumir\u00e1 un a\u00f1o decisivo en el Congreso con los debates que le restan a la reforma laboral en la C\u00e1mara de Representantes.\u00a0De concretarse, ser\u00eda una de las victorias legislativas de este Gobierno junto con la pensional.<\/p><p>Otros ministerios que asumir\u00e1n dicho recorte son el Ministerio de Interior con $0,32 billones, el de Vivienda con $0,31 billones y el de Salud con $0,21 billones.\u00a0Esta \u00faltima cartera tambi\u00e9n tendr\u00e1 un grado mayor de incertidumbre este a\u00f1o ya que es otro de los proyectos legislativos del Gobierno que seguir\u00e1 en discusiones este a\u00f1o; en febrero se retomar\u00e1n los debates con 36% del articulado avalado.<\/p><p>La presentaci\u00f3n del recorte en el Presupuesto General de 2025\u00a0se dio en medio del decreto de conmoci\u00f3n interior de Presidencia por la crisis de seguridad que se mantiene en Catatumbo.\u00a0Entre otros puntos, el decreto le permitir\u00e1 al Gobierno &#8216;echar mano&#8217; del presupuesto para este a\u00f1o; por ende, no se descartar\u00edan nuevas modificaciones en este rubro este a\u00f1o.<\/p><p>\u00abClaro, definitivamente la conmoci\u00f3n nos permite mover rubros de un lugar a otro todos esos recursos que entran toca llevarlos al presupuesto como una adici\u00f3n presupuestaria,\u00a0eso es lo que hay que hacer en esa materia\u00bb, adelant\u00f3 Diego Guevara, jefe de la cartera de Hacienda.<\/p><p>Pasando del gabinete ministerial a las entidades estatales, la Agencia Nacional de Infraestructura ser\u00e1 la entidad con el recorte presupuestal m\u00e1s acentuado, con $1,2 billones;\u00a0a esta la seguir\u00e1 el Consejo Nacional Electoral e Inv\u00edas con $0,23 billones.<\/p><p>Uno de los renglones m\u00e1s relevantes en cuanto a los recortes de cara al Presupuesto General de la Naci\u00f3n de 2025 es el recorte,\u00a0tanto en proyectos de infraestructura vial como en la ampliaci\u00f3n de la red de transporte p\u00fablico.<\/p><p>La cartera de Hacienda contempl\u00f3 un recorte de $202.200 millones en la red de infraestructura vial primaria, y\u00a0en ella destacan proyectos como la construcci\u00f3n del T\u00fanel del Toyo en el departamento de Antioquia\u00a0y la carretera Rumichaca que conecta cuatro departamentos del noroccidente colombiano.<\/p><p>De la misma manera, se contemplan recortes a proyectos de transporte p\u00fablico en Bogot\u00e1 y Medell\u00edn con el\u00a0freno al traspaso de recursos al tramo 1 de la Primera L\u00ednea del Metro de Bogot\u00e1 y el Metro Ligero de la 80, en la capital de Antioquia.<\/p><h3>Sistema pensional tambi\u00e9n tendr\u00e1 ajustes<\/h3><p>Poniendo la lupa en los recortes que se vienen en el Ministerio de Trabajo, uno de las carteras que asumir\u00e1 la materializaci\u00f3n de una reforma (en este caso, la laboral), en este sentido,\u00a0resalta el recorte que le har\u00e1n a la financiaci\u00f3n de las pensiones del r\u00e9gimen de prima media con prestaci\u00f3n definida en Colpensiones, bajo la Ley 1151 de 2007.<\/p><p>Sobre esta entidad, recientemente se convirti\u00f3 en una de las administradoras de fondos pensionales como una nueva\u00a0Administradora del Componente Complementario de Ahorro Individual, Accai.<\/p><\/div><\/div><\/header><\/div><\/div><\/div><\/div><\/div><\/div><\/div><\/div><\/div><\/div><\/div><\/div><\/div><p><strong>Fuente: <a href=\"https:\/\/www.larepublica.co\/\" target=\"_blank\" rel=\"noopener\">La Rep\u00fablica<\/a><\/strong><\/p>\t\t\t\t\t\t\t\t<\/div>\n\t\t\t\t\t<\/div>\n\t\t\t\t<\/div>\n\t\t\t\t<\/div>","protected":false},"excerpt":{"rendered":"<p>Se hab\u00edan tenido en cuenta $12 billones contingentes porque depend\u00edan de la aprobaci\u00f3n de la reforma tributaria el a\u00f1o pasado. El Ministerio de Hacienda y Cr\u00e9dito P\u00fablico public\u00f3 el decreto de aplazamiento de $12 billones del Presupuesto de 2025 en raz\u00f3n del hundimiento de la reforma tributaria.\u00a0Con ello, el monto a aprobar para este a\u00f1o [&hellip;]<\/p>","protected":false},"author":4,"featured_media":33630,"comment_status":"open","ping_status":"open","sticky":false,"template":"","format":"standard","meta":{"_joinchat":[],"footnotes":""},"categories":[36,35,27],"tags":[],"class_list":["post-33629","post","type-post","status-publish","format-standard","has-post-thumbnail","hentry","category-contabilidad","category-economia-finanzas","category-noticias-acl"],"_links":{"self":[{"href":"https:\/\/aclco.co\/en\/wp-json\/wp\/v2\/posts\/33629","targetHints":{"allow":["GET"]}}],"collection":[{"href":"https:\/\/aclco.co\/en\/wp-json\/wp\/v2\/posts"}],"about":[{"href":"https:\/\/aclco.co\/en\/wp-json\/wp\/v2\/types\/post"}],"author":[{"embeddable":true,"href":"https:\/\/aclco.co\/en\/wp-json\/wp\/v2\/users\/4"}],"replies":[{"embeddable":true,"href":"https:\/\/aclco.co\/en\/wp-json\/wp\/v2\/comments?post=33629"}],"version-history":[{"count":6,"href":"https:\/\/aclco.co\/en\/wp-json\/wp\/v2\/posts\/33629\/revisions"}],"predecessor-version":[{"id":33636,"href":"https:\/\/aclco.co\/en\/wp-json\/wp\/v2\/posts\/33629\/revisions\/33636"}],"wp:featuredmedia":[{"embeddable":true,"href":"https:\/\/aclco.co\/en\/wp-json\/wp\/v2\/media\/33630"}],"wp:attachment":[{"href":"https:\/\/aclco.co\/en\/wp-json\/wp\/v2\/media?parent=33629"}],"wp:term":[{"taxonomy":"category","embeddable":true,"href":"https:\/\/aclco.co\/en\/wp-json\/wp\/v2\/categories?post=33629"},{"taxonomy":"post_tag","embeddable":true,"href":"https:\/\/aclco.co\/en\/wp-json\/wp\/v2\/tags?post=33629"}],"curies":[{"name":"wp","href":"https:\/\/api.w.org\/{rel}","templated":true}]}}