{"id":33637,"date":"2025-01-30T10:09:33","date_gmt":"2025-01-30T15:09:33","guid":{"rendered":"https:\/\/darkgoldenrod-ibex-179495.hostingersite.com\/?p=33637"},"modified":"2025-01-30T10:18:36","modified_gmt":"2025-01-30T15:18:36","slug":"banco-mundial-pronostica-crecimiento-economico-del-30","status":"publish","type":"post","link":"https:\/\/aclco.co\/en\/banco-mundial-pronostica-crecimiento-economico-del-30\/","title":{"rendered":"Banco Mundial pronostica crecimiento econ\u00f3mico del 3,0% para Colombia en 2025"},"content":{"rendered":"<div data-elementor-type=\"wp-post\" data-elementor-id=\"33637\" class=\"elementor elementor-33637\" data-elementor-post-type=\"post\">\n\t\t\t\t<div class=\"elementor-element elementor-element-4fb1ef3 e-flex e-con-boxed e-con e-parent\" data-id=\"4fb1ef3\" data-element_type=\"container\" data-e-type=\"container\">\n\t\t\t\t\t<div class=\"e-con-inner\">\n\t\t\t\t<div class=\"elementor-element elementor-element-e2d721e elementor-widget elementor-widget-text-editor\" data-id=\"e2d721e\" data-element_type=\"widget\" data-e-type=\"widget\" data-widget_type=\"text-editor.default\">\n\t\t\t\t\t\t\t\t\t<div class=\"article-top container_col\"><div id=\"p619554-m392-4-393\" class=\"highlighted\"><div class=\"article-top container_col\"><div class=\"article-top container_col\"><div class=\"article-top container_col\"><div class=\"article-top container_col\"><div class=\"article-top container_col\"><div class=\"article-top container_col\"><div class=\"article-top container_col\"><div class=\"article-top container_col\"><div class=\"article-top container_col\"><div class=\"article-top container_col\"><div class=\"article-top container_col\"><header><div class=\"article-top container_col\"><div class=\"article-top container_col\"><h5><strong>Se espera que <a href=\"https:\/\/darkgoldenrod-ibex-179495.hostingersite.com\/tras-superar-impasse-con-ee-uu-dolar-en-colombia-regresa-a-las-perdidas\/\" target=\"_blank\" rel=\"noopener\">Colombia<\/a> tenga un crecimiento econ\u00f3mico destacado en la regi\u00f3n, con un 3,0% en 2025 y un 2,9% en 2026, superando las proyecciones de crecimiento para Am\u00e9rica Latina y el Caribe, seg\u00fan el informe de Perspectivas Econ\u00f3micas Mundiales del Banco Mundial.<\/strong><\/h5><p dir=\"ltr\">En su m\u00e1s reciente informe de Perspectivas Econ\u00f3micas Mundiales del Banco Mundial, evidencia en Am\u00e9rica Latina y el Caribe una recuperaci\u00f3n econ\u00f3mica en 2025 y 2026, despu\u00e9s de una desaceleraci\u00f3n en 2024.\u00a0<\/p><p dir=\"ltr\">El crecimiento regional se desaceler\u00f3 al 2,2% en 2024, seg\u00fan la entidad debido a una disminuci\u00f3n del consumo y la inversi\u00f3n.<\/p><p dir=\"ltr\">Sin embargo, el informe presentado por el Banco Mundial menciona que, para 2025 se espera que el crecimiento econ\u00f3mico de la regi\u00f3n se acelere hasta un 2,5%, y en 2026 hasta un 2,6%. Impulsado por la recuperaci\u00f3n del consumo y la inversi\u00f3n privados, as\u00ed como por la mejora en el control de la inflaci\u00f3n.<\/p><p dir=\"ltr\">En cuanto a Colombia espec\u00edficamente el informe detalla que se espera que el crecimiento econ\u00f3mico sea del 3,0% en 2025, impulsado por la recuperaci\u00f3n del consumo y la inversi\u00f3n privada, y trabajando en la mejora en el control de la inflaci\u00f3n. Para 2026, se espera que el crecimiento econ\u00f3mico de Colombia sea del 2,9%.<\/p><p dir=\"ltr\">Es importante destacar que estos pron\u00f3sticos est\u00e1n sujetos a riesgos, como la inestabilidad fiscal, la persistencia de la inflaci\u00f3n y el endurecimiento de las pol\u00edticas monetarias. Adem\u00e1s, el escaso crecimiento de China podr\u00eda reducir la demanda de productos b\u00e1sicos, lo que podr\u00eda afectar negativamente a algunos pa\u00edses de la regi\u00f3n.<\/p><\/div><\/div><\/header><\/div><\/div><\/div><\/div><\/div><\/div><\/div><\/div><\/div><\/div><\/div><\/div><\/div><p><strong>Fuente: <a href=\"https:\/\/www.radionacional.co\/\" target=\"_blank\" rel=\"noopener\">Radio Nacional<\/a><\/strong><\/p>\t\t\t\t\t\t\t\t<\/div>\n\t\t\t\t\t<\/div>\n\t\t\t\t<\/div>\n\t\t\t\t<\/div>","protected":false},"excerpt":{"rendered":"<p>Se espera que Colombia tenga un crecimiento econ\u00f3mico destacado en la regi\u00f3n, con un 3,0% en 2025 y un 2,9% en 2026, superando las proyecciones de crecimiento para Am\u00e9rica Latina y el Caribe, seg\u00fan el informe de Perspectivas Econ\u00f3micas Mundiales del Banco Mundial. En su m\u00e1s reciente informe de Perspectivas Econ\u00f3micas Mundiales del Banco Mundial, [&hellip;]<\/p>","protected":false},"author":4,"featured_media":33638,"comment_status":"open","ping_status":"open","sticky":false,"template":"","format":"standard","meta":{"_joinchat":[],"footnotes":""},"categories":[36,35,27],"tags":[],"class_list":["post-33637","post","type-post","status-publish","format-standard","has-post-thumbnail","hentry","category-contabilidad","category-economia-finanzas","category-noticias-acl"],"_links":{"self":[{"href":"https:\/\/aclco.co\/en\/wp-json\/wp\/v2\/posts\/33637","targetHints":{"allow":["GET"]}}],"collection":[{"href":"https:\/\/aclco.co\/en\/wp-json\/wp\/v2\/posts"}],"about":[{"href":"https:\/\/aclco.co\/en\/wp-json\/wp\/v2\/types\/post"}],"author":[{"embeddable":true,"href":"https:\/\/aclco.co\/en\/wp-json\/wp\/v2\/users\/4"}],"replies":[{"embeddable":true,"href":"https:\/\/aclco.co\/en\/wp-json\/wp\/v2\/comments?post=33637"}],"version-history":[{"count":4,"href":"https:\/\/aclco.co\/en\/wp-json\/wp\/v2\/posts\/33637\/revisions"}],"predecessor-version":[{"id":33643,"href":"https:\/\/aclco.co\/en\/wp-json\/wp\/v2\/posts\/33637\/revisions\/33643"}],"wp:featuredmedia":[{"embeddable":true,"href":"https:\/\/aclco.co\/en\/wp-json\/wp\/v2\/media\/33638"}],"wp:attachment":[{"href":"https:\/\/aclco.co\/en\/wp-json\/wp\/v2\/media?parent=33637"}],"wp:term":[{"taxonomy":"category","embeddable":true,"href":"https:\/\/aclco.co\/en\/wp-json\/wp\/v2\/categories?post=33637"},{"taxonomy":"post_tag","embeddable":true,"href":"https:\/\/aclco.co\/en\/wp-json\/wp\/v2\/tags?post=33637"}],"curies":[{"name":"wp","href":"https:\/\/api.w.org\/{rel}","templated":true}]}}