{"id":33687,"date":"2025-02-24T09:55:16","date_gmt":"2025-02-24T14:55:16","guid":{"rendered":"https:\/\/darkgoldenrod-ibex-179495.hostingersite.com\/?p=33687"},"modified":"2025-02-24T10:00:56","modified_gmt":"2025-02-24T15:00:56","slug":"requisitos-para-descuentos-en-la-declaracion-de-renta","status":"publish","type":"post","link":"https:\/\/aclco.co\/en\/requisitos-para-descuentos-en-la-declaracion-de-renta\/","title":{"rendered":"Requisitos para descuentos en la declaraci\u00f3n de renta 2024"},"content":{"rendered":"<div data-elementor-type=\"wp-post\" data-elementor-id=\"33687\" class=\"elementor elementor-33687\" data-elementor-post-type=\"post\">\n\t\t\t\t<div class=\"elementor-element elementor-element-4fb1ef3 e-flex e-con-boxed e-con e-parent\" data-id=\"4fb1ef3\" data-element_type=\"container\" data-e-type=\"container\">\n\t\t\t\t\t<div class=\"e-con-inner\">\n\t\t\t\t<div class=\"elementor-element elementor-element-e2d721e elementor-widget elementor-widget-text-editor\" data-id=\"e2d721e\" data-element_type=\"widget\" data-e-type=\"widget\" data-widget_type=\"text-editor.default\">\n\t\t\t\t\t\t\t\t\t<div class=\"article-top container_col\"><div id=\"p619554-m392-4-393\" class=\"highlighted\"><div class=\"article-top container_col\"><div class=\"article-top container_col\"><div class=\"article-top container_col\"><div class=\"article-top container_col\"><div class=\"article-top container_col\"><div class=\"article-top container_col\"><div class=\"article-top container_col\"><div class=\"article-top container_col\"><div class=\"article-top container_col\"><div class=\"article-top container_col\"><div class=\"article-top container_col\"><header><div class=\"article-top container_col\"><div class=\"article-top container_col\"><div class=\"article-top container_col\"><div class=\"article-top container_col\"><div class=\"article-top container_col\"><h5 id=\"p624426-m190-1-191\" class=\"epigraph regular_lead1\"><strong>Esta rebaja se hace sobre el valor de las compras de bienes y servicios, si y solo si este no supera el tope de las 240 UVT.<\/strong><\/h5><p>La\u00a0legislaci\u00f3n tributaria en Colombia\u00a0permite que las persona que pidan\u00a0f<a href=\"https:\/\/darkgoldenrod-ibex-179495.hostingersite.com\/facturacion-electronica-cambio-que-pone-en-riesgo\/\" target=\"_blank\" rel=\"noopener\">actura electr\u00f3nica<\/a>\u00a0en sus compras o servicios tengan la posibilidad de acceder a un descuento del 1% en sus adquisiciones, lo que se ver\u00e1 reflejado en una reducci\u00f3n en el impuesto de renta para este a\u00f1o.<\/p><p>De acuerdo con la\u00a0Direcci\u00f3n de Impuestos y Aduanas Nacionales (Dian), todos los contribuyentes que deban presentar declaraci\u00f3n de renta como personas naturales pueden aplicar a una rebaja del 1%.<\/p><p>Cabe decir que este beneficio fue establecido por la\u00a0Ley 2277 de 2022, y tiene como objetivo motivar la emisi\u00f3n de la facturaci\u00f3n electr\u00f3nica.<\/p><div id=\"p624426-m246-5-247\" class=\"highlighted\"><h5 id=\"m251-250-252\" class=\"tiemposBold3\"><strong>El descuento<\/strong><\/h5><\/div><p id=\"p624426-m258-6-259\" class=\"parrafo\">Esta rebaja\u00a0es del 1% sobre el valor de las compras de bienes y servicios, si y solo si este no supera el tope de las\u00a0240 unidades de valor tributario (UVT), es decir,\u00a011&#8217;295.600 pesos para el a\u00f1o gravable 2025. Esto quiere decir que si el contribuyente realiz\u00f3 compras por este monto, podr\u00eda reducir el impuesto de renta en hasta 112.956 pesos.<\/p><p id=\"p624426-m258-6-259\" class=\"parrafo\">As\u00ed mismo, la entidad aclara que\u00a0esta reducci\u00f3n aplica as\u00ed las compras est\u00e9n relacionadas con la actividad productiva de renta del contribuyente.<\/p><div id=\"p624426-m264-7-265\" class=\"highlighted\"><h5 id=\"m269-268-270\" class=\"tiemposBold3\"><strong>Requisitos<\/strong><\/h5><\/div><p id=\"p624426-m276-8-277\" class=\"parrafo\">Para poder acceder a este beneficio, se deben cumplir con las siguientes condiciones:<\/p><ol><li class=\"parrafo\">No haber solicitado la compra como costo en el impuesto sobre la renta ni como tributo descontable en el IVA. Tampoco debe haber sido registrada como ingreso no constitutivo de renta ni ganancia ocasional.<\/li><li class=\"parrafo\">Tener factura electr\u00f3nica v\u00e1lida, donde se identifiquen claramente el nombre, apellidos, NIT o n\u00famero de c\u00e9dula del comprador.<\/li><li class=\"parrafo\">Haber pagado con medios electr\u00f3nicos como tarjeta d\u00e9bito, cr\u00e9dito o cualquier otro sistema supervisado por la Superintendencia Financiera.<\/li><li class=\"parrafo\">Que la factura haya sido emitida por un establecimiento obligado a facturar electr\u00f3nicamente.<\/li><\/ol><\/div><\/div><\/div><\/div><\/div><\/header><\/div><\/div><\/div><\/div><\/div><\/div><\/div><\/div><\/div><\/div><\/div><\/div><\/div><p><strong>Fuente: <a href=\"https:\/\/www.portafolio.co\/\" target=\"_blank\" rel=\"noopener\">Portafolio<\/a><\/strong><\/p>\t\t\t\t\t\t\t\t<\/div>\n\t\t\t\t\t<\/div>\n\t\t\t\t<\/div>\n\t\t\t\t<\/div>","protected":false},"excerpt":{"rendered":"<p>Esta rebaja se hace sobre el valor de las compras de bienes y servicios, si y solo si este no supera el tope de las 240 UVT. La\u00a0legislaci\u00f3n tributaria en Colombia\u00a0permite que las persona que pidan\u00a0factura electr\u00f3nica\u00a0en sus compras o servicios tengan la posibilidad de acceder a un descuento del 1% en sus adquisiciones, lo [&hellip;]<\/p>","protected":false},"author":4,"featured_media":33688,"comment_status":"open","ping_status":"open","sticky":false,"template":"","format":"standard","meta":{"_joinchat":[],"footnotes":""},"categories":[27,36,29],"tags":[],"class_list":["post-33687","post","type-post","status-publish","format-standard","has-post-thumbnail","hentry","category-noticias-acl","category-contabilidad","category-tributario"],"_links":{"self":[{"href":"https:\/\/aclco.co\/en\/wp-json\/wp\/v2\/posts\/33687","targetHints":{"allow":["GET"]}}],"collection":[{"href":"https:\/\/aclco.co\/en\/wp-json\/wp\/v2\/posts"}],"about":[{"href":"https:\/\/aclco.co\/en\/wp-json\/wp\/v2\/types\/post"}],"author":[{"embeddable":true,"href":"https:\/\/aclco.co\/en\/wp-json\/wp\/v2\/users\/4"}],"replies":[{"embeddable":true,"href":"https:\/\/aclco.co\/en\/wp-json\/wp\/v2\/comments?post=33687"}],"version-history":[{"count":4,"href":"https:\/\/aclco.co\/en\/wp-json\/wp\/v2\/posts\/33687\/revisions"}],"predecessor-version":[{"id":33692,"href":"https:\/\/aclco.co\/en\/wp-json\/wp\/v2\/posts\/33687\/revisions\/33692"}],"wp:featuredmedia":[{"embeddable":true,"href":"https:\/\/aclco.co\/en\/wp-json\/wp\/v2\/media\/33688"}],"wp:attachment":[{"href":"https:\/\/aclco.co\/en\/wp-json\/wp\/v2\/media?parent=33687"}],"wp:term":[{"taxonomy":"category","embeddable":true,"href":"https:\/\/aclco.co\/en\/wp-json\/wp\/v2\/categories?post=33687"},{"taxonomy":"post_tag","embeddable":true,"href":"https:\/\/aclco.co\/en\/wp-json\/wp\/v2\/tags?post=33687"}],"curies":[{"name":"wp","href":"https:\/\/api.w.org\/{rel}","templated":true}]}}