{"id":33693,"date":"2025-02-28T10:17:19","date_gmt":"2025-02-28T15:17:19","guid":{"rendered":"https:\/\/darkgoldenrod-ibex-179495.hostingersite.com\/?p=33693"},"modified":"2025-02-28T10:50:19","modified_gmt":"2025-02-28T15:50:19","slug":"la-dian-evaluaria-mantener-la-carga-tributaria-estable-bajo-esta-condicion","status":"publish","type":"post","link":"https:\/\/aclco.co\/en\/la-dian-evaluaria-mantener-la-carga-tributaria-estable-bajo-esta-condicion\/","title":{"rendered":"La DIAN evaluar\u00eda mantener la carga tributaria estable bajo esta condici\u00f3n"},"content":{"rendered":"<div data-elementor-type=\"wp-post\" data-elementor-id=\"33693\" class=\"elementor elementor-33693\" data-elementor-post-type=\"post\">\n\t\t\t\t<div class=\"elementor-element elementor-element-4fb1ef3 e-flex e-con-boxed e-con e-parent\" data-id=\"4fb1ef3\" data-element_type=\"container\" data-e-type=\"container\">\n\t\t\t\t\t<div class=\"e-con-inner\">\n\t\t\t\t<div class=\"elementor-element elementor-element-e2d721e elementor-widget elementor-widget-text-editor\" data-id=\"e2d721e\" data-element_type=\"widget\" data-e-type=\"widget\" data-widget_type=\"text-editor.default\">\n\t\t\t\t\t\t\t\t\t<div class=\"article-top container_col\"><div id=\"p619554-m392-4-393\" class=\"highlighted\"><div class=\"article-top container_col\"><div class=\"article-top container_col\"><div class=\"article-top container_col\"><div class=\"article-top container_col\"><div class=\"article-top container_col\"><div class=\"article-top container_col\"><div class=\"article-top container_col\"><div class=\"article-top container_col\"><div class=\"article-top container_col\"><div class=\"article-top container_col\"><div class=\"article-top container_col\"><header><div class=\"article-top container_col\"><div class=\"article-top container_col\"><div class=\"article-top container_col\"><div class=\"article-top container_col\"><div class=\"article-top container_col\"><h5><strong>Para el director (e) de la entidad, Luis Eduardo Llin\u00e1s, es necesario fortalecer los controles tributarios y aduaneros.<\/strong><\/h5><p>Entre las discusiones sobre el futuro econ\u00f3mico de Colombia, y ante las dificultades que hay en el pa\u00eds con el recaudo tributario y la ejecuci\u00f3n del Presupuesto General de la Naci\u00f3n (PGN), el director encargado de la <a href=\"https:\/\/darkgoldenrod-ibex-179495.hostingersite.com\/dian-propone-ajustes-a-la-facturacion-electronica-para-empresas-de-servicios-publicos\/\" target=\"_blank\" rel=\"noopener\">Direcci\u00f3n de Impuestos y Aduanas Nacionales (Dian)<\/a>, Luis Eduardo Llin\u00e1s, plante\u00f3 una visi\u00f3n clara: no es necesario establecer m\u00e1s impuestos, sino fortalecer los controles tributarios y aduaneros.<\/p><p>En un evento celebrado en Buenaventura, uno de los principales puertos del pa\u00eds, el funcionario destac\u00f3 la urgencia de modernizar las aduanas para impulsar el comercio exterior y el desarrollo econ\u00f3mico del pa\u00eds. Llin\u00e1s resalt\u00f3 que este fortalecimiento es clave para combatir problem\u00e1ticas como el contrabando.<\/p><p>\u201cEstamos en un proceso de modernizaci\u00f3n y buscamos transformar el funcionamiento de las aduanas, no solo en Buenaventura, sino en todo el pa\u00eds\u201d,\u00a0recalc\u00f3 el funcionario. Adem\u00e1s, dej\u00f3 claro que este esfuerzo no se limita al Gobierno nacional, sino que requiere la colaboraci\u00f3n de todos los actores econ\u00f3micos, incluido el sector privado.<\/p><h5><strong>Colombia necesita aduanas y puertos de nivel competitivo<\/strong><\/h5><p>De igual manera, Llin\u00e1s enfatiz\u00f3 en que las aduanas son un eslab\u00f3n muy importante para mejorar los ingresos nacionales: \u201cNecesitamos aduanas modernas, pero tambi\u00e9n puertos modernos, necesitamos desarrollar el pa\u00eds\u201d. Para \u00e9l, se trata de una transformaci\u00f3n urgente y estrat\u00e9gica con medidas pr\u00e1cticas que permitan mejorar tanto la infraestructura como la eficiencia de los procesos.<\/p><p class=\"paragraph\" data-mrf-recirculation=\"Links inline\">Asimismo, se\u00f1al\u00f3 que esta modernizaci\u00f3n no solo mejorar\u00e1 la competitividad nacional, sino tambi\u00e9n la seguridad y transparencia en las actividades comerciales.<\/p><p class=\"paragraph\" data-mrf-recirculation=\"Links inline\">Puntualiz\u00f3 en que\u00a0fortalecer los controles en las zonas de frontera, otras aduanas del pa\u00eds y puntos neur\u00e1lgicos del comercio exterior reducir\u00e1 actividades ilegales\u00a0y ser\u00e1 una alternativa para aumentar los ingresos, sin imponer mayores cargas tributarias a los ciudadanos ni empresas.<\/p><div class=\"headline-wrapper\"><h5 class=\"header headline-class-h2\"><strong>Coordinaci\u00f3n p\u00fablico-privada como pilar del desarrollo<\/strong><\/h5><\/div><p class=\"paragraph\" data-mrf-recirculation=\"Links inline\">Uno de los puntos destacados en el evento llevado a cabo en Buenaventura fue el llamado a una cooperaci\u00f3n integral entre el Estado y el sector privado.<\/p><p class=\"paragraph\" data-mrf-recirculation=\"Links inline\">\u201cPor aqu\u00ed entra y sale todo lo que es la riqueza de Colombia, de nuestro comercio, y es necesario que entre todos lo hagamos. Solos no vamos a poder\u201d, manifest\u00f3. Con esta declaraci\u00f3n, el director (e) de la Dian dej\u00f3 claro que\u00a0la instituci\u00f3n se concibe como un facilitador del comercio internacional y un instrumento esencial para la agilizaci\u00f3n de los procesos econ\u00f3micos.<\/p><p class=\"paragraph\" data-mrf-recirculation=\"Links inline\">Para respaldar esta estrategia, la Dian desarrolla un programa de modernizaci\u00f3n que incluye, entre otras propuestas, digitalizaci\u00f3n de procesos y revisi\u00f3n de infraestructura portuaria en puntos estrat\u00e9gicos de comercio, como el puerto de Buenaventura. Al respecto, el funcionario dijo que este tipo de coordinaci\u00f3n reduce las tareas burocr\u00e1ticas e incentiva un comercio m\u00e1s \u00e1gil y competitivo.<\/p><div class=\"headline-wrapper\"><h5 class=\"header headline-class-h2\"><strong>Menos impuestos, m\u00e1s control<\/strong><\/h5><\/div><p class=\"paragraph\" data-mrf-recirculation=\"Links inline\">Por otro lado, el nuevo enfoque de la Dian es destacable por alejarse de los debates tradicionales sobre la necesidad de nuevas reformas tributarias en Colombia. Luis Eduardo Llin\u00e1s destac\u00f3 que\u00a0el Gobierno, en conjunto con el Ministerio de Hacienda, aboga por impulsar el desarrollo econ\u00f3mico sin incrementar los impuestos.<\/p><p class=\"paragraph\" data-mrf-recirculation=\"Links inline\">\u201cLa clave no est\u00e1 en aumentar los impuestos, sino en reforzar los controles aduaneros para garantizar mayor eficiencia y transparencia en las operaciones\u201d, agreg\u00f3 al mostrar una postura alejada de gravar a\u00fan m\u00e1s a los contribuyentes.<\/p><p class=\"paragraph\" data-mrf-recirculation=\"Links inline\">Y tambi\u00e9n aclar\u00f3 que se busca mejorar los ingresos a la Naci\u00f3n por medio de un sistema aduanero renovado, acompa\u00f1ado de procesos de fiscalizaci\u00f3n m\u00e1s estrictos. Para \u00e9l,\u00a0esta estrategia permitir\u00e1 resolver problemas estructurales como el contrabando y las irregularidades en las operaciones comerciales, favoreciendo no solo a los ciudadanos, sino tambi\u00e9n a las empresas que buscan expandirse en los mercados internacionales.<\/p><\/div><\/div><\/div><\/div><\/div><\/header><\/div><\/div><\/div><\/div><\/div><\/div><\/div><\/div><\/div><\/div><\/div><\/div><\/div><p><strong>Fuente: <a href=\"https:\/\/www.infobae.com\/\" target=\"_blank\" rel=\"noopener\">Infobae<\/a><\/strong><\/p>\t\t\t\t\t\t\t\t<\/div>\n\t\t\t\t\t<\/div>\n\t\t\t\t<\/div>\n\t\t\t\t<\/div>","protected":false},"excerpt":{"rendered":"<p>Para el director (e) de la entidad, Luis Eduardo Llin\u00e1s, es necesario fortalecer los controles tributarios y aduaneros. Entre las discusiones sobre el futuro econ\u00f3mico de Colombia, y ante las dificultades que hay en el pa\u00eds con el recaudo tributario y la ejecuci\u00f3n del Presupuesto General de la Naci\u00f3n (PGN), el director encargado de la [&hellip;]<\/p>","protected":false},"author":4,"featured_media":33695,"comment_status":"open","ping_status":"open","sticky":false,"template":"","format":"standard","meta":{"_joinchat":[],"footnotes":""},"categories":[27,36,29],"tags":[],"class_list":["post-33693","post","type-post","status-publish","format-standard","has-post-thumbnail","hentry","category-noticias-acl","category-contabilidad","category-tributario"],"_links":{"self":[{"href":"https:\/\/aclco.co\/en\/wp-json\/wp\/v2\/posts\/33693","targetHints":{"allow":["GET"]}}],"collection":[{"href":"https:\/\/aclco.co\/en\/wp-json\/wp\/v2\/posts"}],"about":[{"href":"https:\/\/aclco.co\/en\/wp-json\/wp\/v2\/types\/post"}],"author":[{"embeddable":true,"href":"https:\/\/aclco.co\/en\/wp-json\/wp\/v2\/users\/4"}],"replies":[{"embeddable":true,"href":"https:\/\/aclco.co\/en\/wp-json\/wp\/v2\/comments?post=33693"}],"version-history":[{"count":7,"href":"https:\/\/aclco.co\/en\/wp-json\/wp\/v2\/posts\/33693\/revisions"}],"predecessor-version":[{"id":33703,"href":"https:\/\/aclco.co\/en\/wp-json\/wp\/v2\/posts\/33693\/revisions\/33703"}],"wp:featuredmedia":[{"embeddable":true,"href":"https:\/\/aclco.co\/en\/wp-json\/wp\/v2\/media\/33695"}],"wp:attachment":[{"href":"https:\/\/aclco.co\/en\/wp-json\/wp\/v2\/media?parent=33693"}],"wp:term":[{"taxonomy":"category","embeddable":true,"href":"https:\/\/aclco.co\/en\/wp-json\/wp\/v2\/categories?post=33693"},{"taxonomy":"post_tag","embeddable":true,"href":"https:\/\/aclco.co\/en\/wp-json\/wp\/v2\/tags?post=33693"}],"curies":[{"name":"wp","href":"https:\/\/api.w.org\/{rel}","templated":true}]}}