{"id":33725,"date":"2025-03-14T11:46:08","date_gmt":"2025-03-14T16:46:08","guid":{"rendered":"https:\/\/darkgoldenrod-ibex-179495.hostingersite.com\/?p=33725"},"modified":"2025-03-14T11:59:02","modified_gmt":"2025-03-14T16:59:02","slug":"deducciones-salariales-por-inasistencia-injustificada-lo-que-establece-la-ley","status":"publish","type":"post","link":"https:\/\/aclco.co\/en\/deducciones-salariales-por-inasistencia-injustificada-lo-que-establece-la-ley\/","title":{"rendered":"Deducciones salariales por inasistencia injustificada: lo que establece la ley"},"content":{"rendered":"<div data-elementor-type=\"wp-post\" data-elementor-id=\"33725\" class=\"elementor elementor-33725\" data-elementor-post-type=\"post\">\n\t\t\t\t<div class=\"elementor-element elementor-element-4fb1ef3 e-flex e-con-boxed e-con e-parent\" data-id=\"4fb1ef3\" data-element_type=\"container\" data-e-type=\"container\">\n\t\t\t\t\t<div class=\"e-con-inner\">\n\t\t\t\t<div class=\"elementor-element elementor-element-e2d721e elementor-widget elementor-widget-text-editor\" data-id=\"e2d721e\" data-element_type=\"widget\" data-e-type=\"widget\" data-widget_type=\"text-editor.default\">\n\t\t\t\t\t\t\t\t\t<div class=\"article-top container_col\"><div id=\"p619554-m392-4-393\" class=\"highlighted\"><div class=\"article-top container_col\"><div class=\"article-top container_col\"><div class=\"article-top container_col\"><div class=\"article-top container_col\"><div class=\"article-top container_col\"><div class=\"article-top container_col\"><div class=\"article-top container_col\"><div class=\"article-top container_col\"><div class=\"article-top container_col\"><div class=\"article-top container_col\"><div class=\"article-top container_col\"><header><div class=\"article-top container_col\"><div class=\"article-top container_col\"><div class=\"article-top container_col\"><div class=\"article-top container_col\"><div class=\"article-top container_col\"><div class=\"article-top container_col\"><div><div class=\"paragraph\"><h5><strong>Consecuencias legales de faltar al trabajo sin justificaci\u00f3n<\/strong><\/h5><p>Es importante considerar las implicaciones legales antes de ausentarse del trabajo sin una justificaci\u00f3n v\u00e1lida. Un empleador puede tomar medidas que van desde la deducci\u00f3n de un porcentaje del <a href=\"https:\/\/darkgoldenrod-ibex-179495.hostingersite.com\/salario-minimo-2025-que-trabajadores-no-lo-recibiran\/\" target=\"_blank\" rel=\"noopener\">salario<\/a> diario hasta la posible imposici\u00f3n de sanciones disciplinarias.<\/p><p>De acuerdo con el C\u00f3digo Sustantivo del Trabajo, las \u00fanicas ausencias justificadas incluyen licencias de maternidad o paternidad, licencias por duelo e incapacidades m\u00e9dicas. Cualquier otra inasistencia sin la debida autorizaci\u00f3n podr\u00eda constituir una falta grave, dependiendo de lo establecido en el contrato laboral.<\/p><p>El art\u00edculo 113 del C\u00f3digo Sustantivo del Trabajo se\u00f1ala que las multas por inasistencias injustificadas no pueden superar la quinta parte del salario de un d\u00eda, estableciendo que su \u00fanico destino debe ser la entrega de incentivos o beneficios para los trabajadores de la empresa.<\/p><p>Para 2025, el salario m\u00ednimo diario en Colombia es de $47.450, por lo que una inasistencia injustificada podr\u00eda implicar un descuento de $9.490 para quienes perciben el salario m\u00ednimo.<\/p><p>Adicionalmente, el art\u00edculo 60 del mismo c\u00f3digo establece que faltar al trabajo sin justa causa ni autorizaci\u00f3n del empleador puede ser motivo de terminaci\u00f3n del contrato por justa causa, salvo en casos espec\u00edficos como una huelga legalmente declarada. No obstante, este art\u00edculo no contempla la imposici\u00f3n de multas econ\u00f3micas por dichas ausencias.<\/p><p>Por lo tanto, es fundamental conocer y respetar la normativa laboral para evitar consecuencias que puedan afectar la estabilidad y continuidad del v\u00ednculo laboral.<\/p><\/div><\/div><p><strong>Fuente: <a href=\"https:\/\/www.eltiempo.com\/\" target=\"_blank\" rel=\"noopener\">El Tiempo<\/a><\/strong><\/p><\/div><\/div><\/div><\/div><\/div><\/div><\/header><\/div><\/div><\/div><\/div><\/div><\/div><\/div><\/div><\/div><\/div><\/div><\/div><\/div>\t\t\t\t\t\t\t\t<\/div>\n\t\t\t\t\t<\/div>\n\t\t\t\t<\/div>\n\t\t\t\t<\/div>","protected":false},"excerpt":{"rendered":"<p>Consecuencias legales de faltar al trabajo sin justificaci\u00f3n Es importante considerar las implicaciones legales antes de ausentarse del trabajo sin una justificaci\u00f3n v\u00e1lida. Un empleador puede tomar medidas que van desde la deducci\u00f3n de un porcentaje del salario diario hasta la posible imposici\u00f3n de sanciones disciplinarias. De acuerdo con el C\u00f3digo Sustantivo del Trabajo, las [&hellip;]<\/p>","protected":false},"author":4,"featured_media":33726,"comment_status":"open","ping_status":"open","sticky":false,"template":"","format":"standard","meta":{"_joinchat":[],"footnotes":""},"categories":[27,36,34],"tags":[],"class_list":["post-33725","post","type-post","status-publish","format-standard","has-post-thumbnail","hentry","category-noticias-acl","category-contabilidad","category-laboral"],"_links":{"self":[{"href":"https:\/\/aclco.co\/en\/wp-json\/wp\/v2\/posts\/33725","targetHints":{"allow":["GET"]}}],"collection":[{"href":"https:\/\/aclco.co\/en\/wp-json\/wp\/v2\/posts"}],"about":[{"href":"https:\/\/aclco.co\/en\/wp-json\/wp\/v2\/types\/post"}],"author":[{"embeddable":true,"href":"https:\/\/aclco.co\/en\/wp-json\/wp\/v2\/users\/4"}],"replies":[{"embeddable":true,"href":"https:\/\/aclco.co\/en\/wp-json\/wp\/v2\/comments?post=33725"}],"version-history":[{"count":4,"href":"https:\/\/aclco.co\/en\/wp-json\/wp\/v2\/posts\/33725\/revisions"}],"predecessor-version":[{"id":33731,"href":"https:\/\/aclco.co\/en\/wp-json\/wp\/v2\/posts\/33725\/revisions\/33731"}],"wp:featuredmedia":[{"embeddable":true,"href":"https:\/\/aclco.co\/en\/wp-json\/wp\/v2\/media\/33726"}],"wp:attachment":[{"href":"https:\/\/aclco.co\/en\/wp-json\/wp\/v2\/media?parent=33725"}],"wp:term":[{"taxonomy":"category","embeddable":true,"href":"https:\/\/aclco.co\/en\/wp-json\/wp\/v2\/categories?post=33725"},{"taxonomy":"post_tag","embeddable":true,"href":"https:\/\/aclco.co\/en\/wp-json\/wp\/v2\/tags?post=33725"}],"curies":[{"name":"wp","href":"https:\/\/api.w.org\/{rel}","templated":true}]}}