{"id":33849,"date":"2025-05-09T09:36:37","date_gmt":"2025-05-09T14:36:37","guid":{"rendered":"https:\/\/darkgoldenrod-ibex-179495.hostingersite.com\/?p=33849"},"modified":"2025-05-09T09:50:59","modified_gmt":"2025-05-09T14:50:59","slug":"autorretencion-en-la-dian-implicaciones-fiscales","status":"publish","type":"post","link":"https:\/\/aclco.co\/en\/autorretencion-en-la-dian-implicaciones-fiscales\/","title":{"rendered":"Autorretenci\u00f3n en la DIAN: implicaciones fiscales y riesgos por saldos a favor"},"content":{"rendered":"<div data-elementor-type=\"wp-post\" data-elementor-id=\"33849\" class=\"elementor elementor-33849\" data-elementor-post-type=\"post\">\n\t\t\t\t<div class=\"elementor-element elementor-element-4fb1ef3 e-flex e-con-boxed e-con e-parent\" data-id=\"4fb1ef3\" data-element_type=\"container\" data-e-type=\"container\">\n\t\t\t\t\t<div class=\"e-con-inner\">\n\t\t\t\t<div class=\"elementor-element elementor-element-e2d721e elementor-widget elementor-widget-text-editor\" data-id=\"e2d721e\" data-element_type=\"widget\" data-e-type=\"widget\" data-widget_type=\"text-editor.default\">\n\t\t\t\t\t\t\t\t\t<div class=\"article-top container_col\"><div id=\"p619554-m392-4-393\" class=\"highlighted\"><div class=\"article-top container_col\"><div class=\"article-top container_col\"><div class=\"article-top container_col\"><div class=\"article-top container_col\"><div class=\"article-top container_col\"><div class=\"article-top container_col\"><div class=\"article-top container_col\"><div class=\"article-top container_col\"><div class=\"article-top container_col\"><div class=\"article-top container_col\"><div class=\"article-top container_col\"><header><div class=\"article-top container_col\"><div class=\"article-top container_col\"><div class=\"article-top container_col\"><div class=\"article-top container_col\"><div class=\"article-top container_col\"><div class=\"article-top container_col\"><div class=\"paragraph\"><div class=\"article-top container_col\"><div class=\"article-top container_col\"><div class=\"article-top container_col\"><h5 id=\"p629679-m545-1-546\" class=\"epigraph regular_lead1\"><strong>Expertos tributarios advierten que a futuro se podr\u00edan agravar los problemas de caja y desincentivar la formalizaci\u00f3n empresarial.<\/strong><\/h5><p>Mientras el Ministerio de Hacienda y la Dian avanzan en la delimitaci\u00f3n y ajustes finales del decreto que busca ajustar las tarifas de <a href=\"https:\/\/darkgoldenrod-ibex-179495.hostingersite.com\/esperamos-que-la-autorretencion-genere-738-billones-dian\/\" target=\"_blank\" rel=\"noopener\">autorretenci\u00f3n en la fuente<\/a> a t\u00edtulo del impuesto de renta, en el pa\u00eds sigue el debate, as\u00ed como las preocupaciones de los empresarios y el mercado en general, dado que m\u00e1s all\u00e1 de ser un palo\u00a0en la rueda para el crecimiento econ\u00f3mico, tambi\u00e9n podr\u00eda derivar en serios desaf\u00edos fiscales.<\/p><p id=\"p629679-m569-3-570\" class=\"parrafo\">Dicho de forma simple, esta medida busca adelantar el recaudo fiscal como parte de la estrategia del Gobierno Nacional para afrontar la crisis de liquidez que vive desde el a\u00f1o pasado, pero podr\u00eda acarrear consecuencias indeseadas\u00a0a mediano y largo plazo y dejar una bomba fiscal al sucesor de Gustavo Petro en la Casa de Nari\u00f1o.<\/p><p id=\"p629679-m581-5-582\" class=\"parrafo\">Con el fin de ahondar en las implicaciones que traer\u00e1 un cambio de estos, Portafolio consult\u00f3 a expertos en asuntos tributarios, quienes se\u00f1alaron que si se aplica esta norma, el aumento de saldos a devolver, la p\u00e9rdida de incentivos para formalizarse, una ca\u00edda de la inversi\u00f3n y un posible incumplimiento de las metas de recaudo; son algunos de los riesgos que se tendr\u00edan que enfrentar m\u00e1s adelante.<\/p><p class=\"parrafo\">Camilo Calder\u00f3n, asociado de Baker McKenzie, destaca que el impacto\u00a0m\u00e1s significativo recae sobre el flujo de caja de las empresas y explica que esta medida puede restringir significativamente su liquidez, al obligarlas a adelantar recursos al fisco que, en condiciones normales, estar\u00edan destinados al capital de trabajo o a proyectos de inversi\u00f3n.<\/p><p>\u201cLa restricci\u00f3n de liquidez podr\u00eda obligar a las compa\u00f1\u00edas a recurrir a cr\u00e9ditos de corto plazo para cumplir con sus obligaciones fiscales, incrementando los costos financieros y afectando su capacidad operativa\u201d, indic\u00f3.<\/p><p>Entre tanto, Sof\u00eda Rodr\u00edguez, tambi\u00e9n socia de Baker McKenzie, puso sobre la mesa que para el sector extractivo, especialmente el de carb\u00f3n, gas y petr\u00f3leo, esta situaci\u00f3n es particularmente grave, ya que estos sectores ya enfrentan presiones adicionales\u00a0derivadas de medidas fiscales previas y el contexto de volatilidad en los precios internacionales.<\/p><p>\u201cAunque el objetivo principal parece ser asegurar mayor liquidez inmediata para financiar el presupuesto nacional,con una expectativa de recaudo cercana a $7,3 billones, su implementaci\u00f3n traslada carga financiera al sector privado en un momento de presiones crecientes sobre las finanzas p\u00fablicas\u00bb, resalt\u00f3.<\/p><p>Cabe recordar que el decreto establece un incremento significativo en la autorretenci\u00f3n\u00a0para estos sectores, elevando la tarifa del 3,2% al 5,5% en el caso del carb\u00f3n (un aumento del 72%) y del 5,6% al 7% en el petr\u00f3leo. Aunque el Ministerio de Hacienda argumenta que la medida se basa en el contexto de reactivaci\u00f3n econ\u00f3mica que vive el pa\u00eds, los expertos alertan sobre los riesgos financieros que podr\u00edan derivarse de su implementaci\u00f3n.<\/p><div id=\"p629679-m657-11-658\" class=\"highlighted\"><h5 id=\"m662-661-663\" class=\"tiemposBold3\"><strong>Informalidad y agro<\/strong><\/h5><\/div><p id=\"p629679-m669-12-670\" class=\"parrafo\">Por su parte, Carolina Munar, abogada en Scola Abogados, resalta que adem\u00e1s del sector extractivo, el agro tambi\u00e9n se ver\u00eda impactado, afectando particularmente a los peque\u00f1os productores. En este sentido sostuvo que aunque las tarifas en el sector agropecuario siguen siendo moderadas, su aplicaci\u00f3n podr\u00eda reducir los m\u00e1rgenes de ganancia debido a la fluctuaci\u00f3n de precios y la alta informalidad.<\/p><p class=\"parrafo\">\u00abAunque el sector agropecuario mantiene tarifas moderadas, los cambios propuestos podr\u00edan reducir sus m\u00e1rgenes de ganancia, especialmente en un contexto de precios fluctuantes y m\u00e1rgenes ya ajustados, lo que tambi\u00e9n generar\u00eda afectaciones indirectas en su flujo de caja\u00bb, acot\u00f3.<\/p><p>En cuanto al impacto sobre la inversi\u00f3n, Munar coincide con otros expertos en que esta pol\u00edtica puede desincentivar el emprendimiento y la expansi\u00f3n empresarial, dado que \u201cel aumento de tarifas genera incertidumbre y puede desincentivar la inversi\u00f3n debido a la percepci\u00f3n de mayor riesgo y la inestabilidad de las reglas tributarias\u00bb.<\/p><p>Adem\u00e1s de las industrias extractivas, el proyecto establece tarifas nuevas para cientos\u00a0de actividades econ\u00f3micas, con tasas que oscilan entre el 0,55% y el 4,5%, dependiendo del sector. Esto llevar\u00e1 a que muchas empresas deban reorganizarse y si no se adaptan r\u00e1pidamente, el gobierno podr\u00eda enfrentar un incumplimiento de sus metas de recaudo, afectando la estabilidad fiscal y la percepci\u00f3n de riesgo pa\u00eds.<\/p><p>Desde la perspectiva de Juan Carlos Arbel\u00e1ez Mesa, socio de impuestos y servicios legales de Crowe Colombia, el impacto sobre la liquidez es el aspecto m\u00e1s cr\u00edtico de la medida y en su opini\u00f3n, estas modificaciones no responden a cambios estructurales en la rentabilidad o tributaci\u00f3n efectiva de estos sectores, sino a una expectativa optimista que no refleja la realidad econ\u00f3mica actual.<\/p><p>\u201cLas autorretenciones implican anticipar pagos tributarios mensuales, que representan dinero que deja de estar disponible para capital de trabajo. En sectores como miner\u00eda, energ\u00eda y agroindustria, donde se prev\u00e9n aumentos superiores al 100%, este impacto es especialmente grave\u201d, explic\u00f3.<\/p><div id=\"p629679-m725-18-726\" class=\"highlighted\"><h5 id=\"m730-729-731\" class=\"tiemposBold3\"><strong>Estabilidad y confianza<\/strong><\/h5><\/div><p id=\"p629679-m737-19-738\" class=\"parrafo\">Adem\u00e1s, Arbel\u00e1ez advierte que el aumento de las tarifas podr\u00eda generar un incremento significativo en los saldos a favor, lo que eventualmente obligar\u00e1 a la Dian a realizar devoluciones masivas, generando presiones fiscales en los pr\u00f3ximos a\u00f1os y record\u00f3 que los saldos a favor declarados tras el decreto anterior aumentaron de $25,6 billones en 2022 a $40,5 billones en 2023, una tendencia que podr\u00eda repetirse si el nuevo ajuste entra en vigor.<\/p><p class=\"parrafo\">As\u00ed mismo, en t\u00e9rminos de seguridad jur\u00eddica, Arbel\u00e1ez expresa que las constantes modificaciones tributarias generan desconfianza y afectan la estabilidad de las inversiones a largo plazo y que \u201cla seguridad jur\u00eddica es esencial para promover la inversi\u00f3n privada, y estos cambios abruptos pueden deteriorar la confianza inversionista\u00bb.<\/p><p>De esta forma queda claro que si bien el decreto de autorretenci\u00f3n propuesto por la Dian podr\u00eda resolver temporalmente la falta de liquidez del Estado, esto ser\u00eda a costa de trasladar el problema al sector privado, que deber\u00e1 enfrentar mayores costos financieros, reducci\u00f3n de liquidez y posibles retrocesos en la formalizaci\u00f3n empresarial.<\/p><p>Mientras la norma sigue en construcci\u00f3n, estos expertos coinciden en que, si bien el objetivo del Gobierno es fortalecer el flujo de ingresos, los efectos secundarios podr\u00edan contradecir esta intenci\u00f3n, afectando a sectores clave de la econom\u00eda colombiana.<\/p><\/div><\/div><\/div><div class=\"article-top container_col\"><p><strong>Fuente:<\/strong> <a href=\"https:\/\/www.noticiascaracol.com\/\" target=\"_blank\" rel=\"noopener\">Noticias Caracol<\/a><\/p><\/div><\/div><\/div><\/div><\/div><\/div><\/div><\/div><\/header><\/div><\/div><\/div><\/div><\/div><\/div><\/div><\/div><\/div><\/div><\/div><\/div><\/div>\t\t\t\t\t\t\t\t<\/div>\n\t\t\t\t\t<\/div>\n\t\t\t\t<\/div>\n\t\t\t\t<\/div>","protected":false},"excerpt":{"rendered":"<p>Expertos tributarios advierten que a futuro se podr\u00edan agravar los problemas de caja y desincentivar la formalizaci\u00f3n empresarial. Mientras el Ministerio de Hacienda y la Dian avanzan en la delimitaci\u00f3n y ajustes finales del decreto que busca ajustar las tarifas de autorretenci\u00f3n en la fuente a t\u00edtulo del impuesto de renta, en el pa\u00eds sigue [&hellip;]<\/p>","protected":false},"author":4,"featured_media":33850,"comment_status":"open","ping_status":"open","sticky":false,"template":"","format":"standard","meta":{"_joinchat":[],"footnotes":""},"categories":[27,36,29],"tags":[],"class_list":["post-33849","post","type-post","status-publish","format-standard","has-post-thumbnail","hentry","category-noticias-acl","category-contabilidad","category-tributario"],"_links":{"self":[{"href":"https:\/\/aclco.co\/en\/wp-json\/wp\/v2\/posts\/33849","targetHints":{"allow":["GET"]}}],"collection":[{"href":"https:\/\/aclco.co\/en\/wp-json\/wp\/v2\/posts"}],"about":[{"href":"https:\/\/aclco.co\/en\/wp-json\/wp\/v2\/types\/post"}],"author":[{"embeddable":true,"href":"https:\/\/aclco.co\/en\/wp-json\/wp\/v2\/users\/4"}],"replies":[{"embeddable":true,"href":"https:\/\/aclco.co\/en\/wp-json\/wp\/v2\/comments?post=33849"}],"version-history":[{"count":8,"href":"https:\/\/aclco.co\/en\/wp-json\/wp\/v2\/posts\/33849\/revisions"}],"predecessor-version":[{"id":33858,"href":"https:\/\/aclco.co\/en\/wp-json\/wp\/v2\/posts\/33849\/revisions\/33858"}],"wp:featuredmedia":[{"embeddable":true,"href":"https:\/\/aclco.co\/en\/wp-json\/wp\/v2\/media\/33850"}],"wp:attachment":[{"href":"https:\/\/aclco.co\/en\/wp-json\/wp\/v2\/media?parent=33849"}],"wp:term":[{"taxonomy":"category","embeddable":true,"href":"https:\/\/aclco.co\/en\/wp-json\/wp\/v2\/categories?post=33849"},{"taxonomy":"post_tag","embeddable":true,"href":"https:\/\/aclco.co\/en\/wp-json\/wp\/v2\/tags?post=33849"}],"curies":[{"name":"wp","href":"https:\/\/api.w.org\/{rel}","templated":true}]}}