{"id":33898,"date":"2025-05-26T09:46:45","date_gmt":"2025-05-26T14:46:45","guid":{"rendered":"https:\/\/darkgoldenrod-ibex-179495.hostingersite.com\/?p=33898"},"modified":"2025-05-26T10:02:37","modified_gmt":"2025-05-26T15:02:37","slug":"reforma-laboral-generaria-mayor-presion-sobre-el-deficit-fiscal","status":"publish","type":"post","link":"https:\/\/aclco.co\/en\/reforma-laboral-generaria-mayor-presion-sobre-el-deficit-fiscal\/","title":{"rendered":"Reforma laboral generar\u00eda mayor presi\u00f3n sobre el d\u00e9ficit fiscal"},"content":{"rendered":"<div data-elementor-type=\"wp-post\" data-elementor-id=\"33898\" class=\"elementor elementor-33898\" data-elementor-post-type=\"post\">\n\t\t\t\t<div class=\"elementor-element elementor-element-4fb1ef3 e-flex e-con-boxed e-con e-parent\" data-id=\"4fb1ef3\" data-element_type=\"container\" data-e-type=\"container\">\n\t\t\t\t\t<div class=\"e-con-inner\">\n\t\t\t\t<div class=\"elementor-element elementor-element-e2d721e elementor-widget elementor-widget-text-editor\" data-id=\"e2d721e\" data-element_type=\"widget\" data-e-type=\"widget\" data-widget_type=\"text-editor.default\">\n\t\t\t\t\t\t\t\t\t<div class=\"article-top container_col\"><div id=\"p619554-m392-4-393\" class=\"highlighted\"><div class=\"article-top container_col\"><div class=\"article-top container_col\"><div class=\"article-top container_col\"><div class=\"article-top container_col\"><div class=\"article-top container_col\"><div class=\"article-top container_col\"><div class=\"article-top container_col\"><div class=\"article-top container_col\"><div class=\"article-top container_col\"><div class=\"article-top container_col\"><div class=\"article-top container_col\"><header><div class=\"article-top container_col\"><div class=\"article-top container_col\"><div class=\"article-top container_col\"><div class=\"article-top container_col\"><div class=\"article-top container_col\"><div class=\"article-top container_col\"><div class=\"paragraph\"><div class=\"article-top container_col\"><div class=\"article-top container_col\"><div class=\"article-top container_col\"><div class=\"article-top container_col\"><div class=\"article-top container_col\"><h5><strong>Incremento del gasto p\u00fablico, mayor informalidad y destrucci\u00f3n de casi 500.000 empleos, los impactos que tendr\u00eda el proyecto si se deja como lo present\u00f3 el Gobierno<\/strong><\/h5><p>Hoy se radicar\u00e1 oficialmente la ponencia para el tercer debate de la <a href=\"https:\/\/darkgoldenrod-ibex-179495.hostingersite.com\/reforma-laboral-no-ha-sido-archivada-y-podria-volver\/\" target=\"_blank\" rel=\"noopener\">reforma laboral<\/a>, que presentar\u00e1 algunos cambios, frente al articulado aprobado en la C\u00e1mara de Representantes, luego de escuchar a varios sectores econ\u00f3micos en audiencias p\u00fablicas adelantadas en la Comisi\u00f3n Cuarta.<\/p><p>Aunque la radicaci\u00f3n estaba prevista para el 22 de mayo, por falta de tiempo, y acuerdos, no lo hicieron y por eso se espera hoy este tr\u00e1mite.\u00a0La presidente de la comisi\u00f3n, Ang\u00e9lica Lozano asegur\u00f3 que el retraso no afectar\u00e1 el cronograma que tiene como fecha l\u00edmite, su aprobaci\u00f3n el 30 de mayo.<\/p><p>Si bien el Gobierno resalt\u00f3 la importancia de los cambios que debe tener la normativa laboral, para darle muchos m\u00e1s beneficios y reconocer a los trabajadores sobre todo los que tienen horarios nocturnos, dominicales y festivos,\u00a0tanto empresarios como algunos economistas advierten que este texto tiene gran impacto en las arcas del Estado, que ya se ven presionadas por un d\u00e9ficit fiscal que este a\u00f1o cerrar\u00eda por el orden de 7%.<\/p><p>Pues fue el propio Ministerio de Hacienda el que advirti\u00f3 que hay al menos 20 art\u00edculos que deben ser estudiados, con el fin de determinar su incidencia en las cuentas fiscales, no obstante,\u00a0se\u00f1alaron que esto les competer\u00eda m\u00e1s que todo a entidades espec\u00edficas y no a sectores que es a donde van destinados los recursos del Presupuesto General de la Naci\u00f3n.<\/p><p>Diana Carusso, asesora del ministro de Hacienda, Germ\u00e1n \u00c1vila, dijo\u00a0en el Senado que hay tres art\u00edculos que deben mirar con detenimiento por su posible impacto fiscal.<\/p><p>El primero es el art\u00edculo 21, relacionado con el pago a estudiantes de medicina en internado.\u00a0De acuerdo con el texto de la laboral que pas\u00f3 su tr\u00e1mite en la C\u00e1mara de Representantes tendr\u00eda un costo anual estimado entre $149.466 millones y $233.664 millones.<\/p><p>El exdirector de Presupuesto, Jairo Bautista, record\u00f3 que fue en 2018 cuando se cre\u00f3 un subsidio para los residentes de medicina, por lo que asegur\u00f3 que podr\u00eda ser una extensi\u00f3n del beneficio, al cual el Ministerio de Hacienda le destina un total de $140.000 millones al a\u00f1o.<\/p><p>\u201cNo es una presi\u00f3n de gasto tan importante, el tema es que se hace por cupos dependiendo de la disponibilidad presupuestal que actualmente no tiene una cobertura tan amplia,\u00a0creo que la reforma busca que sea universal y eso me parece un acierto para fortalecer la formaci\u00f3n medida especialmente en un \u00e1rea tan costosa como la medicina\u201d, explic\u00f3.<\/p><p>Otro art\u00edculo nombrado por Carusso fue el 52 en el que se establece ampliar la licencia de paternidad a cuatro semanas, este impactar\u00eda propiamente el presupuesto de salud de la Administradora de los Recursos del Sistema General de Seguridad Social en Salud, Adres.<\/p><p>Bautista resalt\u00f3 que este punto espec\u00edficamente tendr\u00eda un impacto en las cuentas, pero no de manera directa en el Presupuesto General, porque es la Adres la que deber\u00e1 administrar sus recursos para cubrir cada una de las responsabilidades que est\u00e9n contenidas en su presupuesto.\u00a0\u201cHay que saber el alcance y su extensi\u00f3n real en el tiempo, dependen adem\u00e1s de la tasa de natalidad de la poblaci\u00f3n la cual va en descenso\u201d.<\/p><p>El tercer art\u00edculo es el 59, que se refiere a las medidas que elaborar\u00e1 el Gobierno en materia de protecci\u00f3n social para los trabajadores afectados por la transici\u00f3n a la descarbonizaci\u00f3n de la econom\u00eda, es decir que buscan garantizar la continuidad de los empleos y la seguridad social de dichos trabajadores.<\/p><p>Esta es una de las disposiciones a las que se refieren los analistas y empresarios que podr\u00eda aumentar el desempleo, si no se cumple a cabalidad con las medidas que establece el texto.<\/p><h5><strong>Otros impactos fiscales<\/strong><\/h5><p>El director de investigaciones econ\u00f3micas de Corficolombiana, C\u00e9sar Pab\u00f3n, se\u00f1al\u00f3 que hay otros impactos fiscales m\u00e1s relevantes que tendr\u00eda la reforma si se aprueba tal cual como la present\u00f3 el Gobierno Petro, como el endurecimiento de la formalidad, implicaciones en el mercado laboral, y en Gobierno.<\/p><p>Por su parte, Camilo Cuervo, socio &#8211; Holland &amp; Knight, alert\u00f3 tambi\u00e9n de los riesgos en el incremento de la informalidad y en el desempleo, porque no ser\u00eda sostenible mantener ese modelo en sectores que deben operar en horarios nocturnos, dominicales y festivos.<\/p><p>Estas son las principales razones por las que los empresarios pidieron que se modifiquen los porcentajes de recargo, y que se excepcionen varios sectores de estas normas,\u00a0porque de esa manera se podr\u00eda frenar el impacto econ\u00f3mico de la reforma.<\/p><p>El jefe de investigaciones econ\u00f3micas de Banco de Bogot\u00e1, Camilo P\u00e9rez, coincidi\u00f3 con las posturas anteriores, espec\u00edficamente con que el impacto se traduce en un mayor gasto para el Gobierno,\u00a0lo que presionar\u00eda aun m\u00e1s las finanzas p\u00fablicas.<\/p><p>\u201cSi se quiere tener bastantes beneficios y prestaci\u00f3n de servicios p\u00fablicos en general tambi\u00e9n hay que tener en cuenta a la sociedad, hay que hacer que esto sea compatible con los ingresos.\u00a0Es ah\u00ed donde, infortunadamente, no se ha logrado, en particular este a\u00f1o y el a\u00f1o pasado, un buen desempe\u00f1o en materia de recaudo tributario\u201d, alerto P\u00e9rez.<\/p><p>El economista insisti\u00f3 que la mejor opci\u00f3n para que estas propuestas sean viables es que debe haber una consolidaci\u00f3n en los ingresos, porque de lo contrario no es sostenible para la econom\u00eda.<\/p><h5><strong>\u00bfReforma o consulta?<\/strong><\/h5><p>Cuervo dijo que, al haber modificaciones en la reforma laboral, el Gobierno buscar\u00eda impedirla porque no ser\u00eda en esencia como la presentaron inicialmente, por ello alert\u00f3, que es probable que la bancada del Pacto Hist\u00f3rico busque hundir la reforma para que de esta manera siga adelante la consulta popular, que ahora consta de 16 preguntas en las que tambi\u00e9n est\u00e1n incluidas interrogantes para modificar el sector salud.<\/p><p>Esto coincide con la ponencia alternativa que radicar\u00eda hoy la senadora del Pacto Hist\u00f3rico, A\u00edda Avella, que busca revivir los puntos del texto original.<\/p><p>Avella se habr\u00eda apartado de los pactos de la comisi\u00f3n del Senado,\u00a0ya que estar\u00eda en desacuerdo con los cambios que se hicieron tras escuchar las peticiones del tejido empresarial.<\/p><p>En las cuentas de los parlamentarios se espera la aprobaci\u00f3n del proyecto, y que r\u00e1pidamente pase a su tr\u00e1mite en la Plenaria del Senado, ya que contar\u00eda con la mayor\u00eda de los votos de los integrantes de la Comisi\u00f3n.\u00a0Ahora la preocupaci\u00f3n est\u00e1 en si dan los tiempos, antes que se acabe el periodo legislativo, de lo contrario se volver\u00eda a hundir, y tendr\u00eda que comenzar su tr\u00e1mite desde la C\u00e1mara de Representantes.<\/p><p>A la par,\u00a0el Gobierno est\u00e1 presionando para que en menos de un mes se le apruebe la consulta popular, que ya se neg\u00f3 una vez en el legislativo.<\/p><h5><strong>Reforma sigue sin tener cifras de los impactos<\/strong><\/h5><p>Aunque los gremios, expertos y empresarios advierten que hay riesgos e impactos fiscales de este proyecto bandera del presidente Gustavo Petro, argumentan que es dif\u00edcil calcular en cu\u00e1nto se afectar\u00eda el Presupuesto General de la Naci\u00f3n de 2026, que en teor\u00eda es cuando comenzar\u00eda a regir la reforma.\u00a0Desde el Ministerio de Hacienda ya hab\u00edan presentado un aval fiscal, justo cuando el proyecto se hundi\u00f3 en la Comisi\u00f3n S\u00e9ptima del Senado, y detallaba que pese a los incrementos en los costos empresariales, subir\u00eda la productividad, y por ende el recaudo tributario.<\/p><\/div><p><strong>Fuente: <a href=\"https:\/\/www.larepublica.co\/\" target=\"_blank\" rel=\"noopener\">La Rep\u00fablica<\/a><\/strong><\/p><\/div><\/div><\/div><\/div><\/div><\/div><\/div><\/div><\/div><\/div><\/div><\/header><\/div><\/div><\/div><\/div><\/div><\/div><\/div><\/div><\/div><\/div><\/div><\/div><\/div>\t\t\t\t\t\t\t\t<\/div>\n\t\t\t\t\t<\/div>\n\t\t\t\t<\/div>\n\t\t\t\t<\/div>","protected":false},"excerpt":{"rendered":"<p>Incremento del gasto p\u00fablico, mayor informalidad y destrucci\u00f3n de casi 500.000 empleos, los impactos que tendr\u00eda el proyecto si se deja como lo present\u00f3 el Gobierno Hoy se radicar\u00e1 oficialmente la ponencia para el tercer debate de la reforma laboral, que presentar\u00e1 algunos cambios, frente al articulado aprobado en la C\u00e1mara de Representantes, luego de [&hellip;]<\/p>","protected":false},"author":4,"featured_media":33899,"comment_status":"open","ping_status":"open","sticky":false,"template":"","format":"standard","meta":{"_joinchat":[],"footnotes":""},"categories":[27,36,29],"tags":[],"class_list":["post-33898","post","type-post","status-publish","format-standard","has-post-thumbnail","hentry","category-noticias-acl","category-contabilidad","category-tributario"],"_links":{"self":[{"href":"https:\/\/aclco.co\/en\/wp-json\/wp\/v2\/posts\/33898","targetHints":{"allow":["GET"]}}],"collection":[{"href":"https:\/\/aclco.co\/en\/wp-json\/wp\/v2\/posts"}],"about":[{"href":"https:\/\/aclco.co\/en\/wp-json\/wp\/v2\/types\/post"}],"author":[{"embeddable":true,"href":"https:\/\/aclco.co\/en\/wp-json\/wp\/v2\/users\/4"}],"replies":[{"embeddable":true,"href":"https:\/\/aclco.co\/en\/wp-json\/wp\/v2\/comments?post=33898"}],"version-history":[{"count":7,"href":"https:\/\/aclco.co\/en\/wp-json\/wp\/v2\/posts\/33898\/revisions"}],"predecessor-version":[{"id":33906,"href":"https:\/\/aclco.co\/en\/wp-json\/wp\/v2\/posts\/33898\/revisions\/33906"}],"wp:featuredmedia":[{"embeddable":true,"href":"https:\/\/aclco.co\/en\/wp-json\/wp\/v2\/media\/33899"}],"wp:attachment":[{"href":"https:\/\/aclco.co\/en\/wp-json\/wp\/v2\/media?parent=33898"}],"wp:term":[{"taxonomy":"category","embeddable":true,"href":"https:\/\/aclco.co\/en\/wp-json\/wp\/v2\/categories?post=33898"},{"taxonomy":"post_tag","embeddable":true,"href":"https:\/\/aclco.co\/en\/wp-json\/wp\/v2\/tags?post=33898"}],"curies":[{"name":"wp","href":"https:\/\/api.w.org\/{rel}","templated":true}]}}