{"id":33974,"date":"2025-07-04T15:14:22","date_gmt":"2025-07-04T20:14:22","guid":{"rendered":"https:\/\/aclco.co\/?p=33974"},"modified":"2025-07-04T15:23:45","modified_gmt":"2025-07-04T20:23:45","slug":"suspension-de-la-regla-fiscal-impacta-el-dolar","status":"publish","type":"post","link":"https:\/\/aclco.co\/en\/suspension-de-la-regla-fiscal-impacta-el-dolar\/","title":{"rendered":"Suspensi\u00f3n de la regla fiscal impacta el d\u00f3lar, la inversi\u00f3n y la pol\u00edtica monetaria"},"content":{"rendered":"<div data-elementor-type=\"wp-post\" data-elementor-id=\"33974\" class=\"elementor elementor-33974\" data-elementor-post-type=\"post\">\n\t\t\t\t<div class=\"elementor-element elementor-element-4fb1ef3 e-flex e-con-boxed e-con e-parent\" data-id=\"4fb1ef3\" data-element_type=\"container\" data-e-type=\"container\">\n\t\t\t\t\t<div class=\"e-con-inner\">\n\t\t\t\t<div class=\"elementor-element elementor-element-e2d721e elementor-widget elementor-widget-text-editor\" data-id=\"e2d721e\" data-element_type=\"widget\" data-e-type=\"widget\" data-widget_type=\"text-editor.default\">\n\t\t\t\t\t\t\t\t\t<div class=\"article-top container_col\"><div id=\"p619554-m392-4-393\" class=\"highlighted\"><div class=\"article-top container_col\"><div class=\"article-top container_col\"><div class=\"article-top container_col\"><div class=\"article-top container_col\"><div class=\"article-top container_col\"><div class=\"article-top container_col\"><div class=\"article-top container_col\"><div class=\"article-top container_col\"><div class=\"article-top container_col\"><div class=\"article-top container_col\"><div class=\"article-top container_col\"><header><div class=\"article-top container_col\"><div class=\"article-top container_col\"><div class=\"article-top container_col\"><div class=\"article-top container_col\"><div class=\"article-top container_col\"><div class=\"article-top container_col\"><div class=\"paragraph\"><div class=\"article-top container_col\"><div class=\"article-top container_col\"><div class=\"article-top container_col\"><div class=\"article-top container_col\"><div class=\"article-top container_col\"><div class=\"article-top container_col\"><div class=\"article-top container_col\"><section class=\"block-mas-noticias\"><div class=\"mas-noticias-header\"><div class=\"article-top container_col\"><div class=\"article-top container_col\"><div id=\"articulocontenido\" class=\"article-content\"><h5 style=\"font-weight: 400;\"><strong>Seg\u00fan analista, suspensi\u00f3n de la regla fiscal debilita confianza de los mercados y limita capacidad del BanRep para seguir bajando tasas.<\/strong><\/h5><p style=\"font-weight: 400;\">La decisi\u00f3n del gobierno colombiano de\u00a0suspender la regla fiscal para 2025\u00a0genera\u00a0presiones sobre el d\u00f3lar, eleva la\u00a0percepci\u00f3n de riesgo\u00a0y limita el margen de acci\u00f3n del\u00a0Banco de la Rep\u00fablica.<\/p><p style=\"font-weight: 400;\">As\u00ed lo advirti\u00f3\u00a0Felipe Campos, gerente de Estrategia e Inversi\u00f3n de Alianza, quien se\u00f1al\u00f3\u00a0que esta medida puede tener efectos profundos sobre la estabilidad econ\u00f3mica del pa\u00eds.<\/p><p style=\"font-weight: 400;\">\u201cLa suspensi\u00f3n de la regla fiscal\u00a0incrementa el riesgo pa\u00eds\u00a0y afecta la confianza de los inversionistas.\u00a0El d\u00f3lar puede subir porque hay menos confianza y menos flujo de d\u00f3lares\u00a0que vienen a invertir aqu\u00ed\u201d, explic\u00f3.<\/p><p style=\"font-weight: 400;\">Seg\u00fan Campos, el\u00a0Banco de la Rep\u00fablica\u00a0ha sido el principal estabilizador en medio de la incertidumbre.\u00a0\u201cEs muy importante que\u00a0el Banco de la Rep\u00fablica se mantenga bajando tasas moderadamente\u00a0para mantener el atractivo en el peso colombiano\u201d, dijo.<\/p><p style=\"font-weight: 400;\">Sin embargo, advirti\u00f3 que \u201centre m\u00e1s se ha comprometido el tema fiscal, m\u00e1s lento va a ir el Banco de la Rep\u00fablica\u201d,\u00a0ya que el mercado podr\u00eda interpretar una reducci\u00f3n r\u00e1pida de tasas como una se\u00f1al adicional\u00a0de irresponsabilidad institucional.<\/p><p style=\"font-weight: 400;\">Para Campos, uno de los riesgos m\u00e1s inmediatos de suspender la regla fiscal es el deterioro de la percepci\u00f3n de <a href=\"https:\/\/aclco.co\/en\/colombia-alcanzo-una-produccion-de-17-millones-de-toneladas-de-aceite-de-palma-en-2024\/\"><strong>Colombia<\/strong><\/a> en los mercados internacionales,\u00a0lo que podr\u00eda desembocar en una reducci\u00f3n de la calificaci\u00f3n crediticia.<\/p><p style=\"font-weight: 400;\">\u201cLas calificadoras han dado un comp\u00e1s de espera, pero podr\u00edan pronunciarse en el corto plazo.\u00a0Si Fitch o Standard &amp; Poor\u2019s nos bajan al doble B cerrado, entonces ya los TES se arrastran y perder\u00edan el grado de inversi\u00f3n que a\u00fan conservan\u201d, advirti\u00f3. Actualmente, la deuda interna \u2014que representa la mayor parte de la deuda p\u00fablica\u2014 a\u00fan mantiene ese estatus, pero est\u00e1 en riesgo.<\/p><p style=\"font-weight: 400;\">Campos precis\u00f3 que\u00a0esta p\u00e9rdida podr\u00eda provocar una salida obligada de inversionistas\u00a0institucionales. \u201cMuchos inversionistas que tienen restricci\u00f3n de grado de inversi\u00f3n tendr\u00edan que salir del pa\u00eds\u201d, explic\u00f3.<\/p><h5 style=\"font-weight: 400;\"><strong>D\u00e9ficit sin l\u00edmites claros<\/strong><\/h5><p style=\"font-weight: 400;\">Uno de los efectos centrales de no aplicar la regla fiscal es\u00a0la falta de una \u201ccamisa de fuerza\u201d\u00a0para el d\u00e9ficit.<\/p><p style=\"font-weight: 400;\">\u201cEste mismo a\u00f1o\u00a0el d\u00e9ficit puede ser 7,1%,\u00a0como proyecta el gobierno, pero no hay garant\u00eda de que sea 7,1. Puede ser 8, puede ser 9. Si el gobierno no tiene un incentivo, el d\u00e9ficit puede ser cualquier n\u00famero\u201d, se\u00f1al\u00f3 Campos.<\/p><h5 style=\"font-weight: 400;\"><strong>Efectos en inflaci\u00f3n y consumo<\/strong><\/h5><p style=\"font-weight: 400;\">El aumento del d\u00f3lar tambi\u00e9n tiene implicaciones inflacionarias, especialmente a trav\u00e9s de los alimentos. \u201cEl choque de d\u00f3lar afecta muy fuerte a los alimentos\u00a0y por eso afecta a toda la canasta. No es solo en productos transables como electrodom\u00e9sticos; tambi\u00e9n se refleja en el mercado b\u00e1sico\u201d, explic\u00f3.<\/p><p style=\"font-weight: 400;\">Al perder ingresos y enfrentar mayores costos de financiaci\u00f3n, el Estado queda con menos margen para ejecutar programas. \u201cEl gobierno tiene mucho menos dinero y entonces no puede cumplir sus programas. Le toca reducir inversi\u00f3n, le toca cortar forzadamente\u201d, se\u00f1al\u00f3.<\/p><h5 style=\"font-weight: 400;\"><strong>Altas tasas y credibilidad institucional<\/strong><\/h5><p style=\"font-weight: 400;\">Seg\u00fan Campos, el pa\u00eds ya paga tasas de inter\u00e9s elevadas como si hubiera perdido el grado de inversi\u00f3n, lo que se traduce en un alto costo para el erario.<\/p><p style=\"font-weight: 400;\">\u201cEste gobierno\u00a0ha pagado tasas hist\u00f3ricamente altas. Por encima de la inflaci\u00f3n, m\u00e1s del 7% real.\u00a0Dependiendo de los c\u00e1lculos, el costo adicional puede estar entre 15 y 20 billones de pesos\u201d, indic\u00f3.<\/p><p style=\"font-weight: 400;\">Adem\u00e1s, compar\u00f3 la situaci\u00f3n con la de otros pa\u00edses: \u201cBrasil tiene n\u00fameros fiscales peores que nosotros\u00a0y su tasa de inter\u00e9s es 200 puntos menos que la nuestra. Es un tema de credibilidad institucional\u201d.<\/p><\/div><\/div><\/div><\/div><\/section><\/div><\/div><\/div><p><strong>Fuente: <a href=\"https:\/\/www.rcnradio.com\/\" target=\"_blank\" rel=\"noopener\">RCNRadio<\/a><\/strong><b><\/b><\/p><\/div><\/div><\/div><\/div><\/div><\/div><\/div><\/div><\/div><\/div><\/div><\/header><\/div><\/div><\/div><\/div><\/div><\/div><\/div><\/div><\/div><\/div><\/div><\/div><\/div>\t\t\t\t\t\t\t\t<\/div>\n\t\t\t\t\t<\/div>\n\t\t\t\t<\/div>\n\t\t\t\t<\/div>","protected":false},"excerpt":{"rendered":"<p>Seg\u00fan analista, suspensi\u00f3n de la regla fiscal debilita confianza de los mercados y limita capacidad del BanRep para seguir bajando tasas. La decisi\u00f3n del gobierno colombiano de\u00a0suspender la regla fiscal para 2025\u00a0genera\u00a0presiones sobre el d\u00f3lar, eleva la\u00a0percepci\u00f3n de riesgo\u00a0y limita el margen de acci\u00f3n del\u00a0Banco de la Rep\u00fablica. As\u00ed lo advirti\u00f3\u00a0Felipe Campos, gerente de Estrategia [&hellip;]<\/p>","protected":false},"author":5,"featured_media":33975,"comment_status":"open","ping_status":"open","sticky":false,"template":"","format":"standard","meta":{"_joinchat":[],"footnotes":""},"categories":[27,36,29],"tags":[],"class_list":["post-33974","post","type-post","status-publish","format-standard","has-post-thumbnail","hentry","category-noticias-acl","category-contabilidad","category-tributario"],"_links":{"self":[{"href":"https:\/\/aclco.co\/en\/wp-json\/wp\/v2\/posts\/33974","targetHints":{"allow":["GET"]}}],"collection":[{"href":"https:\/\/aclco.co\/en\/wp-json\/wp\/v2\/posts"}],"about":[{"href":"https:\/\/aclco.co\/en\/wp-json\/wp\/v2\/types\/post"}],"author":[{"embeddable":true,"href":"https:\/\/aclco.co\/en\/wp-json\/wp\/v2\/users\/5"}],"replies":[{"embeddable":true,"href":"https:\/\/aclco.co\/en\/wp-json\/wp\/v2\/comments?post=33974"}],"version-history":[{"count":4,"href":"https:\/\/aclco.co\/en\/wp-json\/wp\/v2\/posts\/33974\/revisions"}],"predecessor-version":[{"id":33980,"href":"https:\/\/aclco.co\/en\/wp-json\/wp\/v2\/posts\/33974\/revisions\/33980"}],"wp:featuredmedia":[{"embeddable":true,"href":"https:\/\/aclco.co\/en\/wp-json\/wp\/v2\/media\/33975"}],"wp:attachment":[{"href":"https:\/\/aclco.co\/en\/wp-json\/wp\/v2\/media?parent=33974"}],"wp:term":[{"taxonomy":"category","embeddable":true,"href":"https:\/\/aclco.co\/en\/wp-json\/wp\/v2\/categories?post=33974"},{"taxonomy":"post_tag","embeddable":true,"href":"https:\/\/aclco.co\/en\/wp-json\/wp\/v2\/tags?post=33974"}],"curies":[{"name":"wp","href":"https:\/\/api.w.org\/{rel}","templated":true}]}}